{"id":13208,"date":"2025-11-23T11:58:03","date_gmt":"2025-11-23T14:58:03","guid":{"rendered":"https:\/\/fatoelado.com\/?p=13208"},"modified":"2025-11-23T11:58:03","modified_gmt":"2025-11-23T14:58:03","slug":"nova-maternidade-oferece-120-vagas-mensais-para-gestantes-de-baixo-risco-no-centro-de-parto-normal","status":"publish","type":"post","link":"https:\/\/fatoelado.com\/?p=13208","title":{"rendered":"Nova Maternidade oferece 120 vagas mensais para gestantes de baixo risco no Centro de Parto Normal"},"content":{"rendered":"<h2 class=\"elementor-heading-title elementor-size-default\" style=\"text-align: center;\">Consulta de vincula\u00e7\u00e3o \u00e9 etapa obrigat\u00f3ria para acesso ao servi\u00e7o.<\/h2>\n<p>&nbsp;<\/p>\n<p>O Centro de Parto Normal (CPN) da Nova Maternidade Dona Evangelina Rosa, em Teresina, tem capacidade para realizar at\u00e9 120 consultas de vincula\u00e7\u00e3o por m\u00eas. O servi\u00e7o \u00e9 voltado para gestantes de baixo risco que desejam ter parto normal na maternidade.\u00a0 A vincula\u00e7\u00e3o \u00e9 o primeiro passo para garantir o acesso ao CPN no momento do parto.<\/p>\n<p>As consultas s\u00e3o ofertadas tr\u00eas vezes por semana: \u00e0s quartas-feiras \u00e0 tarde, e nas manh\u00e3s de quinta e sexta-feira. No atendimento, a equipe reavalia o risco gestacional da paciente com base na ficha de estratifica\u00e7\u00e3o utilizada em todo\u00a0 o estado. A gestante deve ter sido encaminhada pela Unidade B\u00e1sica de Sa\u00fade(UBS) a partir de 34 semanas, com exames laboratoriais e de imagem sem altera\u00e7\u00f5es e sem comorbidades.<\/p>\n<figure id=\"attachment_100495\" class=\"wp-caption alignnone\" aria-describedby=\"caption-attachment-100495\"><img loading=\"lazy\" decoding=\"async\" class=\"size-full wp-image-100495\" src=\"https:\/\/www.pi.gov.br\/wp-content\/uploads\/2025\/11\/b1c46d03-a464-4020-8f2f-89d76769d756.jpeg\" sizes=\"auto, (max-width: 1496px) 100vw, 1496px\" srcset=\"https:\/\/www.pi.gov.br\/wp-content\/uploads\/2025\/11\/b1c46d03-a464-4020-8f2f-89d76769d756.jpeg 1496w, https:\/\/www.pi.gov.br\/wp-content\/uploads\/2025\/11\/b1c46d03-a464-4020-8f2f-89d76769d756-300x201.jpeg 300w, https:\/\/www.pi.gov.br\/wp-content\/uploads\/2025\/11\/b1c46d03-a464-4020-8f2f-89d76769d756-1024x684.jpeg 1024w, https:\/\/www.pi.gov.br\/wp-content\/uploads\/2025\/11\/b1c46d03-a464-4020-8f2f-89d76769d756-768x513.jpeg 768w\" alt=\"\" width=\"1496\" height=\"1000\" \/><figcaption id=\"caption-attachment-100495\" class=\"wp-caption-text\">Foto: Francisco Leal<\/figcaption><\/figure>\n<p>Ainda durante a consulta de vincula\u00e7\u00e3o, a equipe tamb\u00e9m verifica como est\u00e1 sendo o pr\u00e9-natal da gestante e oferece orienta\u00e7\u00f5es detalhadas sobre o parto. \u201cSe ela estiver totalmente dentro dos crit\u00e9rios de baixo risco, a gente faz essa vincula\u00e7\u00e3o. Nesse momento, a gente orienta sobre os sinais de trabalho de parto e o que pode acontecer, inclusive sobre a possibilidade de uma cesariana, caso seja necess\u00e1rio por seguran\u00e7a\u201d, explica a enfermeira obstetra Vanessa Lira.<\/p>\n<figure id=\"attachment_100493\" class=\"wp-caption alignnone\" aria-describedby=\"caption-attachment-100493\"><img loading=\"lazy\" decoding=\"async\" class=\"size-full wp-image-100493\" src=\"https:\/\/www.pi.gov.br\/wp-content\/uploads\/2025\/11\/f567522b-4300-4f8b-8991-7c310dfbd078.jpeg\" sizes=\"auto, (max-width: 1496px) 100vw, 1496px\" srcset=\"https:\/\/www.pi.gov.br\/wp-content\/uploads\/2025\/11\/f567522b-4300-4f8b-8991-7c310dfbd078.jpeg 1496w, https:\/\/www.pi.gov.br\/wp-content\/uploads\/2025\/11\/f567522b-4300-4f8b-8991-7c310dfbd078-300x201.jpeg 300w, https:\/\/www.pi.gov.br\/wp-content\/uploads\/2025\/11\/f567522b-4300-4f8b-8991-7c310dfbd078-1024x684.jpeg 1024w, https:\/\/www.pi.gov.br\/wp-content\/uploads\/2025\/11\/f567522b-4300-4f8b-8991-7c310dfbd078-768x513.jpeg 768w\" alt=\"\" width=\"1496\" height=\"1000\" \/><figcaption id=\"caption-attachment-100493\" class=\"wp-caption-text\">Foto: Francisco Leal<\/figcaption><\/figure>\n<p>A paciente Ana M\u00edria, gr\u00e1vida de 34 semanas, escolheu o CPN para ter seu primeiro filho. \u201cA escolha pela via de parto se deve ao fato de eu conhecer os benef\u00edcios, tanto para mim como para o beb\u00ea e para minha recupera\u00e7\u00e3o. Eu sou enfermeira obstetra, ent\u00e3o eu sei das vantagens, por isso a minha escolha pelo parto normal\u201d, justifica.<\/p>\n<p>A m\u00e3e da rec\u00e9m-nascida Lav\u00ednia, Shara Miranda, buscou o servi\u00e7o ainda no in\u00edcio da gesta\u00e7\u00e3o. Durante o trabalho de parto, utilizou diferentes m\u00e9todos de al\u00edvio da dor e destacou o apoio emocional da equipe como fundamental. \u201cEu escolhi usar a playlist, a gente estava ali em um momento que eu me maquiava entre uma contra\u00e7\u00e3o e outra, dan\u00e7\u00e1vamos, convers\u00e1vamos assuntos aleat\u00f3rios para que eu me distra\u00edsse, tudo para que n\u00e3o focasse somente na dor. E foi isso que fez a Lav\u00ednia ganhar o mundo de forma leve\u201d, disse.<\/p>\n<p>Ap\u00f3s o nascimento, Shara permaneceu com a filha nos bra\u00e7os por cerca de uma hora, em contato direto, antes da realiza\u00e7\u00e3o dos primeiros exames. \u201cAssim que ela nasceu, eu tive o contato pele a pele com ela. Eu e o pai ficamos com nossa beb\u00ea por uma hora, s\u00f3 depois desse tempo e contato mais pr\u00f3ximo que a levaram para fazer os exames\u201d, contou.<\/p>\n<figure id=\"attachment_100494\" class=\"wp-caption alignnone\" aria-describedby=\"caption-attachment-100494\"><img loading=\"lazy\" decoding=\"async\" class=\"size-full wp-image-100494\" src=\"https:\/\/www.pi.gov.br\/wp-content\/uploads\/2025\/11\/9d098997-010c-4a0b-91bd-850492cdc6b9.jpeg\" sizes=\"auto, (max-width: 1496px) 100vw, 1496px\" srcset=\"https:\/\/www.pi.gov.br\/wp-content\/uploads\/2025\/11\/9d098997-010c-4a0b-91bd-850492cdc6b9.jpeg 1496w, https:\/\/www.pi.gov.br\/wp-content\/uploads\/2025\/11\/9d098997-010c-4a0b-91bd-850492cdc6b9-300x201.jpeg 300w, https:\/\/www.pi.gov.br\/wp-content\/uploads\/2025\/11\/9d098997-010c-4a0b-91bd-850492cdc6b9-1024x684.jpeg 1024w, https:\/\/www.pi.gov.br\/wp-content\/uploads\/2025\/11\/9d098997-010c-4a0b-91bd-850492cdc6b9-768x513.jpeg 768w\" alt=\"\" width=\"1496\" height=\"1000\" \/><figcaption id=\"caption-attachment-100494\" class=\"wp-caption-text\">Foto: Francisco Leal<\/figcaption><\/figure>\n<p>O CPN \u00e9 voltado para mulheres com gesta\u00e7\u00f5es de baixo risco e conta com estrutura completa para o trabalho de parto e nascimento. A unidade disp\u00f5e de banheira com \u00e1gua aquecida, bola, cavalinho, chuveiro, leito e ambiente adapt\u00e1vel com luz baixa e m\u00fasica, conforme o plano de parto da gestante. A proposta \u00e9 oferecer um ambiente seguro, acolhedor e que respeite as escolhas da mulher durante o processo.<\/p>\n<p><strong>Como agendar consulta de vincula\u00e7\u00e3o<\/strong><\/p>\n<p>A partir de 34 semanas de gesta\u00e7\u00e3o, a gr\u00e1vida deve procurar a Unidade B\u00e1sica de Sa\u00fade onde realiza o pr\u00e9-natal e solicitar o encaminhamento para a consulta de vincula\u00e7\u00e3o no Centro de Parto Normal da Nova Maternidade Dona Evangelina Rosa. Com o encaminhamento em m\u00e3os, \u00e9 necess\u00e1rio entrar em contato com o Regula Piau\u00ed pelo telefone (86) 2222-7150 para agendar a consulta. No caso de gestantes do interior, o agendamento \u00e9 feito diretamente pela Secretaria de Sa\u00fade do munic\u00edpio de origem.<\/p>\n<p>A consulta de vincula\u00e7\u00e3o \u00e9 o que garante o acesso ao CPN no momento do parto. Ap\u00f3s a avalia\u00e7\u00e3o e confirma\u00e7\u00e3o do perfil de baixo risco, a m\u00e3e recebe a ficha de vincula\u00e7\u00e3o e orienta\u00e7\u00f5es sobre o plano de parto, que deve ser apresentado \u00e0 equipe no dia do nascimento.<\/p>\n<p>&nbsp;<\/p>\n<p>Fonte: Portal pi.Gov<br \/>\nConfira esta e outras mat\u00e9rias na \u00edntegra pelo link: https:\/\/www.pi.gov.br\/nova-maternidade-oferece-120-vagas-mensais-para-gestantes-de-baixo-risco-no-centro-de-parto-normal\/<\/p>\n","protected":false},"excerpt":{"rendered":"<p>Consulta de vincula\u00e7\u00e3o \u00e9 etapa obrigat\u00f3ria para acesso ao servi\u00e7o. &nbsp; O Centro de Parto Normal (CPN) da Nova Maternidade Dona Evangelina Rosa, em Teresina, tem capacidade para realizar at\u00e9 120 consultas de vincula\u00e7\u00e3o por m\u00eas. O servi\u00e7o \u00e9 voltado para gestantes de baixo risco que desejam ter parto normal na maternidade.\u00a0 A vincula\u00e7\u00e3o \u00e9 [&hellip;]<\/p>\n","protected":false},"author":3,"featured_media":13209,"comment_status":"open","ping_status":"open","sticky":false,"template":"","format":"standard","meta":{"om_disable_all_campaigns":false,"_monsterinsights_skip_tracking":false,"_monsterinsights_sitenote_active":false,"_monsterinsights_sitenote_note":"","_monsterinsights_sitenote_category":0,"footnotes":""},"categories":[33,42],"tags":[],"class_list":["post-13208","post","type-post","status-publish","format-standard","has-post-thumbnail","hentry","category-piaui","category-saude"],"jetpack_featured_media_url":"https:\/\/fatoelado.com\/wp-content\/uploads\/2025\/11\/b1c46d03-a464-4020-8f2f-89d76769d756.jpeg","_links":{"self":[{"href":"https:\/\/fatoelado.com\/index.php?rest_route=\/wp\/v2\/posts\/13208","targetHints":{"allow":["GET"]}}],"collection":[{"href":"https:\/\/fatoelado.com\/index.php?rest_route=\/wp\/v2\/posts"}],"about":[{"href":"https:\/\/fatoelado.com\/index.php?rest_route=\/wp\/v2\/types\/post"}],"author":[{"embeddable":true,"href":"https:\/\/fatoelado.com\/index.php?rest_route=\/wp\/v2\/users\/3"}],"replies":[{"embeddable":true,"href":"https:\/\/fatoelado.com\/index.php?rest_route=%2Fwp%2Fv2%2Fcomments&post=13208"}],"version-history":[{"count":1,"href":"https:\/\/fatoelado.com\/index.php?rest_route=\/wp\/v2\/posts\/13208\/revisions"}],"predecessor-version":[{"id":13210,"href":"https:\/\/fatoelado.com\/index.php?rest_route=\/wp\/v2\/posts\/13208\/revisions\/13210"}],"wp:featuredmedia":[{"embeddable":true,"href":"https:\/\/fatoelado.com\/index.php?rest_route=\/wp\/v2\/media\/13209"}],"wp:attachment":[{"href":"https:\/\/fatoelado.com\/index.php?rest_route=%2Fwp%2Fv2%2Fmedia&parent=13208"}],"wp:term":[{"taxonomy":"category","embeddable":true,"href":"https:\/\/fatoelado.com\/index.php?rest_route=%2Fwp%2Fv2%2Fcategories&post=13208"},{"taxonomy":"post_tag","embeddable":true,"href":"https:\/\/fatoelado.com\/index.php?rest_route=%2Fwp%2Fv2%2Ftags&post=13208"}],"curies":[{"name":"wp","href":"https:\/\/api.w.org\/{rel}","templated":true}]}}