{"id":13107,"date":"2025-11-21T12:09:38","date_gmt":"2025-11-21T15:09:38","guid":{"rendered":"https:\/\/fatoelado.com\/?p=13107"},"modified":"2025-11-21T12:09:38","modified_gmt":"2025-11-21T15:09:38","slug":"governo-vai-investir-mais-de-r-4-milhoes-na-reforma-do-campus-da-uespi-em-sao-raimundo-nonato","status":"publish","type":"post","link":"https:\/\/fatoelado.com\/?p=13107","title":{"rendered":"Governo vai investir mais de R$ 4 milh\u00f5es na reforma do campus da Uespi, em S\u00e3o Raimundo Nonato"},"content":{"rendered":"<h2 class=\"elementor-heading-title elementor-size-default\" style=\"text-align: center;\">O projeto de reforma inclui melhorias estruturais, requalifica\u00e7\u00e3o de ambientes acad\u00eamicos, revis\u00e3o das instala\u00e7\u00f5es el\u00e9tricas e hidr\u00e1ulicas e a cria\u00e7\u00e3o de novos espa\u00e7os.<\/h2>\n<p>&nbsp;<\/p>\n<p>O Instituto de Desenvolvimento do Piau\u00ed (Idepi) anuncia a reforma e a amplia\u00e7\u00e3o do campus professor Ariston Dias Lima da Universidade Estadual do Piau\u00ed (Uespi), em S\u00e3o Raimundo Nonato. Com investimento de R$ 4.390.000, a interven\u00e7\u00e3o come\u00e7a j\u00e1 no pr\u00f3ximo m\u00eas de dezembro e tem entrega prevista para o final de 2026. A iniciativa integra um conjunto de a\u00e7\u00f5es que visam modernizar a estrutura dos campi da Uespi em v\u00e1rias regi\u00f5es do Piau\u00ed.<\/p>\n<p>O projeto de reforma inclui melhorias estruturais, requalifica\u00e7\u00e3o de ambientes acad\u00eamicos, revis\u00e3o das instala\u00e7\u00f5es el\u00e9tricas e hidr\u00e1ulicas e a cria\u00e7\u00e3o de novos espa\u00e7os voltados ao ensino, pesquisa e extens\u00e3o. A amplia\u00e7\u00e3o prev\u00ea a constru\u00e7\u00e3o de \u00e1reas adicionais para atividades administrativas e pedag\u00f3gicas, garantindo mais conforto e funcionalidade para estudantes, professores e servidores.<\/p>\n<p><img loading=\"lazy\" decoding=\"async\" class=\"alignnone size-full wp-image-100264\" src=\"https:\/\/www.pi.gov.br\/wp-content\/uploads\/2025\/11\/uespi-sao-raimundo-nonato.jpeg\" sizes=\"auto, (max-width: 1600px) 100vw, 1600px\" srcset=\"https:\/\/www.pi.gov.br\/wp-content\/uploads\/2025\/11\/uespi-sao-raimundo-nonato.jpeg 1600w, https:\/\/www.pi.gov.br\/wp-content\/uploads\/2025\/11\/uespi-sao-raimundo-nonato-300x225.jpeg 300w, https:\/\/www.pi.gov.br\/wp-content\/uploads\/2025\/11\/uespi-sao-raimundo-nonato-1024x768.jpeg 1024w, https:\/\/www.pi.gov.br\/wp-content\/uploads\/2025\/11\/uespi-sao-raimundo-nonato-768x576.jpeg 768w, https:\/\/www.pi.gov.br\/wp-content\/uploads\/2025\/11\/uespi-sao-raimundo-nonato-1536x1152.jpeg 1536w\" alt=\"\" width=\"1600\" height=\"1200\" \/><\/p>\n<p>Para o diretor-geral do Idepi, Felipe Eul\u00e1lio, a obra representa mais um passo nas a\u00e7\u00f5es estrat\u00e9gicas que o Instituto vem executando nos campi da Uespi. \u201cO Idepi tem conduzido um n\u00famero crescente de reformas e amplia\u00e7\u00f5es, sempre com o objetivo de fortalecer a infraestrutura da universidade e promover melhores condi\u00e7\u00f5es de aprendizado em todo o estado. E, o campus de S\u00e3o Raimundo Nonato \u00e9 uma prioridade por seu papel regional no interior do Piau\u00ed\u201d, afirma o diretor.<\/p>\n<p>O diretor de Engenharia do Idepi, Fabrizio Feitosa, explica que a interven\u00e7\u00e3o no campus contemplar\u00e1 servi\u00e7os de recupera\u00e7\u00e3o estrutural, adequa\u00e7\u00e3o de salas de aula, moderniza\u00e7\u00e3o dos laborat\u00f3rios, revitaliza\u00e7\u00e3o de \u00e1reas comuns e melhoria da acessibilidade. \u201cEsta amplia\u00e7\u00e3o criar\u00e1 novos ambientes que atender\u00e3o as demandas crescentes do corpo de alunos, professores e funcion\u00e1rios, oferecendo uma estrutura mais completa e alinhada \u00e0s necessidades atuais da educa\u00e7\u00e3o superior\u201d, assinala Fabrizio Feitosa.<\/p>\n<p>&nbsp;<\/p>\n<p>Fonte: Portal pi.Gov<br \/>\nConfira esta e outras mat\u00e9rias na \u00edntegra pelo link: https:\/\/www.pi.gov.br\/governo-vai-investir-mais-de-r-4-milhoes-na-reforma-do-campus-da-uespi-em-sao-raimundo-nonato\/<\/p>\n","protected":false},"excerpt":{"rendered":"<p>O projeto de reforma inclui melhorias estruturais, requalifica\u00e7\u00e3o de ambientes acad\u00eamicos, revis\u00e3o das instala\u00e7\u00f5es el\u00e9tricas e hidr\u00e1ulicas e a cria\u00e7\u00e3o de novos espa\u00e7os. &nbsp; O Instituto de Desenvolvimento do Piau\u00ed (Idepi) anuncia a reforma e a amplia\u00e7\u00e3o do campus professor Ariston Dias Lima da Universidade Estadual do Piau\u00ed (Uespi), em S\u00e3o Raimundo Nonato. Com investimento [&hellip;]<\/p>\n","protected":false},"author":3,"featured_media":13108,"comment_status":"open","ping_status":"open","sticky":false,"template":"","format":"standard","meta":{"om_disable_all_campaigns":false,"_monsterinsights_skip_tracking":false,"_monsterinsights_sitenote_active":false,"_monsterinsights_sitenote_note":"","_monsterinsights_sitenote_category":0,"footnotes":""},"categories":[33],"tags":[],"class_list":["post-13107","post","type-post","status-publish","format-standard","has-post-thumbnail","hentry","category-piaui"],"jetpack_featured_media_url":"https:\/\/fatoelado.com\/wp-content\/uploads\/2025\/11\/uespi-sao-raimundo-nonato.jpeg","_links":{"self":[{"href":"https:\/\/fatoelado.com\/index.php?rest_route=\/wp\/v2\/posts\/13107","targetHints":{"allow":["GET"]}}],"collection":[{"href":"https:\/\/fatoelado.com\/index.php?rest_route=\/wp\/v2\/posts"}],"about":[{"href":"https:\/\/fatoelado.com\/index.php?rest_route=\/wp\/v2\/types\/post"}],"author":[{"embeddable":true,"href":"https:\/\/fatoelado.com\/index.php?rest_route=\/wp\/v2\/users\/3"}],"replies":[{"embeddable":true,"href":"https:\/\/fatoelado.com\/index.php?rest_route=%2Fwp%2Fv2%2Fcomments&post=13107"}],"version-history":[{"count":1,"href":"https:\/\/fatoelado.com\/index.php?rest_route=\/wp\/v2\/posts\/13107\/revisions"}],"predecessor-version":[{"id":13109,"href":"https:\/\/fatoelado.com\/index.php?rest_route=\/wp\/v2\/posts\/13107\/revisions\/13109"}],"wp:featuredmedia":[{"embeddable":true,"href":"https:\/\/fatoelado.com\/index.php?rest_route=\/wp\/v2\/media\/13108"}],"wp:attachment":[{"href":"https:\/\/fatoelado.com\/index.php?rest_route=%2Fwp%2Fv2%2Fmedia&parent=13107"}],"wp:term":[{"taxonomy":"category","embeddable":true,"href":"https:\/\/fatoelado.com\/index.php?rest_route=%2Fwp%2Fv2%2Fcategories&post=13107"},{"taxonomy":"post_tag","embeddable":true,"href":"https:\/\/fatoelado.com\/index.php?rest_route=%2Fwp%2Fv2%2Ftags&post=13107"}],"curies":[{"name":"wp","href":"https:\/\/api.w.org\/{rel}","templated":true}]}}