{"id":13104,"date":"2025-11-21T12:08:31","date_gmt":"2025-11-21T15:08:31","guid":{"rendered":"https:\/\/fatoelado.com\/?p=13104"},"modified":"2025-11-21T12:08:31","modified_gmt":"2025-11-21T15:08:31","slug":"semarh-reforca-monitoramento-na-lagoa-do-portinho-e-descarta-anormalidades-no-volume-de-agua","status":"publish","type":"post","link":"https:\/\/fatoelado.com\/?p=13104","title":{"rendered":"Semarh refor\u00e7a monitoramento na Lagoa do Portinho e descarta anormalidades no volume de \u00e1gua"},"content":{"rendered":"<h2 class=\"elementor-heading-title elementor-size-default\" style=\"text-align: center;\">At\u00e9 o momento, n\u00e3o foram identificadas anormalidades graves que indiquem seca extrema ou interven\u00e7\u00e3o indevida.<\/h2>\n<p>&nbsp;<\/p>\n<p>A Secretaria do Meio Ambiente e Recursos H\u00eddricos do Piau\u00ed (Semarh) informa que est\u00e1 acompanhando de forma permanente a situa\u00e7\u00e3o da Lagoa do Portinho, ap\u00f3s a circula\u00e7\u00e3o de v\u00eddeos que sugerem redu\u00e7\u00e3o acentuada do volume de \u00e1gua e poss\u00edveis desvios no local.<\/p>\n<p>T\u00e9cnicos da Semarh realizaram, recentemente, a\u00e7\u00f5es de monitoramento e fiscaliza\u00e7\u00e3o na \u00e1rea e constataram que as varia\u00e7\u00f5es observadas no n\u00edvel da lagoa est\u00e3o, em grande parte, relacionadas ao ciclo h\u00eddrico natural da regi\u00e3o. At\u00e9 o momento, n\u00e3o foram identificadas anormalidades graves que indiquem seca extrema ou interven\u00e7\u00e3o indevida.<\/p>\n<p><img loading=\"lazy\" decoding=\"async\" class=\"wp-image-100276 size-full aligncenter\" src=\"https:\/\/www.pi.gov.br\/wp-content\/uploads\/2025\/11\/WhatsApp-Image-2025-11-21-at-09.44.57.jpeg\" sizes=\"auto, (max-width: 750px) 100vw, 750px\" srcset=\"https:\/\/www.pi.gov.br\/wp-content\/uploads\/2025\/11\/WhatsApp-Image-2025-11-21-at-09.44.57.jpeg 750w, https:\/\/www.pi.gov.br\/wp-content\/uploads\/2025\/11\/WhatsApp-Image-2025-11-21-at-09.44.57-300x169.jpeg 300w\" alt=\"\" width=\"750\" height=\"422\" \/><\/p>\n<p>O secret\u00e1rio da Semarh, Feliphe Ara\u00fajo, refor\u00e7a que o acompanhamento seguir\u00e1 intensificado. \u201cNossos t\u00e9cnicos avaliaram a Lagoa do Portinho e verificaram que a redu\u00e7\u00e3o de \u00e1gua decorre, majoritariamente do ,comportamento natural do ciclo h\u00eddrico. Neste momento, n\u00e3o h\u00e1 indica\u00e7\u00e3o de problema grave. Continuaremos com monitoramentos frequentes ao longo de novembro e dezembro, garantindo responsabilidade, transpar\u00eancia e o cuidado necess\u00e1rio com este importante recurso ambiental\u201d, afirma o gestor.<\/p>\n<p>A Semarh destaca ainda que qualquer den\u00fancia relacionada \u00e0 \u00e1rea pode ser encaminhada diretamente \u00e0 Pol\u00edcia Ambiental, pelo telefone 190, assegurando resposta c\u00e9lere e os devidos encaminhamentos.<\/p>\n<p><img loading=\"lazy\" decoding=\"async\" class=\"alignnone wp-image-100277 size-full\" src=\"https:\/\/www.pi.gov.br\/wp-content\/uploads\/2025\/11\/WhatsApp-Image-2025-11-21-at-09.45.12.jpeg\" sizes=\"auto, (max-width: 1600px) 100vw, 1600px\" srcset=\"https:\/\/www.pi.gov.br\/wp-content\/uploads\/2025\/11\/WhatsApp-Image-2025-11-21-at-09.45.12.jpeg 1600w, https:\/\/www.pi.gov.br\/wp-content\/uploads\/2025\/11\/WhatsApp-Image-2025-11-21-at-09.45.12-300x169.jpeg 300w, https:\/\/www.pi.gov.br\/wp-content\/uploads\/2025\/11\/WhatsApp-Image-2025-11-21-at-09.45.12-1024x576.jpeg 1024w, https:\/\/www.pi.gov.br\/wp-content\/uploads\/2025\/11\/WhatsApp-Image-2025-11-21-at-09.45.12-768x432.jpeg 768w, https:\/\/www.pi.gov.br\/wp-content\/uploads\/2025\/11\/WhatsApp-Image-2025-11-21-at-09.45.12-1536x864.jpeg 1536w\" alt=\"\" width=\"1600\" height=\"900\" \/><\/p>\n<p>&nbsp;<\/p>\n<p>Fonte: Portal pi.Gov<br \/>\nConfira esta e outras mat\u00e9rias na \u00edntegra pelo link: https:\/\/www.pi.gov.br\/semarh-reforca-monitoramento-na-lagoa-do-portinho-e-descarta-anormalidades-no-volume-de-agua\/<\/p>\n","protected":false},"excerpt":{"rendered":"<p>At\u00e9 o momento, n\u00e3o foram identificadas anormalidades graves que indiquem seca extrema ou interven\u00e7\u00e3o indevida. &nbsp; A Secretaria do Meio Ambiente e Recursos H\u00eddricos do Piau\u00ed (Semarh) informa que est\u00e1 acompanhando de forma permanente a situa\u00e7\u00e3o da Lagoa do Portinho, ap\u00f3s a circula\u00e7\u00e3o de v\u00eddeos que sugerem redu\u00e7\u00e3o acentuada do volume de \u00e1gua e poss\u00edveis [&hellip;]<\/p>\n","protected":false},"author":3,"featured_media":13105,"comment_status":"open","ping_status":"open","sticky":false,"template":"","format":"standard","meta":{"om_disable_all_campaigns":false,"_monsterinsights_skip_tracking":false,"_monsterinsights_sitenote_active":false,"_monsterinsights_sitenote_note":"","_monsterinsights_sitenote_category":0,"footnotes":""},"categories":[33],"tags":[],"class_list":["post-13104","post","type-post","status-publish","format-standard","has-post-thumbnail","hentry","category-piaui"],"jetpack_featured_media_url":"https:\/\/fatoelado.com\/wp-content\/uploads\/2025\/11\/WhatsApp-Image-2025-11-21-at-09.44.57.jpeg","_links":{"self":[{"href":"https:\/\/fatoelado.com\/index.php?rest_route=\/wp\/v2\/posts\/13104","targetHints":{"allow":["GET"]}}],"collection":[{"href":"https:\/\/fatoelado.com\/index.php?rest_route=\/wp\/v2\/posts"}],"about":[{"href":"https:\/\/fatoelado.com\/index.php?rest_route=\/wp\/v2\/types\/post"}],"author":[{"embeddable":true,"href":"https:\/\/fatoelado.com\/index.php?rest_route=\/wp\/v2\/users\/3"}],"replies":[{"embeddable":true,"href":"https:\/\/fatoelado.com\/index.php?rest_route=%2Fwp%2Fv2%2Fcomments&post=13104"}],"version-history":[{"count":1,"href":"https:\/\/fatoelado.com\/index.php?rest_route=\/wp\/v2\/posts\/13104\/revisions"}],"predecessor-version":[{"id":13106,"href":"https:\/\/fatoelado.com\/index.php?rest_route=\/wp\/v2\/posts\/13104\/revisions\/13106"}],"wp:featuredmedia":[{"embeddable":true,"href":"https:\/\/fatoelado.com\/index.php?rest_route=\/wp\/v2\/media\/13105"}],"wp:attachment":[{"href":"https:\/\/fatoelado.com\/index.php?rest_route=%2Fwp%2Fv2%2Fmedia&parent=13104"}],"wp:term":[{"taxonomy":"category","embeddable":true,"href":"https:\/\/fatoelado.com\/index.php?rest_route=%2Fwp%2Fv2%2Fcategories&post=13104"},{"taxonomy":"post_tag","embeddable":true,"href":"https:\/\/fatoelado.com\/index.php?rest_route=%2Fwp%2Fv2%2Ftags&post=13104"}],"curies":[{"name":"wp","href":"https:\/\/api.w.org\/{rel}","templated":true}]}}