{"id":13095,"date":"2025-11-21T12:03:40","date_gmt":"2025-11-21T15:03:40","guid":{"rendered":"https:\/\/fatoelado.com\/?p=13095"},"modified":"2025-11-21T12:03:40","modified_gmt":"2025-11-21T15:03:40","slug":"achei-que-era-menopausa-mulher-viveu-por-anos-com-alergias-calor-e-dores-sem-saber-que-tinha-um-cancer-raro","status":"publish","type":"post","link":"https:\/\/fatoelado.com\/?p=13095","title":{"rendered":"\u2018Achei que era menopausa\u2019: mulher viveu por anos com alergias, calor e dores sem saber que tinha um c\u00e2ncer raro"},"content":{"rendered":"<h2 class=\"content-head__subtitle\" style=\"text-align: center;\">Paciente passou seis anos entre sintomas difusos at\u00e9 descobrir um tumor neuroend\u00f3crino no intestino delgado; especialistas explicam como funciona esse tipo de c\u00e2ncer, por que ele confunde m\u00e9dicos e como \u00e9 o tratamento.<\/h2>\n<p>&nbsp;<\/p>\n<div id=\"chunk-5drqd\">\n<div class=\"mc-column content-text active-extra-styles \" data-block-type=\"unstyled\" data-block-weight=\"24\" data-block-id=\"3\">\n<p class=\" content-text__container \" data-track-category=\"Link no Texto\" data-track-links=\"\" data-mrf-recirculation=\"Mat\u00e9ria - Links no Texto\">Durante boa parte da \u00faltima d\u00e9cada, a paulista Rosana Martinez, 62, viveu com\u00a0<strong>sintomas para os quais nenhum m\u00e9dico conseguia dar uma resposta<\/strong>.<\/p>\n<\/div>\n<\/div>\n<div class=\"wall protected-content\">\n<div id=\"chunk-2j8v2\">\n<div class=\"mc-column content-text active-extra-styles \" data-block-type=\"unstyled\" data-block-weight=\"33\" data-block-id=\"5\">\n<p class=\" content-text__container \" data-track-category=\"Link no Texto\" data-track-links=\"\" data-mrf-recirculation=\"Mat\u00e9ria - Links no Texto\">O que come\u00e7ou como\u00a0<strong>calor intenso e alergia ap\u00f3s o banho<\/strong>\u00a0evoluiu para\u00a0<span class=\"highlight highlighted\">rubor no rosto, estufamento, dor de est\u00f4mago, taquicardia, falta de ar e epis\u00f3dios que ela descreve como um \u201cquase infarto\u201d<\/span>.<\/p>\n<\/div>\n<\/div>\n<div id=\"chunk-1tvcq\">\n<div class=\"mc-column content-text active-extra-styles \" data-block-type=\"unstyled\" data-block-weight=\"18\" data-block-id=\"6\">\n<p class=\" content-text__container \" data-track-category=\"Link no Texto\" data-track-links=\"\" data-mrf-recirculation=\"Mat\u00e9ria - Links no Texto\">\u201cEu acordava \u00e0 noite sem ar, com o cora\u00e7\u00e3o disparado. Achava que ia morrer\u201d, conta Rosana ao<strong>\u00a0g1<\/strong>.<\/p>\n<\/div>\n<\/div>\n<div id=\"chunk-c7e6o\">\n<div class=\"mc-column content-text active-extra-styles \" data-block-type=\"unstyled\" data-block-weight=\"41\" data-block-id=\"7\">\n<p class=\" content-text__container \" data-track-category=\"Link no Texto\" data-track-links=\"\" data-mrf-recirculation=\"Mat\u00e9ria - Links no Texto\">Ela passou por ginecologistas, neurologistas, gastroenterologistas e realizou uma bateria de exames, mas nada aparecia. A explica\u00e7\u00e3o mais frequente era sempre a mesma:\u00a0<strong>\u201cdeve ser menopausa\u201d<\/strong>. N\u00e3o era. Era um c\u00e2ncer raro,\u00a0<span class=\"highlight highlighted\">que se enquadrava na categoria de tumores neuroend\u00f3crinos (TNEs)<\/span>.<\/p>\n<\/div>\n<\/div>\n<div id=\"chunk-5nthf\">\n<div class=\"content-ads content-ads--reveal\" data-block-type=\"ads\" data-block-id=\"8\">\n<div id=\"banner_materia2\" class=\"tag-manager-publicidade-container tag-manager-publicidade-banner_materia2 tag-manager-publicidade-container--carregado tag-manager-publicidade-container--visivel\" data-google-query-id=\"CNGG-sbBg5EDFfaqYQYdihUieQ\">\n<div id=\"google_ads_iframe_\/95377733\/tvg_G1\/Saude_3__container__\"><img decoding=\"async\" class=\"i-amphtml-fill-content i-amphtml-replaced-content aligncenter\" src=\"https:\/\/s2-g1.glbimg.com\/PApbiu5XDA57aNSGXTsQMVVVwPc=\/0x0:960x1280\/984x0\/smart\/filters:strip_icc()\/i.s3.glbimg.com\/v1\/AUTH_59edd422c0c84a879bd37670ae4f538a\/internal_photos\/bs\/2025\/b\/A\/0zfRTvRtA4cnZJD4npiQ\/whatsapp-image-2025-11-18-at-12.23.08.jpeg\" sizes=\"(max-width: 1280px) 648px, 100vw\" srcset=\"https:\/\/s2-g1.glbimg.com\/mlz3R8fJiHcPRuRevXRJ5N7MFyU=\/0x0:960x1280\/1000x0\/smart\/filters:strip_icc()\/i.s3.glbimg.com\/v1\/AUTH_59edd422c0c84a879bd37670ae4f538a\/internal_photos\/bs\/2025\/b\/A\/0zfRTvRtA4cnZJD4npiQ\/whatsapp-image-2025-11-18-at-12.23.08.jpeg 1000w, https:\/\/s2-g1.glbimg.com\/PApbiu5XDA57aNSGXTsQMVVVwPc=\/0x0:960x1280\/984x0\/smart\/filters:strip_icc()\/i.s3.glbimg.com\/v1\/AUTH_59edd422c0c84a879bd37670ae4f538a\/internal_photos\/bs\/2025\/b\/A\/0zfRTvRtA4cnZJD4npiQ\/whatsapp-image-2025-11-18-at-12.23.08.jpeg 984w, https:\/\/s2-g1.glbimg.com\/-H8vzzchw_z9qWfJlrUHFYxz29w=\/0x0:960x1280\/640x0\/smart\/filters:strip_icc()\/i.s3.glbimg.com\/v1\/AUTH_59edd422c0c84a879bd37670ae4f538a\/internal_photos\/bs\/2025\/b\/A\/0zfRTvRtA4cnZJD4npiQ\/whatsapp-image-2025-11-18-at-12.23.08.jpeg 640w, https:\/\/s2-g1.glbimg.com\/MSxc9is0-Yl9kD0md1u_trjg6Cc=\/0x0:960x1280\/600x0\/smart\/filters:strip_icc()\/i.s3.glbimg.com\/v1\/AUTH_59edd422c0c84a879bd37670ae4f538a\/internal_photos\/bs\/2025\/b\/A\/0zfRTvRtA4cnZJD4npiQ\/whatsapp-image-2025-11-18-at-12.23.08.jpeg 600w\" alt=\"Rosana Martinez, paciente com tumor neuroend\u00f3crino \u2014 Foto: Arquivo Pessoal\" \/>Rosana Martinez, paciente com tumor neuroend\u00f3crino \u2014 Foto: Arquivo Pessoal<\/div>\n<\/div>\n<\/div>\n<\/div>\n<div id=\"chunk-jvmi\">\n<div class=\"mc-column content-text active-extra-styles \" data-block-type=\"unstyled\" data-block-weight=\"39\" data-block-id=\"10\">\n<p class=\" content-text__container \" data-track-category=\"Link no Texto\" data-track-links=\"\" data-mrf-recirculation=\"Mat\u00e9ria - Links no Texto\">O quadro s\u00f3 come\u00e7ou a mudar depois de uma dor abdominal t\u00e3o intensa que a impediu de ficar em p\u00e9 e a fez correr ao pronto-socorro. A partir dali, a longa trilha at\u00e9 o diagn\u00f3stico come\u00e7ou a se desenhar.<\/p>\n<\/div>\n<\/div>\n<div id=\"chunk-d6540\">\n<div class=\"mc-column content-text active-extra-styles\" data-block-type=\"raw\" data-block-weight=\"4\" data-block-id=\"11\">\n<p class=\"content-text__container\" data-mrf-recirculation=\"Mat\u00e9ria - Links no Texto\">\n<div class=\"content-intertitle\">\n<h2>O tumor no f\u00edgado<\/h2>\n<\/div>\n<\/div>\n<\/div>\n<div id=\"chunk-94phm\">\n<div class=\"mc-column content-text active-extra-styles \" data-block-type=\"unstyled\" data-block-weight=\"67\" data-block-id=\"12\">\n<p class=\" content-text__container \" data-track-category=\"Link no Texto\" data-track-links=\"\" data-mrf-recirculation=\"Mat\u00e9ria - Links no Texto\">A primeira grande pista surgiu em uma resson\u00e2ncia magn\u00e9tica:\u00a0<strong>um tumor de 5 cm no f\u00edgado<\/strong>. O achado assustou, mas n\u00e3o resolvia o enigma. A bi\u00f3psia descreveu o\u00a0<span class=\"highlight highlighted\">tumor como neuroend\u00f3crino<\/span>, mas esse tipo de c\u00e2ncer raramente t\u00eam origem no f\u00edgado \u2013e, por isso, ele provavelmente era uma met\u00e1stase. O problema \u00e9 que nem o exame de imagem mais completo, o PET-CT, apontava a origem daquele tumor.<\/p>\n<\/div>\n<\/div>\n<div id=\"chunk-d6nlp\">\n<div class=\"mc-column content-text active-extra-styles \" data-block-type=\"unstyled\" data-block-weight=\"20\" data-block-id=\"14\">\n<p class=\" content-text__container \" data-track-category=\"Link no Texto\" data-track-links=\"\" data-mrf-recirculation=\"Mat\u00e9ria - Links no Texto\">&#8220;O m\u00e9dico me disse: &#8216;Se o tumor prim\u00e1rio for no f\u00edgado, vamos escrever um artigo, porque seria extremamente raro&#8217;\u201d, conta.<\/p>\n<\/div>\n<\/div>\n<div id=\"chunk-4q0n0\">\n<div class=\"mc-column content-text active-extra-styles \" data-block-type=\"unstyled\" data-block-weight=\"30\" data-block-id=\"15\">\n<p class=\" content-text__container \" data-track-category=\"Link no Texto\" data-track-links=\"\" data-mrf-recirculation=\"Mat\u00e9ria - Links no Texto\">Um PET-CT espec\u00edfico para tumores neuroend\u00f3crinos trouxe finalmente a resposta:<strong>\u00a0o tumor original estava no intestino delgado e tinha apenas 1 cm<\/strong>, pequeno demais para ter sido detectado antes.<\/p>\n<\/div>\n<\/div>\n<div id=\"chunk-dapg2\">\n<div class=\"mc-column content-text active-extra-styles \" data-block-type=\"unstyled\" data-block-weight=\"29\" data-block-id=\"16\">\n<p class=\" content-text__container \" data-track-category=\"Link no Texto\" data-track-links=\"\" data-mrf-recirculation=\"Mat\u00e9ria - Links no Texto\">Rosana passou por cirurgia, retirou o tumor intestinal e parte do f\u00edgado, e voltou para casa com a recomenda\u00e7\u00e3o de fazer exames peri\u00f3dicos para vigiar a possibilidade de recidiva.<\/p>\n<\/div>\n<\/div>\n<div id=\"chunk-61egl\">\n<div class=\"mc-column content-text active-extra-styles\" data-block-type=\"raw\" data-block-weight=\"10\" data-block-id=\"17\">\n<p class=\"content-text__container\" data-mrf-recirculation=\"Mat\u00e9ria - Links no Texto\">\n<div class=\"content-intertitle\">\n<h2>O que s\u00e3o tumores neuroend\u00f3crinos e por que confundem tanto<\/h2>\n<\/div>\n<\/div>\n<\/div>\n<div id=\"chunk-fj9js\">\n<div class=\"mc-column content-text active-extra-styles \" data-block-type=\"unstyled\" data-block-weight=\"46\" data-block-id=\"18\">\n<p class=\" content-text__container \" data-track-category=\"Link no Texto\" data-track-links=\"\" data-mrf-recirculation=\"Mat\u00e9ria - Links no Texto\">Os tumores neuroend\u00f3crinos (TNEs) se originam de c\u00e9lulas chamadas neuroend\u00f3crinas,\u00a0<strong>respons\u00e1veis por fazer a ponte entre o sistema nervoso e o sistema hormonal<\/strong>. Elas est\u00e3o espalhadas por v\u00e1rios \u00f3rg\u00e3os \u2013especialmente intestino, p\u00e2ncreas, pulm\u00e3o e est\u00f4mago\u2013 e\u00a0<span class=\"highlight highlighted\">funcionam como mensageiras, liberando horm\u00f4nios conforme est\u00edmulos recebidos do c\u00e9rebro<\/span>.<\/p>\n<\/div>\n<\/div>\n<div id=\"chunk-b81le\">\n<div class=\"mc-column content-text active-extra-styles \" data-block-type=\"unstyled\" data-block-weight=\"24\" data-block-id=\"19\">\n<p class=\" content-text__container \" data-track-category=\"Link no Texto\" data-track-links=\"\" data-mrf-recirculation=\"Mat\u00e9ria - Links no Texto\">Quando se tornam cancerosas, podem produzir horm\u00f4nios em excesso, criando sintomas que lembram doen\u00e7as comuns. \u00c9 por isso que esses tumores frequentemente passam despercebidos.<\/p>\n<\/div>\n<\/div>\n<div id=\"chunk-6ddck\">\n<div class=\"mc-column content-text active-extra-styles \" data-block-type=\"unstyled\" data-block-weight=\"20\" data-block-id=\"20\">\n<p class=\" content-text__container \" data-track-category=\"Link no Texto\" data-track-links=\"\" data-mrf-recirculation=\"Mat\u00e9ria - Links no Texto\">Segundo a oncologista Rachel Riechelmann, do AC Camargo C\u00e2ncer Center, esse \u00e9 um dos principais motivos do atraso no diagn\u00f3stico.<\/p>\n<\/div>\n<\/div>\n<div id=\"chunk-4mfip\">\n<div class=\"mc-column content-text active-extra-styles \" data-block-type=\"unstyled\" data-block-weight=\"30\" data-block-id=\"21\">\n<p class=\" content-text__container \" data-track-category=\"Link no Texto\" data-track-links=\"\" data-mrf-recirculation=\"Mat\u00e9ria - Links no Texto\">\u201cOs tumores neuroend\u00f3crinos n\u00e3o s\u00e3o raros, mas s\u00e3o menos comuns \u2013ent\u00e3o n\u00e3o s\u00e3o a primeira hip\u00f3tese diante de sintomas como diarreia, calor\u00f5es, alergias e dor abdominal persistente\u201d, explica a m\u00e9dica.<\/p>\n<\/div>\n<\/div>\n<div id=\"chunk-2ta6m\">\n<div class=\"mc-column content-text active-extra-styles \" data-block-type=\"unstyled\" data-block-weight=\"21\" data-block-id=\"23\">\n<p class=\" content-text__container \" data-track-category=\"Link no Texto\" data-track-links=\"\" data-mrf-recirculation=\"Mat\u00e9ria - Links no Texto\">Os tumores do intestino delgado, como o de Rosana, est\u00e3o entre os mais frequentes, seguidos pelos do p\u00e2ncreas e do pulm\u00e3o.<\/p>\n<\/div>\n<\/div>\n<div id=\"chunk-av52t\">\n<div class=\"mc-column content-text active-extra-styles\" data-block-type=\"raw\" data-block-weight=\"5\" data-block-id=\"24\">\n<p class=\"content-text__container\" data-mrf-recirculation=\"Mat\u00e9ria - Links no Texto\">\n<div class=\"content-intertitle\">\n<h2>Nova les\u00e3o ap\u00f3s seis anos<\/h2>\n<\/div>\n<\/div>\n<\/div>\n<div id=\"chunk-di2h4\">\n<div class=\"mc-column content-text active-extra-styles \" data-block-type=\"unstyled\" data-block-weight=\"9\" data-block-id=\"25\">\n<p class=\" content-text__container \" data-track-category=\"Link no Texto\" data-track-links=\"\" data-mrf-recirculation=\"Mat\u00e9ria - Links no Texto\">Tumores neuroend\u00f3crinos nem sempre seguem uma trajet\u00f3ria linear.<\/p>\n<\/div>\n<\/div>\n<div id=\"chunk-4iqsu\">\n<div class=\"mc-column content-text active-extra-styles \" data-block-type=\"unstyled\" data-block-weight=\"40\" data-block-id=\"26\">\n<p class=\" content-text__container \" data-track-category=\"Link no Texto\" data-track-links=\"\" data-mrf-recirculation=\"Mat\u00e9ria - Links no Texto\">Seis anos ap\u00f3s a primeira cirurgia, Rosana fez um novo PET, que identificou uma\u00a0<strong>les\u00e3o no retroperit\u00f4nio<\/strong>, \u00e1rea profunda do abd\u00f4men. Ela buscou avalia\u00e7\u00e3o do oncologista que a acompanhava e operou mais uma vez. A remiss\u00e3o durou at\u00e9 2022.<\/p>\n<\/div>\n<\/div>\n<div id=\"chunk-7u509\">\n<div class=\"mc-column content-text active-extra-styles \" data-block-type=\"unstyled\" data-block-weight=\"38\" data-block-id=\"27\">\n<p class=\" content-text__container \" data-track-category=\"Link no Texto\" data-track-links=\"\" data-mrf-recirculation=\"Mat\u00e9ria - Links no Texto\">Naquele ano,\u00a0<strong>a mancha retroperitoneal voltou a aparecer, muito pequena<\/strong>. Dessa vez, a equipe m\u00e9dica optou por uma alternativa sem cirurgia:\u00a0<span class=\"highlight highlighted\">inje\u00e7\u00f5es mensais de an\u00e1logos de somatostatina<\/span>, medicamentos que bloqueiam horm\u00f4nios produzidos pelo tumor e retardam seu crescimento.<\/p>\n<\/div>\n<\/div>\n<div id=\"chunk-47pga\">\n<div class=\"mc-column content-text active-extra-styles \" data-block-type=\"unstyled\" data-block-weight=\"21\" data-block-id=\"28\">\n<p class=\" content-text__container \" data-track-category=\"Link no Texto\" data-track-links=\"\" data-mrf-recirculation=\"Mat\u00e9ria - Links no Texto\">Foram tr\u00eas anos seguidos de tratamento. Hoje, ela est\u00e1 sem medica\u00e7\u00e3o e apenas em acompanhamento, com exames a cada seis meses.<\/p>\n<\/div>\n<\/div>\n<div id=\"chunk-1akpm\">\n<div class=\"mc-column content-text active-extra-styles\" data-block-type=\"raw\" data-block-weight=\"10\" data-block-id=\"29\">\n<blockquote class=\"content-blockquote theme-border-color-primary-before\"><p>\u201cMeu tumor est\u00e1 quietinho, controlado. \u00c9 s\u00f3 uma manchinha\u201d, afirma.<\/p><\/blockquote>\n<p>&nbsp;<\/p>\n<\/div>\n<\/div>\n<div id=\"chunk-8ed35\">\n<div class=\"mc-column content-text active-extra-styles\" data-block-type=\"raw\" data-block-weight=\"4\" data-block-id=\"30\">\n<div class=\"content-intertitle\">\n<h2>O mecanismo dos TNEs<\/h2>\n<\/div>\n<\/div>\n<\/div>\n<div id=\"chunk-5pb5n\">\n<div class=\"mc-column content-text active-extra-styles \" data-block-type=\"unstyled\" data-block-weight=\"32\" data-block-id=\"31\">\n<p class=\" content-text__container \" data-track-category=\"Link no Texto\" data-track-links=\"\" data-mrf-recirculation=\"Mat\u00e9ria - Links no Texto\">Alguns TNEs produzem serotonina e outras subst\u00e2ncias que causam a chamada s\u00edndrome carcinoide, condi\u00e7\u00e3o em que o excesso desses horm\u00f4nios provoca diarreia cr\u00f4nica, vermelhid\u00e3o s\u00fabita no rosto, sensa\u00e7\u00e3o de calor e palpita\u00e7\u00f5es.<\/p>\n<\/div>\n<\/div>\n<div id=\"chunk-7206f\">\n<div class=\"mc-column content-text active-extra-styles\" data-block-type=\"raw\" data-block-weight=\"34\" data-block-id=\"32\">\n<blockquote class=\"content-blockquote theme-border-color-primary-before\"><p>\u201cA serotonina causa diarreia cr\u00f4nica e calor. Muitas mulheres s\u00e3o investigadas como menopausa e perdem tempo at\u00e9 chegar ao diagn\u00f3stico correto\u201d, diz o oncologista do grupo Oncocl\u00ednicas e da Americas Health Foundation, Stephen Stefani.<\/p><\/blockquote>\n<\/div>\n<\/div>\n<div id=\"chunk-6899a\">\n<div class=\"mc-column content-text active-extra-styles \" data-block-type=\"unstyled\" data-block-weight=\"25\" data-block-id=\"34\">\n<p class=\" content-text__container \" data-track-category=\"Link no Texto\" data-track-links=\"\" data-mrf-recirculation=\"Mat\u00e9ria - Links no Texto\">O m\u00e9dico explica que tumores neuroend\u00f3crinos formam um grupo muito heterog\u00eaneo.\u00a0<strong>Alguns s\u00e3o altamente agressivos. Outros crescem t\u00e3o lentamente que acompanham o paciente por d\u00e9cadas<\/strong>.<\/p>\n<\/div>\n<\/div>\n<div id=\"chunk-b3ovd\">\n<div class=\"mc-column content-text active-extra-styles \" data-block-type=\"unstyled\" data-block-weight=\"16\" data-block-id=\"35\">\n<p class=\" content-text__container \" data-track-category=\"Link no Texto\" data-track-links=\"\" data-mrf-recirculation=\"Mat\u00e9ria - Links no Texto\">A agressividade \u00e9 medida pelo\u00a0<strong>Ki-67<\/strong>, marcador que indica quantas c\u00e9lulas do tumor est\u00e3o se multiplicando.<\/p>\n<\/div>\n<\/div>\n<div id=\"chunk-7ek6j\">\n<div class=\"mc-column content-text active-extra-styles \" data-block-type=\"unstyled\" data-block-weight=\"21\" data-block-id=\"36\">\n<p class=\" content-text__container \" data-track-category=\"Link no Texto\" data-track-links=\"\" data-mrf-recirculation=\"Mat\u00e9ria - Links no Texto\">\u201cAcima de 20%, \u00e9 um tumor agressivo. Abaixo de 2%, \u00e9 muito lento e costuma ter bom progn\u00f3stico\u201d, explica o oncologista.<\/p>\n<\/div>\n<\/div>\n<div id=\"chunk-6f9v9\">\n<div class=\"mc-column content-text active-extra-styles \" data-block-type=\"unstyled\" data-block-weight=\"16\" data-block-id=\"37\">\n<p class=\" content-text__container \" data-track-category=\"Link no Texto\" data-track-links=\"\" data-mrf-recirculation=\"Mat\u00e9ria - Links no Texto\">Rosana tem tumor de crescimento lento, que pode recidivar, mas\u00a0<strong>responde bem a tratamentos e acompanhamento.<\/strong><\/p>\n<\/div>\n<\/div>\n<div id=\"chunk-3bsos\">\n<div class=\"mc-column content-text active-extra-styles\" data-block-type=\"raw\" data-block-weight=\"6\" data-block-id=\"38\">\n<p class=\"content-text__container\" data-mrf-recirculation=\"Mat\u00e9ria - Links no Texto\">\n<div class=\"content-intertitle\">\n<h2>Por que o diagn\u00f3stico costuma demorar<\/h2>\n<\/div>\n<\/div>\n<\/div>\n<div id=\"chunk-7blhe\">\n<div class=\"mc-column content-text active-extra-styles \" data-block-type=\"unstyled\" data-block-weight=\"27\" data-block-id=\"39\">\n<p class=\" content-text__container \" data-track-category=\"Link no Texto\" data-track-links=\"\" data-mrf-recirculation=\"Mat\u00e9ria - Links no Texto\">Ao contr\u00e1rio de outros tipos de c\u00e2ncer, os TNEs n\u00e3o t\u00eam exames de rastreamento e n\u00e3o costumam aparecer em ultrassons ou endoscopias comuns. O diagn\u00f3stico depende de:<\/p>\n<\/div>\n<\/div>\n<div id=\"chunk-dgbk9\">\n<div class=\"mc-column content-text active-extra-styles\" data-block-type=\"raw\" data-block-weight=\"21\" data-block-id=\"40\">\n<ul class=\"content-unordered-list\" data-mrf-recirculation=\"Mat\u00e9ria - Leia Tamb\u00e9m (Lista)\">\n<li>PET-CT espec\u00edfico para tumores neuroend\u00f3crinos,<\/li>\n<li>resson\u00e2ncias e tomografias de alta resolu\u00e7\u00e3o,<\/li>\n<li>bi\u00f3psias com marcadores t\u00edpicos,<\/li>\n<li>avalia\u00e7\u00e3o de horm\u00f4nios produzidos pelo tumor.<\/li>\n<\/ul>\n<p>&nbsp;<\/p>\n<\/div>\n<\/div>\n<div id=\"chunk-ehmdu\">\n<div class=\"mc-column content-text active-extra-styles\" data-block-type=\"raw\" data-block-weight=\"4\" data-block-id=\"41\">\n<div class=\"content-intertitle\">\n<h2>Como \u00e9 o tratamento<\/h2>\n<\/div>\n<\/div>\n<\/div>\n<div id=\"chunk-ao86i\">\n<div class=\"mc-column content-text active-extra-styles \" data-block-type=\"unstyled\" data-block-weight=\"20\" data-block-id=\"42\">\n<p class=\" content-text__container \" data-track-category=\"Link no Texto\" data-track-links=\"\" data-mrf-recirculation=\"Mat\u00e9ria - Links no Texto\">A abordagem depende do tamanho do tumor, do local, da produ\u00e7\u00e3o hormonal e da presen\u00e7a de met\u00e1stases. As op\u00e7\u00f5es incluem:<\/p>\n<\/div>\n<\/div>\n<div id=\"chunk-574mi\">\n<div class=\"mc-column content-text active-extra-styles\" data-block-type=\"raw\" data-block-weight=\"46\" data-block-id=\"43\">\n<ul class=\"content-unordered-list\" data-mrf-recirculation=\"Mat\u00e9ria - Leia Tamb\u00e9m (Lista)\">\n<li>cirurgia, quando \u00e9 poss\u00edvel remover o tumor;<\/li>\n<li>an\u00e1logos de somatostatina, que controlam horm\u00f4nios e freiam o crescimento;<\/li>\n<li>radiof\u00e1rmacos, usados quando o tumor apresenta receptores espec\u00edficos;<\/li>\n<li>terapias-alvo e imunoterapia, de acordo com o perfil molecular;<\/li>\n<li>emboliza\u00e7\u00e3o e at\u00e9 transplante de f\u00edgado, em casos espec\u00edficos de met\u00e1stases hep\u00e1ticas;<\/li>\n<\/ul>\n<\/div>\n<\/div>\n<div id=\"chunk-56qo9\">\n<div class=\"content-ads content-ads--reveal\" data-block-type=\"ads\" data-block-id=\"44\"><\/div>\n<\/div>\n<div id=\"chunk-b79tt\">\n<div class=\"mc-column content-text active-extra-styles \" data-block-type=\"unstyled\" data-block-weight=\"7\" data-block-id=\"45\">\n<p class=\" content-text__container \" data-track-category=\"Link no Texto\" data-track-links=\"\" data-mrf-recirculation=\"Mat\u00e9ria - Links no Texto\">Segundo Stefani, muitos pacientes t\u00eam bons resultados.<\/p>\n<\/div>\n<\/div>\n<div id=\"chunk-9k3o9\">\n<div class=\"mc-column content-text active-extra-styles\" data-block-type=\"raw\" data-block-weight=\"16\" data-block-id=\"46\">\n<blockquote class=\"content-blockquote theme-border-color-primary-before\"><p>\u201cH\u00e1 chance alta de cura em v\u00e1rios casos. \u00c9 uma doen\u00e7a que permite tratamento personalizado\u201d, afirma.<\/p><\/blockquote>\n<\/div>\n<\/div>\n<div id=\"chunk-91cgb\">\n<div class=\"mc-column content-text active-extra-styles \" data-block-type=\"unstyled\" data-block-weight=\"28\" data-block-id=\"47\">\n<p class=\" content-text__container \" data-track-category=\"Link no Texto\" data-track-links=\"\" data-mrf-recirculation=\"Mat\u00e9ria - Links no Texto\">Apesar da complexidade do tratamento, Rosana conseguiu retomar a rotina. Hoje, vive sem sintomas e segue apenas em vigil\u00e2ncia, com consultas e exames a cada tr\u00eas meses.<\/p>\n<\/div>\n<\/div>\n<div id=\"chunk-fhpuf\">\n<div class=\"mc-column content-text active-extra-styles \" data-block-type=\"unstyled\" data-block-weight=\"30\" data-block-id=\"48\">\n<p class=\" content-text__container \" data-track-category=\"Link no Texto\" data-track-links=\"\" data-mrf-recirculation=\"Mat\u00e9ria - Links no Texto\">A decis\u00e3o de pausar os medicamentos, segundo os m\u00e9dicos, foi poss\u00edvel justamente pelo comportamento lento do tumor e porque os efeitos colaterais come\u00e7avam a pesar mais do que os benef\u00edcios.<\/p>\n<\/div>\n<\/div>\n<div id=\"chunk-elafq\">\n<div class=\"mc-column content-text active-extra-styles \" data-block-type=\"unstyled\" data-block-weight=\"24\" data-block-id=\"49\">\n<p class=\" content-text__container \" data-track-category=\"Link no Texto\" data-track-links=\"\" data-mrf-recirculation=\"Mat\u00e9ria - Links no Texto\">\u201cEu sei que vou acompanhar isso para o resto da vida, mas estou bem. Voltei a respirar, a dormir e a viver bem\u201d, afirma.<\/p>\n<\/div>\n<p data-track-category=\"Link no Texto\" data-track-links=\"\" data-mrf-recirculation=\"Mat\u00e9ria - Links no Texto\">\n<p data-track-category=\"Link no Texto\" data-track-links=\"\" data-mrf-recirculation=\"Mat\u00e9ria - Links no Texto\">Fonte: Portal G1.<br \/>\nConfira esta e outras mat\u00e9rias na \u00edntegra pelo link: https:\/\/g1.globo.com\/saude\/noticia\/2025\/11\/21\/achei-que-era-menopausa-mulher-viveu-por-anos-com-alergias-calor-e-dores-sem-saber-que-tinha-um-cancer-raro.ghtml<\/p>\n<\/div>\n<\/div>\n","protected":false},"excerpt":{"rendered":"<p>Paciente passou seis anos entre sintomas difusos at\u00e9 descobrir um tumor neuroend\u00f3crino no intestino delgado; especialistas explicam como funciona esse tipo de c\u00e2ncer, por que ele confunde m\u00e9dicos e como \u00e9 o tratamento. &nbsp; Durante boa parte da \u00faltima d\u00e9cada, a paulista Rosana Martinez, 62, viveu com\u00a0sintomas para os quais nenhum m\u00e9dico conseguia dar uma [&hellip;]<\/p>\n","protected":false},"author":3,"featured_media":13096,"comment_status":"open","ping_status":"open","sticky":false,"template":"","format":"standard","meta":{"om_disable_all_campaigns":false,"_monsterinsights_skip_tracking":false,"_monsterinsights_sitenote_active":false,"_monsterinsights_sitenote_note":"","_monsterinsights_sitenote_category":0,"footnotes":""},"categories":[42],"tags":[],"class_list":["post-13095","post","type-post","status-publish","format-standard","has-post-thumbnail","hentry","category-saude"],"jetpack_featured_media_url":"https:\/\/fatoelado.com\/wp-content\/uploads\/2025\/11\/whatsapp-image-2025-11-18-at-12.23.08.avif","_links":{"self":[{"href":"https:\/\/fatoelado.com\/index.php?rest_route=\/wp\/v2\/posts\/13095","targetHints":{"allow":["GET"]}}],"collection":[{"href":"https:\/\/fatoelado.com\/index.php?rest_route=\/wp\/v2\/posts"}],"about":[{"href":"https:\/\/fatoelado.com\/index.php?rest_route=\/wp\/v2\/types\/post"}],"author":[{"embeddable":true,"href":"https:\/\/fatoelado.com\/index.php?rest_route=\/wp\/v2\/users\/3"}],"replies":[{"embeddable":true,"href":"https:\/\/fatoelado.com\/index.php?rest_route=%2Fwp%2Fv2%2Fcomments&post=13095"}],"version-history":[{"count":1,"href":"https:\/\/fatoelado.com\/index.php?rest_route=\/wp\/v2\/posts\/13095\/revisions"}],"predecessor-version":[{"id":13097,"href":"https:\/\/fatoelado.com\/index.php?rest_route=\/wp\/v2\/posts\/13095\/revisions\/13097"}],"wp:featuredmedia":[{"embeddable":true,"href":"https:\/\/fatoelado.com\/index.php?rest_route=\/wp\/v2\/media\/13096"}],"wp:attachment":[{"href":"https:\/\/fatoelado.com\/index.php?rest_route=%2Fwp%2Fv2%2Fmedia&parent=13095"}],"wp:term":[{"taxonomy":"category","embeddable":true,"href":"https:\/\/fatoelado.com\/index.php?rest_route=%2Fwp%2Fv2%2Fcategories&post=13095"},{"taxonomy":"post_tag","embeddable":true,"href":"https:\/\/fatoelado.com\/index.php?rest_route=%2Fwp%2Fv2%2Ftags&post=13095"}],"curies":[{"name":"wp","href":"https:\/\/api.w.org\/{rel}","templated":true}]}}