{"id":13092,"date":"2025-11-21T12:00:54","date_gmt":"2025-11-21T15:00:54","guid":{"rendered":"https:\/\/fatoelado.com\/?p=13092"},"modified":"2025-11-21T12:00:54","modified_gmt":"2025-11-21T15:00:54","slug":"flamengo-se-posiciona-sobre-rumores-de-saida-de-filipe-luis","status":"publish","type":"post","link":"https:\/\/fatoelado.com\/?p=13092","title":{"rendered":"Flamengo se posiciona sobre rumores de sa\u00edda de Filipe Lu\u00eds"},"content":{"rendered":"<div class=\"flex w-full flex-col gap-2 pb-2 md:gap-4 md:mt-6 md:mb-4\">\n<h2 class=\"font-krub text-base leading-normal font-normal text-start text-[#4D5156] w-full\" style=\"text-align: center;\">Not\u00edcias, falsas segundo o clube, apontavam reviravolta em renova\u00e7\u00e3o<\/h2>\n<\/div>\n<figure class=\"relative w-full overflow-hidden tab-m:w-screen tab-m:max-w-screen-md md:-mt-4 tab-m:-mx-4 tab-m:rounded-b-none rounded-b-2xl max-h-[355px] desk-news:max-h-[501px]\">\n<div class=\"w-full rounded-[20px] h-20 -z-10 -mb-[75px] tab:w-screen mx-auto\"><\/div>\n<div class=\"relative max-h-[350px] desk-news:max-h-[496px] bg-transparent h-full max-h-[350px]\"><img loading=\"lazy\" decoding=\"async\" class=\"rounded-lg object-cover object-top tab-m:rounded-t-2xl tab-m:rounded-b-none rounded-b-2xl max-h-[350px] h-[350px] desk-news:h-full desk-news:max-h-[496px] flex-shrink-0 w-full\" src=\"https:\/\/lncimg.lance.com.br\/cdn-cgi\/image\/width=950,quality=75,fit=pad,format=webp\/uploads\/2025\/11\/filipe-luis-aspect-ratio-512-320-4.jpg\" srcset=\"https:\/\/lncimg.lance.com.br\/cdn-cgi\/image\/width=950,quality=75,fit=pad,format=webp\/uploads\/2025\/11\/filipe-luis-aspect-ratio-512-320-4.jpg 1x\" alt=\"Torcedores mandaram recado para Filipe Lu\u00eds ap\u00f3s vit\u00f3ria do Flamengo no Botafogo (Foto: Gilvan de Souza\/Flamengo)\" width=\"850\" height=\"350\" data-nimg=\"1\" \/><\/div>\n<\/figure>\n<div>\n<div class=\"w-full desk-news:max-w-[714px] mx-auto flex flex-col gap-6 md:gap-8\">\n<p class=\"w-full text-lg font-krub text-gray-500 leading-30\">O\u00a0<strong class=\"font-bold\">Flamengo<\/strong>\u00a0negou, em nota oficial emitida nesta ter\u00e7a-feira (21), os rumores veiculados pelo jornal &#8220;O Dia&#8221; e repercutidos por outros portais de que Jos\u00e9 Boto teria sido aconselhado por Filipe Lu\u00eds a buscar um novo treinador para o Rubro-Negro.<\/p>\n<p class=\"w-full text-lg font-krub text-gray-500 leading-30\">As not\u00edcias, repudiadas com veem\u00eancia pelo clube, diziam que o t\u00e9cnico e seu empres\u00e1rio decidiram que \u00e9 o momento de uma mudan\u00e7a para a Europa e,\u00a0<strong class=\"font-bold\">ap\u00f3s derrota no cl\u00e1ssico com o Fluminense<\/strong>, teriam congelado a renova\u00e7\u00e3o com a equipe carioca. A diretoria rubro-negra, no entanto, afirma que as negocia\u00e7\u00f5es pela amplia\u00e7\u00e3o do v\u00ednculo continuam evoluindo, apesar do foco m\u00fatuo na reta final de temporada.<\/p>\n<figure class=\"relative\"><img loading=\"lazy\" decoding=\"async\" class=\"w-full rounded-lg \" src=\"https:\/\/lncimg.lance.com.br\/cdn-cgi\/image\/width=850,quality=75,format=webp\/uploads\/2025\/06\/Filipe-Luis-e-Boto-1920x1280.jpg\" alt=\"Filipe Lu\u00eds ao lado de Jos\u00e9 Boto durante treino do Flamengo para o Mundial de Clubes (Foto: Gilvan de Souza \/ Flamengo)\" width=\"850\" height=\"530\" data-nimg=\"1\" \/><figcaption class=\"font-krub font-normal not-italic text-[12px] leading-5 text-[#808080] flex items-center justify-start mt-2\">Filipe Lu\u00eds ao lado de Jos\u00e9 Boto durante treino do Flamengo para o Mundial de Clubes (Foto: Gilvan de Souza \/ Flamengo)<\/p>\n<\/figcaption><\/figure>\n<div class=\"w-full font-krub not-italic font-normal text-start\">\n<h2 class=\"font-bold text-3xl tab-m:text-xl\">Nota oficial do Flamengo<\/h2>\n<\/div>\n<blockquote>\n<p class=\"w-full text-lg font-krub text-gray-500 leading-30\"><em class=\"italic\">&#8220;O Clube de Regatas do Flamengo repudia a publica\u00e7\u00e3o de informa\u00e7\u00f5es inver\u00eddicas acerca do futuro de Filipe Lu\u00eds no clube, que tentam criar instabilidade em um momento decisivo da temporada. N\u00e3o houve, em qualquer instante, comunica\u00e7\u00e3o ou movimento que sustente o conte\u00fado divulgado por &#8216;O Dia&#8217; e outros portais, tratando-se apenas da irrespons\u00e1vel busca por cliques e engajamento.<\/em><\/p>\n<p class=\"w-full text-lg font-krub text-gray-500 leading-30\"><em class=\"italic\">O Flamengo refor\u00e7a que todo o trabalho segue absolutamente alinhado com o t\u00e9cnico Filipe Lu\u00eds e sua comiss\u00e3o. Clube, treinador e elenco permanecem integralmente focados nos importantes desafios deste fim de ano, no qual o Flamengo \u00e9 finalista da Conmebol Libertadores e l\u00edder do Campeonato Brasileiro.<\/em><\/p>\n<p class=\"w-full text-lg font-krub text-gray-500 leading-30\"><em class=\"italic\">A Diretoria de Futebol informa, ainda, que Flamengo e Filipe Lu\u00eds seguem evoluindo nas negocia\u00e7\u00f5es para a amplia\u00e7\u00e3o do v\u00ednculo, em tratativas conduzidas com profissionalismo e absoluta tranquilidade.<\/em><\/p>\n<p class=\"w-full text-lg font-krub text-gray-500 leading-30\"><em class=\"italic\">O clube reafirma que continuar\u00e1 trabalhando com seriedade e compromisso, sem se pautar por especula\u00e7\u00f5es externas.&#8221;<\/em><\/p>\n<\/blockquote>\n<\/div>\n<\/div>\n<div><\/div>\n<div class=\"mt-8 w-full flex flex-col text-[#767676] pt-4 pb-6 px-0 border-[#DFE4EA] border-y border-solid font-krub\">Fonte: Portal Lance.<br \/>\nConfira esta e outras mat\u00e9rias na \u00edntegra pelo link: https:\/\/www.lance.com.br\/flamengo\/flamengo-se-posiciona-sobre-rumores-de-saida-de-filipe-luis.html<\/div>\n","protected":false},"excerpt":{"rendered":"<p>Not\u00edcias, falsas segundo o clube, apontavam reviravolta em renova\u00e7\u00e3o O\u00a0Flamengo\u00a0negou, em nota oficial emitida nesta ter\u00e7a-feira (21), os rumores veiculados pelo jornal &#8220;O Dia&#8221; e repercutidos por outros portais de que Jos\u00e9 Boto teria sido aconselhado por Filipe Lu\u00eds a buscar um novo treinador para o Rubro-Negro. As not\u00edcias, repudiadas com veem\u00eancia pelo clube, diziam [&hellip;]<\/p>\n","protected":false},"author":3,"featured_media":13093,"comment_status":"open","ping_status":"open","sticky":false,"template":"","format":"standard","meta":{"om_disable_all_campaigns":false,"_monsterinsights_skip_tracking":false,"_monsterinsights_sitenote_active":false,"_monsterinsights_sitenote_note":"","_monsterinsights_sitenote_category":0,"footnotes":""},"categories":[48],"tags":[],"class_list":["post-13092","post","type-post","status-publish","format-standard","has-post-thumbnail","hentry","category-esportes"],"jetpack_featured_media_url":"https:\/\/fatoelado.com\/wp-content\/uploads\/2025\/11\/filipe-luis-aspect-ratio-512-320-4.webp","_links":{"self":[{"href":"https:\/\/fatoelado.com\/index.php?rest_route=\/wp\/v2\/posts\/13092","targetHints":{"allow":["GET"]}}],"collection":[{"href":"https:\/\/fatoelado.com\/index.php?rest_route=\/wp\/v2\/posts"}],"about":[{"href":"https:\/\/fatoelado.com\/index.php?rest_route=\/wp\/v2\/types\/post"}],"author":[{"embeddable":true,"href":"https:\/\/fatoelado.com\/index.php?rest_route=\/wp\/v2\/users\/3"}],"replies":[{"embeddable":true,"href":"https:\/\/fatoelado.com\/index.php?rest_route=%2Fwp%2Fv2%2Fcomments&post=13092"}],"version-history":[{"count":1,"href":"https:\/\/fatoelado.com\/index.php?rest_route=\/wp\/v2\/posts\/13092\/revisions"}],"predecessor-version":[{"id":13094,"href":"https:\/\/fatoelado.com\/index.php?rest_route=\/wp\/v2\/posts\/13092\/revisions\/13094"}],"wp:featuredmedia":[{"embeddable":true,"href":"https:\/\/fatoelado.com\/index.php?rest_route=\/wp\/v2\/media\/13093"}],"wp:attachment":[{"href":"https:\/\/fatoelado.com\/index.php?rest_route=%2Fwp%2Fv2%2Fmedia&parent=13092"}],"wp:term":[{"taxonomy":"category","embeddable":true,"href":"https:\/\/fatoelado.com\/index.php?rest_route=%2Fwp%2Fv2%2Fcategories&post=13092"},{"taxonomy":"post_tag","embeddable":true,"href":"https:\/\/fatoelado.com\/index.php?rest_route=%2Fwp%2Fv2%2Ftags&post=13092"}],"curies":[{"name":"wp","href":"https:\/\/api.w.org\/{rel}","templated":true}]}}