{"id":13089,"date":"2025-11-21T11:58:02","date_gmt":"2025-11-21T14:58:02","guid":{"rendered":"https:\/\/fatoelado.com\/?p=13089"},"modified":"2025-11-21T11:58:02","modified_gmt":"2025-11-21T14:58:02","slug":"derrota-do-sao-paulo-coloca-o-mirassol-pela-primeira-vez-na-libertadores","status":"publish","type":"post","link":"https:\/\/fatoelado.com\/?p=13089","title":{"rendered":"Derrota do S\u00e3o Paulo coloca o Mirassol pela primeira vez na Libertadores"},"content":{"rendered":"<h2 class=\"article-subtitle\" style=\"text-align: center;\">Ca\u00e7ula do Brasileir\u00e3o se beneficia da derrota do S\u00e3o Paulo para o Corinthians e consegue a vaga com quatro rodadas de anteced\u00eancia<\/h2>\n<p>&nbsp;<\/p>\n<div class=\"article-image-featured\"><img decoding=\"async\" class=\"i-amphtml-fill-content i-amphtml-replaced-content\" src=\"https:\/\/www.meionews.com\/uploads\/imagens\/2025\/11\/21\/reinaldo-e-gabriel-comemoram-gol-do-mirassol-contra-o-santos--b968e05dbc3e82ae.jpg\" alt=\"Reinaldo e Gabriel comemoram gol do Mirassol contra o Santos | Pedro Zacchi\/Ag\u00eancia Mirassol\" data-amp-loading=\"lazy\" \/><small>Reinaldo e Gabriel comemoram gol do Mirassol contra o Santos | Foto: Pedro Zacchi\/Ag\u00eancia Mirassol<\/small><\/div>\n<div class=\"g-news\"><\/div>\n<div class=\"article-html\">\n<div class=\"article-html-more\">\n<p>O\u00a0<strong data-end=\"221\" data-start=\"209\">Mirassol<\/strong>\u00a0est\u00e1 oficialmente\u00a0<strong data-end=\"284\" data-start=\"240\">classificado para a\u00a0<\/strong><strong data-end=\"284\" data-start=\"240\">Libertadores de 2026<\/strong>. A vaga foi confirmada nesta quinta-feira ap\u00f3s a\u00a0<strong data-end=\"377\" data-start=\"334\">derrota do S\u00e3o Paulo para o Corinthians<\/strong>. Com isso, o\u00a0<strong data-end=\"399\" data-start=\"391\">Le\u00e3o<\/strong>\u00a0n\u00e3o pode mais ser alcan\u00e7ado por nenhum time fora do\u00a0<strong data-end=\"474\" data-start=\"452\">G-7 do Brasileir\u00e3o<\/strong>. A equipe ser\u00e1 o\u00a0<strong data-end=\"516\" data-start=\"492\">estreante brasileiro<\/strong>\u00a0na competi\u00e7\u00e3o continental.<\/p>\n<p>O time amarelo e verde empatou com o Santos na quarta-feira e chegou aos 60 pontos, abrindo 14 de vantagem para o oitavo colocado, o Tricolor do Morumbi, restando quatro rodadas (12 pontos) para o fim. O feito foi alcan\u00e7ado com quatro rodadas de anteced\u00eancia, tornando o Mirassol o primeiro ca\u00e7ula da era dos pontos corridos a disputar a Libertadores. O Le\u00e3o garante, no m\u00ednimo, vaga na fase preliminar.<\/p>\n<h3 data-end=\"1012\" data-start=\"982\"><strong data-end=\"1012\" data-start=\"986\">Objetivo agora \u00e9 o G-5<\/strong><\/h3>\n<p>O clube mira a perman\u00eancia no G-5, o que asseguraria vaga direta na fase de grupos da Libertadores. Caso isso aconte\u00e7a, a diretoria promete distribuir um bicho de R$ 7,5 milh\u00f5es ao elenco e \u00e0 comiss\u00e3o t\u00e9cnica. O Mirassol est\u00e1 a seis pontos do Fluminense, sexto colocado e primeiro time fora do G-5.<\/p>\n<h3 data-end=\"1362\" data-start=\"1335\"><strong data-end=\"1362\" data-start=\"1339\">Pr\u00f3ximo compromisso<\/strong><\/h3>\n<p>O Le\u00e3o caipira volta a campo pela 35\u00aa rodada nesta segunda-feira, \u00e0s 19h, quando recebe o Cear\u00e1 no est\u00e1dio Jos\u00e9 Maria de Campos Maia, o Mai\u00e3o, em Mirassol.<\/p>\n<div class=\"article-share_buttons2 article-share\">\n<p>&nbsp;<\/p>\n<p>Fonte: Portal MeioNews.<br \/>\nConfira esta e outras mat\u00e9rias na \u00edntegra pelo link: https:\/\/www.meionews.com\/esportes\/derrota-do-sao-paulo-coloca-o-mirassol-pela-primeira-vez-na-libertadores-547564<\/p>\n<\/div>\n<\/div>\n<\/div>\n","protected":false},"excerpt":{"rendered":"<p>Ca\u00e7ula do Brasileir\u00e3o se beneficia da derrota do S\u00e3o Paulo para o Corinthians e consegue a vaga com quatro rodadas de anteced\u00eancia &nbsp; Reinaldo e Gabriel comemoram gol do Mirassol contra o Santos | Foto: Pedro Zacchi\/Ag\u00eancia Mirassol O\u00a0Mirassol\u00a0est\u00e1 oficialmente\u00a0classificado para a\u00a0Libertadores de 2026. A vaga foi confirmada nesta quinta-feira ap\u00f3s a\u00a0derrota do S\u00e3o Paulo [&hellip;]<\/p>\n","protected":false},"author":3,"featured_media":13090,"comment_status":"open","ping_status":"open","sticky":false,"template":"","format":"standard","meta":{"om_disable_all_campaigns":false,"_monsterinsights_skip_tracking":false,"_monsterinsights_sitenote_active":false,"_monsterinsights_sitenote_note":"","_monsterinsights_sitenote_category":0,"footnotes":""},"categories":[48],"tags":[],"class_list":["post-13089","post","type-post","status-publish","format-standard","has-post-thumbnail","hentry","category-esportes"],"jetpack_featured_media_url":"https:\/\/fatoelado.com\/wp-content\/uploads\/2025\/11\/reinaldo-e-gabriel-comemoram-gol-do-mirassol-contra-o-santos-b968e05dbc3e82ae.jpg","_links":{"self":[{"href":"https:\/\/fatoelado.com\/index.php?rest_route=\/wp\/v2\/posts\/13089","targetHints":{"allow":["GET"]}}],"collection":[{"href":"https:\/\/fatoelado.com\/index.php?rest_route=\/wp\/v2\/posts"}],"about":[{"href":"https:\/\/fatoelado.com\/index.php?rest_route=\/wp\/v2\/types\/post"}],"author":[{"embeddable":true,"href":"https:\/\/fatoelado.com\/index.php?rest_route=\/wp\/v2\/users\/3"}],"replies":[{"embeddable":true,"href":"https:\/\/fatoelado.com\/index.php?rest_route=%2Fwp%2Fv2%2Fcomments&post=13089"}],"version-history":[{"count":1,"href":"https:\/\/fatoelado.com\/index.php?rest_route=\/wp\/v2\/posts\/13089\/revisions"}],"predecessor-version":[{"id":13091,"href":"https:\/\/fatoelado.com\/index.php?rest_route=\/wp\/v2\/posts\/13089\/revisions\/13091"}],"wp:featuredmedia":[{"embeddable":true,"href":"https:\/\/fatoelado.com\/index.php?rest_route=\/wp\/v2\/media\/13090"}],"wp:attachment":[{"href":"https:\/\/fatoelado.com\/index.php?rest_route=%2Fwp%2Fv2%2Fmedia&parent=13089"}],"wp:term":[{"taxonomy":"category","embeddable":true,"href":"https:\/\/fatoelado.com\/index.php?rest_route=%2Fwp%2Fv2%2Fcategories&post=13089"},{"taxonomy":"post_tag","embeddable":true,"href":"https:\/\/fatoelado.com\/index.php?rest_route=%2Fwp%2Fv2%2Ftags&post=13089"}],"curies":[{"name":"wp","href":"https:\/\/api.w.org\/{rel}","templated":true}]}}