{"id":13086,"date":"2025-11-21T11:57:07","date_gmt":"2025-11-21T14:57:07","guid":{"rendered":"https:\/\/fatoelado.com\/?p=13086"},"modified":"2025-11-21T11:57:07","modified_gmt":"2025-11-21T14:57:07","slug":"inss-passa-a-exigir-biometria-de-aposentados-e-beneficiarios-do-bpc-a-partir-de-hoje-veja-o-que-muda","status":"publish","type":"post","link":"https:\/\/fatoelado.com\/?p=13086","title":{"rendered":"INSS passa a exigir biometria de aposentados e benefici\u00e1rios do BPC a partir de hoje; veja o que muda"},"content":{"rendered":"<h2 class=\"article-subtitle\" style=\"text-align: center;\">Regra come\u00e7a agora apenas para BPC e Previd\u00eancia e transi\u00e7\u00e3o ser\u00e1 gradual at\u00e9 2028<\/h2>\n<p>&nbsp;<\/p>\n<div class=\"article-image-featured\"><img decoding=\"async\" class=\"i-amphtml-fill-content i-amphtml-replaced-content\" src=\"https:\/\/www.meionews.com\/uploads\/imagens\/2025\/11\/21\/coleta-de-biometria--37be09c128f58f71.jpg\" alt=\"Coleta de biometria  | Foto: Tomaz Silva\/Ag\u00eancia Brasil\" data-amp-loading=\"lazy\" \/><small>Coleta de biometria | Foto: Tomaz Silva\/Ag\u00eancia Brasil<\/small><\/div>\n<div class=\"g-news\"><\/div>\n<div class=\"article-html\">\n<div class=\"article-html-more\">\n<p>A partir desta sexta-feira (21), a Previd\u00eancia Social (INSS) passa a exigir de aposentados e novos benefici\u00e1rios do Benef\u00edcio de Presta\u00e7\u00e3o Continuada (BPC), o cadastro digital da biometria.\u00a0<strong>Aqueles que j\u00e1 recebem ter\u00e3o um per\u00edodo de transi\u00e7\u00e3o gradual.<\/strong><\/p>\n<p>J\u00e1 a exig\u00eancia da biometria para outros programas do governo, como o Bolsa Fam\u00edlia, e de benef\u00edcios do INSS,\u00a0<strong>ser\u00e1 feito de forma gradativa sem riscos de cortes abruptos de pagamento<\/strong>\u00a0por falta de cadastro biom\u00e9trico, diz o governo.<\/p>\n<p>&nbsp;<\/p>\n<p><strong>QUAIS S\u00c3O AS DATAS?<\/strong><\/p>\n<div class=\"dimg\"><strong><img decoding=\"async\" class=\"i-amphtml-intrinsic-sizer\" role=\"presentation\" src=\"data:;base64,<svg height=\"435px\" width=\"785px\" xmlns=\"http:\/\/www.w3.org\/2000\/svg\" version=\"1.1\"\/>&#8221; alt=&#8221;&#8221; aria-hidden=&#8221;true&#8221; \/><img decoding=\"async\" class=\"i-amphtml-fill-content i-amphtml-replaced-content\" src=\"https:\/\/www.meionews.com\/uploads\/imagens\/2025\/11\/21\/inss-passa-a-exigir-biometria-de-novos-aposentados-e-beneficiarios-do-bpc-a-partir-de-hoje--3c0f57af011196cf.jpg\" alt=\"Biometria digital (Foto: Reprodu\u00e7\u00e3o)\" data-amp-loading=\"lazy\" \/><\/strong><\/div>\n<p><strong><span class=\"fr-inner\">Biometria digital (Foto: Reprodu\u00e7\u00e3o)<\/span><\/strong>&nbsp;<\/p>\n<p>S\u00f3 passar\u00e1 a ser exigido o cadastro biom\u00e9trico para sal\u00e1rio maternidade, benef\u00edcio por incapacidade tempor\u00e1ria (antigo aux\u00edlio-doen\u00e7a), pens\u00e3o por morte, seguro-desemprego, abono salarial e Bolsa Fam\u00edlia,\u00a0<strong>somente a partir de 1\u00ba de maio de 2026.<\/strong><\/p>\n<p>J\u00e1 para benefici\u00e1rios que j\u00e1 recebem as mudan\u00e7as<strong>\u00a0ser\u00e3o feitas de forma gradual at\u00e9 2027\u00a0<\/strong>quando houver necessidade de revis\u00e3o do benef\u00edcio.<\/p>\n<p>O governo utilizar\u00e1 a<strong>\u00a0Carteira de Identidade Nacional (CIN)\u00a0<\/strong>como base de dados. Posteriormente, as\u00a0<strong>Carteira Nacional de Habilita\u00e7\u00e3o (CNH)<\/strong>\u00a0e do t\u00edtulo de eleitor gerido pelo\u00a0<strong>Tribunal Superior Eleitoral (TSE)<\/strong>\u00a0tamb\u00e9m ser\u00e3o utilizados.<\/p>\n<p>&nbsp;<\/p>\n<p><strong>OS PRAZOS ESTABELECIDOS S\u00c3O:<\/strong><\/p>\n<ul>\n<li aria-level=\"1\"><strong>21 de novembro de 2025:<\/strong>\u00a0Novos benef\u00edcios ou aqueles que forem renovar benef\u00edcio existente precisar\u00e1 ter algum cadastro biom\u00e9trico. J\u00e1 aqueles que recebem sal\u00e1rio maternidade, benef\u00edcio por incapacidade tempor\u00e1ria, pens\u00e3o por morte, seguro-desemprego, abono salarial e Bolsa Fam\u00edlia, ter\u00e3o o prazo estabelecido at\u00e9 1\u00ba de maio de 2026.<\/li>\n<li aria-level=\"1\"><strong>1\u00ba de maio de 2026:\u00a0<\/strong>A partir desta data,\u00a0<strong>quem j\u00e1 possui \u00a0biometria cadastrada em alguma base n\u00e3o enfrentar\u00e1 mudan\u00e7as<\/strong>. Esse cadastro continua v\u00e1lido para novos pedidos e renova\u00e7\u00e3o. No entanto, quem n\u00e3o tem biometria cadastrada e for pedir um novo benef\u00edcio, precisar\u00e1 ter a CIN.<\/li>\n<li aria-level=\"1\"><strong>1\u00ba de janeiro de 2027<\/strong>: A partir desse dia,\u00a0<strong>os benefici\u00e1rios precisar\u00e3o ter alguma biometria<\/strong>\u00a0tanto para renova\u00e7\u00e3o, como para novas concess\u00f5es. Caso o benefici\u00e1rio n\u00e3o tenha nenhum tipo de documento com biometria, o benefici\u00e1rio ser\u00e1 avisado e precisar\u00e1 fazer a CIN.<\/li>\n<li aria-level=\"1\"><strong>1\u00ba de janeiro de 2028:<\/strong>\u00a0A partir desta data, todos precisar\u00e3o ter a CIN para pedir um novo benef\u00edcio ou para manter ou renovar um benef\u00edcio existente.<\/li>\n<\/ul>\n<p><strong>QUEM N\u00c3O PRECISA RENOVAR?<\/strong><\/p>\n<p>Est\u00e3o dispensados da nova exig\u00eancia:<\/p>\n<ul>\n<li aria-level=\"1\">Pessoas com mais de 80 anos, mediante: consulta a cadastros oficiais ou apresenta\u00e7\u00e3o de documento de identidade v\u00e1lido com foto.<\/li>\n<li aria-level=\"1\">Migrantes, refugiados e ap\u00e1tridas, mediante protocolo de solicita\u00e7\u00e3o de ref\u00fagio (Lei n\u00ba 9.474\/1997); protocolo de solicita\u00e7\u00e3o de reconhecimento de apatridia (Portaria MJ\/MESP n\u00ba 5\/2018); ou CRNM ou DPRNM, conforme Lei n\u00ba 13.445\/2017.<\/li>\n<li aria-level=\"1\">Residentes no exterior, mediante: declara\u00e7\u00e3o emitida por representa\u00e7\u00e3o consular brasileira; declara\u00e7\u00e3o do cidad\u00e3o com<\/li>\n<li aria-level=\"1\">Apostila da Haia; ou requerimento feito por organismo de liga\u00e7\u00e3o previsto em acordo internacional de\u00a0previd\u00eancia.<\/li>\n<li aria-level=\"1\">Pessoas com dificuldade de deslocamento por motivo de sa\u00fade ou defici\u00eancia (com comprova\u00e7\u00e3o m\u00e9dica)<\/li>\n<li aria-level=\"1\">Moradores de \u00e1reas de dif\u00edcil acesso, incluindo munic\u00edpios atendidos pelo PrevBarco e localidades remotas definidas pelo IBGE, mediante comprova\u00e7\u00e3o de resid\u00eancia atualizada (a portaria trar\u00e1 essa lista de munic\u00edpios)<\/li>\n<li aria-level=\"1\">Pessoas que requererem sal\u00e1rio maternidade, benef\u00edcio por incapacidade tempor\u00e1ria e pens\u00e3o por morte ao Instituto Nacional do Seguro Social \u2013 INSS at\u00e9 30 de abril de 2026; e<\/li>\n<li aria-level=\"1\">Pessoas que integrem fam\u00edlias eleg\u00edveis ao Programa Bolsa Fam\u00edlia identificadas no Cad\u00danico ou benefici\u00e1rias do Programa &#8211; at\u00e9 30 de abril de 2026.<\/li>\n<li>Pessoas que requererem seguro-desemprego e as que recebem abono salarial<\/li>\n<\/ul>\n<\/div>\n<\/div>\n<p class=\"ads\">\n<p>Fonte: Portal MeioNews.<br \/>\nConfira esta e outras mat\u00e9rias na \u00edntegra pelo link: https:\/\/www.meionews.com\/noticias\/inss-passa-a-exigir-biometria-de-aposentados-e-beneficiarios-do-bpc-a-partir-de-hoje-veja-o-que-muda-547587<\/p>\n","protected":false},"excerpt":{"rendered":"<p>Regra come\u00e7a agora apenas para BPC e Previd\u00eancia e transi\u00e7\u00e3o ser\u00e1 gradual at\u00e9 2028 &nbsp; Coleta de biometria | Foto: Tomaz Silva\/Ag\u00eancia Brasil A partir desta sexta-feira (21), a Previd\u00eancia Social (INSS) passa a exigir de aposentados e novos benefici\u00e1rios do Benef\u00edcio de Presta\u00e7\u00e3o Continuada (BPC), o cadastro digital da biometria.\u00a0Aqueles que j\u00e1 recebem ter\u00e3o [&hellip;]<\/p>\n","protected":false},"author":3,"featured_media":13087,"comment_status":"open","ping_status":"open","sticky":false,"template":"","format":"standard","meta":{"om_disable_all_campaigns":false,"_monsterinsights_skip_tracking":false,"_monsterinsights_sitenote_active":false,"_monsterinsights_sitenote_note":"","_monsterinsights_sitenote_category":0,"footnotes":""},"categories":[47],"tags":[],"class_list":["post-13086","post","type-post","status-publish","format-standard","has-post-thumbnail","hentry","category-nacionais"],"jetpack_featured_media_url":"https:\/\/fatoelado.com\/wp-content\/uploads\/2025\/11\/coleta-de-biometria-37be09c128f58f71.jpg","_links":{"self":[{"href":"https:\/\/fatoelado.com\/index.php?rest_route=\/wp\/v2\/posts\/13086","targetHints":{"allow":["GET"]}}],"collection":[{"href":"https:\/\/fatoelado.com\/index.php?rest_route=\/wp\/v2\/posts"}],"about":[{"href":"https:\/\/fatoelado.com\/index.php?rest_route=\/wp\/v2\/types\/post"}],"author":[{"embeddable":true,"href":"https:\/\/fatoelado.com\/index.php?rest_route=\/wp\/v2\/users\/3"}],"replies":[{"embeddable":true,"href":"https:\/\/fatoelado.com\/index.php?rest_route=%2Fwp%2Fv2%2Fcomments&post=13086"}],"version-history":[{"count":1,"href":"https:\/\/fatoelado.com\/index.php?rest_route=\/wp\/v2\/posts\/13086\/revisions"}],"predecessor-version":[{"id":13088,"href":"https:\/\/fatoelado.com\/index.php?rest_route=\/wp\/v2\/posts\/13086\/revisions\/13088"}],"wp:featuredmedia":[{"embeddable":true,"href":"https:\/\/fatoelado.com\/index.php?rest_route=\/wp\/v2\/media\/13087"}],"wp:attachment":[{"href":"https:\/\/fatoelado.com\/index.php?rest_route=%2Fwp%2Fv2%2Fmedia&parent=13086"}],"wp:term":[{"taxonomy":"category","embeddable":true,"href":"https:\/\/fatoelado.com\/index.php?rest_route=%2Fwp%2Fv2%2Fcategories&post=13086"},{"taxonomy":"post_tag","embeddable":true,"href":"https:\/\/fatoelado.com\/index.php?rest_route=%2Fwp%2Fv2%2Ftags&post=13086"}],"curies":[{"name":"wp","href":"https:\/\/api.w.org\/{rel}","templated":true}]}}