{"id":13083,"date":"2025-11-21T11:55:52","date_gmt":"2025-11-21T14:55:52","guid":{"rendered":"https:\/\/fatoelado.com\/?p=13083"},"modified":"2025-11-21T11:55:52","modified_gmt":"2025-11-21T14:55:52","slug":"titular-da-selecao-sub-17-e-sondado-por-europeus-multa-e-r-307-milhoes","status":"publish","type":"post","link":"https:\/\/fatoelado.com\/?p=13083","title":{"rendered":"Titular da sele\u00e7\u00e3o sub-17 \u00e9 sondado por europeus; multa \u00e9 R$ 307 milh\u00f5es"},"content":{"rendered":"<h2 class=\"article-subtitle\" style=\"text-align: center;\">Atacante Kayke, de 17 anos, tem sido um dos destaques do Brasil no Mundial da categoria<\/h2>\n<p>&nbsp;<\/p>\n<div class=\"article-image-featured\"><img decoding=\"async\" class=\"i-amphtml-fill-content i-amphtml-replaced-content\" src=\"https:\/\/www.meionews.com\/uploads\/imagens\/2025\/11\/21\/kayke-do-athletico-durante-jogo-do-brasil-no-mundial-sub-17--f41d063fdb418967.jpg\" alt=\"Kayke, do Athletico, durante jogo do Brasil no Mundial Sub-17 | Nelson Terme\/CBF\" data-amp-loading=\"lazy\" \/><small>Kayke, do Athletico, durante jogo do Brasil no Mundial Sub-17 | Foto: Nelson Terme\/CBF<\/small><\/div>\n<div class=\"g-news\"><\/div>\n<div class=\"article-html\">\n<div class=\"article-html-more\">\n<p>Titular da\u00a0<strong data-end=\"212\" data-start=\"190\">sele\u00e7\u00e3o brasileira<\/strong>\u00a0na\u00a0<strong data-end=\"240\" data-start=\"216\">Copa do Mundo Sub-17<\/strong>\u00a0e destaque das\u00a0<strong data-end=\"291\" data-start=\"256\">categorias de base do Athletico<\/strong>, o atacante\u00a0<strong data-end=\"313\" data-start=\"304\">Kayke<\/strong>, de\u00a0<strong data-end=\"329\" data-start=\"318\">17 anos<\/strong>, vem chamando a aten\u00e7\u00e3o de\u00a0<strong data-end=\"376\" data-start=\"357\">clubes europeus<\/strong>. O Brasil enfrenta o\u00a0<strong data-end=\"410\" data-start=\"398\">Marrocos<\/strong>\u00a0nesta sexta-feira, \u00e0s\u00a0<strong data-end=\"442\" data-start=\"433\">12h45<\/strong>, pelas\u00a0<strong data-end=\"470\" data-start=\"450\">quartas de final<\/strong>\u00a0do Mundial, em\u00a0<strong data-end=\"494\" data-start=\"486\">Doha<\/strong>, no\u00a0<strong data-end=\"508\" data-start=\"499\">Catar<\/strong>.<\/p>\n<p>O jogador tem contrato com o Athletico at\u00e9 junho de 2027 e multa rescis\u00f3ria de 50 milh\u00f5es de euros (cerca de R$ 307,5 milh\u00f5es). Manchester United (ING), Lyon (FRA) e Zenit (RUS) j\u00e1 fizeram consultas pelo jovem. A informa\u00e7\u00e3o foi revelada pela rep\u00f3rter Monique Vilela, da R\u00e1dio TMC.<\/p>\n<h3 data-end=\"876\" data-start=\"834\"><strong data-end=\"876\" data-start=\"838\">Desempenho na Copa do Mundo Sub-17<\/strong><\/h3>\n<p>O camisa 11 foi titular em todas as cinco partidas do Brasil at\u00e9 agora. Ainda n\u00e3o marcou gols, mas j\u00e1 deu uma assist\u00eancia e iniciou a jogada que terminou em gol contra na vit\u00f3ria por 4 a 0 sobre a Indon\u00e9sia.<\/p>\n<p>Na segunda fase, converteu sua cobran\u00e7a nas penalidades contra o Paraguai, ap\u00f3s empate em 0 a 0 no tempo normal. Contra a Fran\u00e7a, nas oitavas, atuou por cerca de 60 minutos, e o Brasil venceu nos p\u00eanaltis ap\u00f3s o 1 a 1 persistir at\u00e9 o fim.<\/p>\n<h3 data-end=\"1405\" data-start=\"1376\"><strong data-end=\"1405\" data-start=\"1380\">Trajet\u00f3ria e forma\u00e7\u00e3o<\/strong><\/h3>\n<p>Kayke nasceu em 26 de abril de 2008, no Rio de Janeiro. Come\u00e7ou no futebol em um projeto na comunidade C\u00e9sar Maia, onde cresceu, at\u00e9 ser captado pelo Athletico aos 13 anos.<\/p>\n<h3 data-end=\"1655\" data-start=\"1606\"><strong data-end=\"1655\" data-start=\"1610\">Estreia no profissional e caracter\u00edsticas<\/strong><\/h3>\n<p>O atacante estreou profissionalmente em junho de 2024, contra o Crici\u00fama, na Arena da Baixada, pela oitava rodada do Brasileir\u00e3o 2024. A primeira oportunidade no time principal foi concedida pelo t\u00e9cnico Cuca. Canhoto e atuando pelas beiradas, Kayke tem Neymar e Vin\u00edcius J\u00fanior como inspira\u00e7\u00f5es. Ele se define como um jogador de habilidade.<\/p>\n<h3 data-end=\"2079\" data-start=\"2038\"><strong data-end=\"2079\" data-start=\"2042\">Pr\u00f3ximo desafio no Mundial Sub-17<\/strong><\/h3>\n<p>A tend\u00eancia \u00e9 que Kayke seja mantido como titular pelo t\u00e9cnico Dudu Patetuci contra o Marrocos, em partida que vale vaga na semifinal do Mundial Sub-17. O vencedor enfrentar\u00e1 Portugal ou Su\u00ed\u00e7a no caminho rumo \u00e0 grande decis\u00e3o, marcada para o dia 27.<\/p>\n<div class=\"article-share_buttons2 article-share\">\n<div class=\"share_buttons\">\n<p>&nbsp;<\/p>\n<p>Fonte: Portal MeioNews.<br \/>\nConfira esta e outras mat\u00e9rias na \u00edntegra pelo link: https:\/\/www.meionews.com\/esportes\/titular-da-selecao-sub-17-e-sondado-por-europeus-multa-e-r-307-milhoes-547595<\/p>\n<\/div>\n<\/div>\n<\/div>\n<\/div>\n","protected":false},"excerpt":{"rendered":"<p>Atacante Kayke, de 17 anos, tem sido um dos destaques do Brasil no Mundial da categoria &nbsp; Kayke, do Athletico, durante jogo do Brasil no Mundial Sub-17 | Foto: Nelson Terme\/CBF Titular da\u00a0sele\u00e7\u00e3o brasileira\u00a0na\u00a0Copa do Mundo Sub-17\u00a0e destaque das\u00a0categorias de base do Athletico, o atacante\u00a0Kayke, de\u00a017 anos, vem chamando a aten\u00e7\u00e3o de\u00a0clubes europeus. O Brasil [&hellip;]<\/p>\n","protected":false},"author":3,"featured_media":13084,"comment_status":"open","ping_status":"open","sticky":false,"template":"","format":"standard","meta":{"om_disable_all_campaigns":false,"_monsterinsights_skip_tracking":false,"_monsterinsights_sitenote_active":false,"_monsterinsights_sitenote_note":"","_monsterinsights_sitenote_category":0,"footnotes":""},"categories":[48],"tags":[],"class_list":["post-13083","post","type-post","status-publish","format-standard","has-post-thumbnail","hentry","category-esportes"],"jetpack_featured_media_url":"https:\/\/fatoelado.com\/wp-content\/uploads\/2025\/11\/kayke-do-athletico-durante-jogo-do-brasil-no-mundial-sub-17-f41d063fdb418967.jpg","_links":{"self":[{"href":"https:\/\/fatoelado.com\/index.php?rest_route=\/wp\/v2\/posts\/13083","targetHints":{"allow":["GET"]}}],"collection":[{"href":"https:\/\/fatoelado.com\/index.php?rest_route=\/wp\/v2\/posts"}],"about":[{"href":"https:\/\/fatoelado.com\/index.php?rest_route=\/wp\/v2\/types\/post"}],"author":[{"embeddable":true,"href":"https:\/\/fatoelado.com\/index.php?rest_route=\/wp\/v2\/users\/3"}],"replies":[{"embeddable":true,"href":"https:\/\/fatoelado.com\/index.php?rest_route=%2Fwp%2Fv2%2Fcomments&post=13083"}],"version-history":[{"count":1,"href":"https:\/\/fatoelado.com\/index.php?rest_route=\/wp\/v2\/posts\/13083\/revisions"}],"predecessor-version":[{"id":13085,"href":"https:\/\/fatoelado.com\/index.php?rest_route=\/wp\/v2\/posts\/13083\/revisions\/13085"}],"wp:featuredmedia":[{"embeddable":true,"href":"https:\/\/fatoelado.com\/index.php?rest_route=\/wp\/v2\/media\/13084"}],"wp:attachment":[{"href":"https:\/\/fatoelado.com\/index.php?rest_route=%2Fwp%2Fv2%2Fmedia&parent=13083"}],"wp:term":[{"taxonomy":"category","embeddable":true,"href":"https:\/\/fatoelado.com\/index.php?rest_route=%2Fwp%2Fv2%2Fcategories&post=13083"},{"taxonomy":"post_tag","embeddable":true,"href":"https:\/\/fatoelado.com\/index.php?rest_route=%2Fwp%2Fv2%2Ftags&post=13083"}],"curies":[{"name":"wp","href":"https:\/\/api.w.org\/{rel}","templated":true}]}}