{"id":13074,"date":"2025-11-21T11:52:23","date_gmt":"2025-11-21T14:52:23","guid":{"rendered":"https:\/\/fatoelado.com\/?p=13074"},"modified":"2025-11-21T11:52:23","modified_gmt":"2025-11-21T14:52:23","slug":"lula-agradece-trump-e-espera-zerar-celeuma-com-os-eua","status":"publish","type":"post","link":"https:\/\/fatoelado.com\/?p=13074","title":{"rendered":"Lula agradece Trump e espera &#8220;zerar celeuma&#8221; com os EUA"},"content":{"rendered":"<p>&nbsp;<\/p>\n<p>O presidente Luiz In\u00e1cio Lula da Silva afirmou nesta quinta-feira (20), em v\u00eddeo postado nas redes sociais, que a suspens\u00e3o da tarifas comercial de 40% sobre uma determinada lista de produtos brasileiros\u00a0 foi um sinal importante.<\/p>\n<p>&#8220;N\u00e3o \u00e9 tudo o que eu quero, n\u00e3o \u00e9 tudo que o Brasil precisa, mas \u00e9 uma coisa importante. O presidente Trump acaba de anunciar que vai come\u00e7ar a reduzir v\u00e1rios produtos brasileiros que foram taxados em 40%. Isso \u00e9 um resultado muito importante&#8221;, afirmou. Lula elogiou a decis\u00e3o do mandat\u00e1rio norte-americano e disse esperar que ambos possam se reencontrar pessoalmente no Brasil ou nos EUA.<\/p>\n<p>&#8220;Ele [Trump] est\u00e1 convidado para vir no Brasil quando ele quiser, e eu espero ser convidado para ir a Washington para zerar qualquer celeuma comercial, pol\u00edtica, entre Brasil e EUA&#8221;, acrescentou.<\/p>\n<p>Lula gravou o v\u00eddeo ao lado do vice-presidente Geraldo Alckmin e do ministro da Fazenda, Fernando Haddad, em S\u00e3o Paulo, um pouco antes de embarcar para a \u00c1frica do Sul, onde participar\u00e1 da C\u00fapula do G20. O presidente fez quest\u00e3o agradecer a Trump, ainda que de forma parcial, e pediu que os pa\u00edses alcancem entendimento comercial completo.<\/p>\n<p>&#8220;Vou lhe agradecer s\u00f3 parcialmente, porque e vou lhe agradecer totalmente quando tudo estiver totalmente acordado entre n\u00f3s&#8221;.<\/p>\n<h2><strong>Suspens\u00e3o parcial<\/strong><\/h2>\n<p>O presidente dos Estados Unidos, Donald Trump, anunciou, nesta quinta-feira (20), a retirada da tarifa de importa\u00e7\u00e3o de 40% sobre determinados produtos brasileiros. Constam na lista divulgada pela Casa Branca produtos como caf\u00e9, ch\u00e1, frutas tropicais e sucos de frutas, cacau e especiarias, banana, laranja, tomate e carne bovina.<\/p>\n<p>Na ordem executiva publicada pela Presid\u00eancia dos EUA, Trump diz que a decis\u00e3o foi tomada ap\u00f3s conversa por telefone com o presidente Luiz In\u00e1cio Lula da Silva, &#8220;durante a qual concordamos em iniciar negocia\u00e7\u00f5es para abordar as quest\u00f5es identificadas no Decreto Executivo 14.323&#8221;. De acordo com a publica\u00e7\u00e3o, essas negocia\u00e7\u00f5es ainda est\u00e3o em andamento.<\/p>\n<p>O governo brasileiro emitiu nota na noite desta quinta-feira afirmando que \u201crecebeu com satisfa\u00e7\u00e3o a decis\u00e3o do governo dos Estados Unidos de revogar a tarifa adicional de 40% para uma s\u00e9rie de produtos agropecu\u00e1rios importados do Brasil\u201d.<\/p>\n<p>A nota do governo, publicada pelo Itamaraty, cita ainda que o presidente Donald Trump \u201crecebeu recomenda\u00e7\u00f5es de altos funcion\u00e1rios do seu governo de que certas importa\u00e7\u00f5es agr\u00edcolas do Brasil n\u00e3o deveriam estar mais sujeitas \u00e0 tarifa de 40% em fun\u00e7\u00e3o do \u2018avan\u00e7o inicial das negocia\u00e7\u00f5es\u2019 com o governo brasileiro\u201d.<\/p>\n<p>A medida tomada pelos EUA \u00e9 retroativa a 13 de novembro, mesma data da \u00faltima reuni\u00e3o entre o ministro Mauro Vieira e o secret\u00e1rio de Estado Marco Rubio, em Washington. Naquela oportunidade, eles trataram do avan\u00e7o das negocia\u00e7\u00f5es para a redu\u00e7\u00e3o das tarifas.<\/p>\n<p>O Brasil tamb\u00e9m se coloca \u00e0 disposi\u00e7\u00e3o para manter o di\u00e1logo com o governo Trump para \u201csolucionar quest\u00f5es entre os dois pa\u00edses, em linha com a tradi\u00e7\u00e3o de 201 anos de excelentes rela\u00e7\u00f5es diplom\u00e1ticas.<\/p>\n<p>&nbsp;<\/p>\n<p>Fonte: Portal CidadeVerde.<br \/>\nConfira esta e outras mat\u00e9rias na \u00edntegra pelo link: https:\/\/cidadeverde.com\/noticias\/445975\/lula-agradece-trump-e-espera-zerar-celeuma-com-os-eua<\/p>\n","protected":false},"excerpt":{"rendered":"<p>&nbsp; O presidente Luiz In\u00e1cio Lula da Silva afirmou nesta quinta-feira (20), em v\u00eddeo postado nas redes sociais, que a suspens\u00e3o da tarifas comercial de 40% sobre uma determinada lista de produtos brasileiros\u00a0 foi um sinal importante. &#8220;N\u00e3o \u00e9 tudo o que eu quero, n\u00e3o \u00e9 tudo que o Brasil precisa, mas \u00e9 uma coisa [&hellip;]<\/p>\n","protected":false},"author":3,"featured_media":13075,"comment_status":"open","ping_status":"open","sticky":false,"template":"","format":"standard","meta":{"om_disable_all_campaigns":false,"_monsterinsights_skip_tracking":false,"_monsterinsights_sitenote_active":false,"_monsterinsights_sitenote_note":"","_monsterinsights_sitenote_category":0,"footnotes":""},"categories":[47],"tags":[],"class_list":["post-13074","post","type-post","status-publish","format-standard","has-post-thumbnail","hentry","category-nacionais"],"jetpack_featured_media_url":"https:\/\/fatoelado.com\/wp-content\/uploads\/2025\/11\/WhatsApp_Image_2025-11-09_at_12_09_43-2.jpeg","_links":{"self":[{"href":"https:\/\/fatoelado.com\/index.php?rest_route=\/wp\/v2\/posts\/13074","targetHints":{"allow":["GET"]}}],"collection":[{"href":"https:\/\/fatoelado.com\/index.php?rest_route=\/wp\/v2\/posts"}],"about":[{"href":"https:\/\/fatoelado.com\/index.php?rest_route=\/wp\/v2\/types\/post"}],"author":[{"embeddable":true,"href":"https:\/\/fatoelado.com\/index.php?rest_route=\/wp\/v2\/users\/3"}],"replies":[{"embeddable":true,"href":"https:\/\/fatoelado.com\/index.php?rest_route=%2Fwp%2Fv2%2Fcomments&post=13074"}],"version-history":[{"count":1,"href":"https:\/\/fatoelado.com\/index.php?rest_route=\/wp\/v2\/posts\/13074\/revisions"}],"predecessor-version":[{"id":13076,"href":"https:\/\/fatoelado.com\/index.php?rest_route=\/wp\/v2\/posts\/13074\/revisions\/13076"}],"wp:featuredmedia":[{"embeddable":true,"href":"https:\/\/fatoelado.com\/index.php?rest_route=\/wp\/v2\/media\/13075"}],"wp:attachment":[{"href":"https:\/\/fatoelado.com\/index.php?rest_route=%2Fwp%2Fv2%2Fmedia&parent=13074"}],"wp:term":[{"taxonomy":"category","embeddable":true,"href":"https:\/\/fatoelado.com\/index.php?rest_route=%2Fwp%2Fv2%2Fcategories&post=13074"},{"taxonomy":"post_tag","embeddable":true,"href":"https:\/\/fatoelado.com\/index.php?rest_route=%2Fwp%2Fv2%2Ftags&post=13074"}],"curies":[{"name":"wp","href":"https:\/\/api.w.org\/{rel}","templated":true}]}}