{"id":13071,"date":"2025-11-21T11:51:00","date_gmt":"2025-11-21T14:51:00","guid":{"rendered":"https:\/\/fatoelado.com\/?p=13071"},"modified":"2025-11-21T11:51:00","modified_gmt":"2025-11-21T14:51:00","slug":"clientes-reagem-a-assalto-em-loja-de-celulares-e-imobilizam-criminoso-no-rj","status":"publish","type":"post","link":"https:\/\/fatoelado.com\/?p=13071","title":{"rendered":"Clientes reagem a assalto em loja de celulares e imobilizam criminoso no RJ"},"content":{"rendered":"<p><iframe loading=\"lazy\" src=\"https:\/\/www.youtube.com\/embed\/j-K9YB6ZpcM?rel=0\" width=\"790\" height=\"437\" frameborder=\"0\" allowfullscreen=\"allowfullscreen\" data-mce-fragment=\"1\"><\/iframe><\/p>\n<p>Clientes e funcion\u00e1rios de uma loja de celulares viveram momentos de terror durante um assalto em Niter\u00f3i, na regi\u00e3o metropolitana do Rio de Janeiro. C\u00e2meras de seguran\u00e7a registraram toda a a\u00e7\u00e3o, que durou cerca de 10 minutos e terminou com a pris\u00e3o de um dos criminosos.<\/p>\n<p>Onze pessoas estavam na loja quando o primeiro suspeito entrou, usando um uniforme da Prefeitura do Rio de Janeiro, o que n\u00e3o despertou desconfian\u00e7a. Pouco depois, outro homem, vestindo cinza, chegou e sentou-se ao lado do comparsa, sem levantar suspeitas.<\/p>\n<p>A situa\u00e7\u00e3o mudou quando o primeiro criminoso foi ao banheiro e, ao retornar, sacou uma arma da mochila e rendeu as v\u00edtimas. Os dois assaltantes passaram a recolher os celulares e amarraram m\u00e3os e p\u00e9s de algumas pessoas com lacres pl\u00e1sticos. Outras foram amorda\u00e7adas com fita adesiva.<\/p>\n<p>Durante o assalto, um entregador da loja chegou a tentar entrar. Uma funcion\u00e1ria gritou, alertando sobre a situa\u00e7\u00e3o, e ele fugiu. O assaltante de cinza saiu correndo atr\u00e1s dele com a arma, enquanto o outro impedia as v\u00edtimas de fugir.<\/p>\n<p>A a\u00e7\u00e3o come\u00e7ou a se desfazer quando uma das mulheres conseguiu escapar. Mesmo com as m\u00e3os atadas, um dos clientes agarrou o criminoso, que caiu no ch\u00e3o. Com a ajuda de outros clientes, ele foi imobilizado e contido at\u00e9 a chegada da Pol\u00edcia Militar, acionada por uma das v\u00edtimas.<\/p>\n<p>Luiz Miguel S\u00e1 do Nascimento, de 28 anos, foi preso em flagrante. Ele j\u00e1 tinha dois mandados de pris\u00e3o em aberto e cinco passagens anteriores por roubo e associa\u00e7\u00e3o criminosa. A roupa usada por ele pertencia \u00e0 Funda\u00e7\u00e3o Parques e Jardins da Prefeitura do Rio, que informou que ele n\u00e3o faz parte do quadro de funcion\u00e1rios e que o uniforme era de um modelo antigo.<\/p>\n<p>A pol\u00edcia agora tenta identificar o segundo assaltante, que conseguiu fugir. Ele usou um documento falso para entrar no pr\u00e9dio onde a loja funciona. O preju\u00edzo com o roubo de tr\u00eas celulares foi estimado em R$ 20 mil.<\/p>\n<p>&nbsp;<\/p>\n<p>Fonte: Portal CidadeVerde.<br \/>\nConfira esta e outras mat\u00e9rias na \u00edntegra pelo link: https:\/\/cidadeverde.com\/noticias\/445974\/clientes-reagem-a-assalto-em-loja-de-celulares-e-imobilizam-criminoso-no-rj<\/p>\n","protected":false},"excerpt":{"rendered":"<p>Clientes e funcion\u00e1rios de uma loja de celulares viveram momentos de terror durante um assalto em Niter\u00f3i, na regi\u00e3o metropolitana do Rio de Janeiro. C\u00e2meras de seguran\u00e7a registraram toda a a\u00e7\u00e3o, que durou cerca de 10 minutos e terminou com a pris\u00e3o de um dos criminosos. Onze pessoas estavam na loja quando o primeiro suspeito [&hellip;]<\/p>\n","protected":false},"author":3,"featured_media":13072,"comment_status":"open","ping_status":"open","sticky":false,"template":"","format":"standard","meta":{"om_disable_all_campaigns":false,"_monsterinsights_skip_tracking":false,"_monsterinsights_sitenote_active":false,"_monsterinsights_sitenote_note":"","_monsterinsights_sitenote_category":0,"footnotes":""},"categories":[47,542],"tags":[],"class_list":["post-13071","post","type-post","status-publish","format-standard","has-post-thumbnail","hentry","category-nacionais","category-policia"],"jetpack_featured_media_url":"https:\/\/fatoelado.com\/wp-content\/uploads\/2025\/11\/Captura-de-tela-2025-11-21-115006.png","_links":{"self":[{"href":"https:\/\/fatoelado.com\/index.php?rest_route=\/wp\/v2\/posts\/13071","targetHints":{"allow":["GET"]}}],"collection":[{"href":"https:\/\/fatoelado.com\/index.php?rest_route=\/wp\/v2\/posts"}],"about":[{"href":"https:\/\/fatoelado.com\/index.php?rest_route=\/wp\/v2\/types\/post"}],"author":[{"embeddable":true,"href":"https:\/\/fatoelado.com\/index.php?rest_route=\/wp\/v2\/users\/3"}],"replies":[{"embeddable":true,"href":"https:\/\/fatoelado.com\/index.php?rest_route=%2Fwp%2Fv2%2Fcomments&post=13071"}],"version-history":[{"count":1,"href":"https:\/\/fatoelado.com\/index.php?rest_route=\/wp\/v2\/posts\/13071\/revisions"}],"predecessor-version":[{"id":13073,"href":"https:\/\/fatoelado.com\/index.php?rest_route=\/wp\/v2\/posts\/13071\/revisions\/13073"}],"wp:featuredmedia":[{"embeddable":true,"href":"https:\/\/fatoelado.com\/index.php?rest_route=\/wp\/v2\/media\/13072"}],"wp:attachment":[{"href":"https:\/\/fatoelado.com\/index.php?rest_route=%2Fwp%2Fv2%2Fmedia&parent=13071"}],"wp:term":[{"taxonomy":"category","embeddable":true,"href":"https:\/\/fatoelado.com\/index.php?rest_route=%2Fwp%2Fv2%2Fcategories&post=13071"},{"taxonomy":"post_tag","embeddable":true,"href":"https:\/\/fatoelado.com\/index.php?rest_route=%2Fwp%2Fv2%2Ftags&post=13071"}],"curies":[{"name":"wp","href":"https:\/\/api.w.org\/{rel}","templated":true}]}}