{"id":13068,"date":"2025-11-21T11:49:24","date_gmt":"2025-11-21T14:49:24","guid":{"rendered":"https:\/\/fatoelado.com\/?p=13068"},"modified":"2025-11-21T11:49:24","modified_gmt":"2025-11-21T14:49:24","slug":"setor-do-cafe-comemora-fim-do-tarifaco-e-elogia-governo-forte-trabalho","status":"publish","type":"post","link":"https:\/\/fatoelado.com\/?p=13068","title":{"rendered":"Setor do caf\u00e9 comemora fim do tarifa\u00e7o e elogia governo: &#8220;Forte trabalho&#8221;"},"content":{"rendered":"<p><img decoding=\"async\" class=\"aligncenter\" src=\"https:\/\/cidadeverde.com\/assets\/uploads\/colecoes\/2\/2025\/09\/Captura_de_tela_2025-09-25_150221.png\" alt=\"\" \/><\/p>\n<p>A Associa\u00e7\u00e3o Braisleira da Ind\u00fastria de Caf\u00e9 (Abic) comemorou a decis\u00e3o do governo dos Estados Unidos de revogar, por meio de ordem executiva, a tarifa adicional de 40% imposta a diversos produtos brasileiros, incluindo o caf\u00e9. A medida, anunciada pela Casa Branca nesta quinta-feira (20), garante novamente a taxa zero para as exporta\u00e7\u00f5es desses itens.<\/p>\n<p>Por meio de nota, a Abic afirmou que essa &#8220;conquista&#8221; \u00e9 resultado do &#8220;forte trabalho diplom\u00e1tico&#8221; liderado por autoridades do governo brasileiro. Desde agosto, quando as tarifas entraram em vigor, o vice-presidente Geraldo Alckmin passou a liderar um plano de negocia\u00e7\u00e3o com autoridades americanas, que incluiu viagens a Washington.<\/p>\n<p>Em pouco mais de tr\u00eas meses, o ministro das Rela\u00e7\u00f5es Exteriores, Mauro Vieira, viajou tr\u00eas vezes \u00e0 capital dos EUA para conversar com o secret\u00e1rio de Estado do pa\u00eds, Marco Rubio, e outras autoridades. O chanceler brasileiro esteve na cidade na \u00faltima semana e j\u00e1 havia adiantado que um acordo final sobre o tarifa\u00e7o viria em breve.<\/p>\n<p>&#8220;Essa conquista \u00e9 resultado do forte trabalho diplom\u00e1tico liderado pelo Vice-Presidente Geraldo Alckmin e pelo Chanceler Mauro Vieira, al\u00e9m da mobiliza\u00e7\u00e3o de toda a cadeia produtiva do caf\u00e9, que foi extremamente unida, e das nossas contrapartes nos Estados Unidos&#8221;, afirmou Pavel Cardoso, presidente da Abic.<\/p>\n<blockquote><p>&#8220;Desde o in\u00edcio do ano, o setor privado atuou como interlocutor t\u00e9cnico, dialogando com importadores e fornecendo informa\u00e7\u00f5es estrat\u00e9gicas que auxiliaram o governo nas negocia\u00e7\u00f5es&#8221;, acrescentou.<\/p><\/blockquote>\n<p>A ordem executiva assinada pelo presidente dos EUA revoga tarifas sobre commodities agr\u00edcolas brasileiras, alimentos b\u00e1sicos e processados, fertilizantes essenciais para a produ\u00e7\u00e3o agr\u00edcola, insumos industriais estrat\u00e9gicos e pe\u00e7as t\u00e9cnicas voltadas ao setor aeron\u00e1utico.<\/p>\n<p>Al\u00e9m do caf\u00e9, constam na lista produtos como carne; tomate; frutas; cacau; pimentas diversas; farinhas e amidos de mandioca, banana e ra\u00edzes tropicais; cevada; fertilizantes; tubos, mangueiras e pe\u00e7as pl\u00e1sticas para avia\u00e7\u00e3o; pe\u00e7as de borracha vulcanizada; pneus para aeronaves; e componentes met\u00e1licos para estruturas e motores.<\/p>\n<p style=\"text-align: left;\">Segundo a ordem executiva, a decis\u00e3o foi tomada ap\u00f3s an\u00e1lise de informa\u00e7\u00f5es e recomenda\u00e7\u00f5es apresentadas por autoridades norte-americanas, al\u00e9m do andamento das negocia\u00e7\u00f5es com o governo brasileiro. O texto deixa claro que o monitoramento das circunst\u00e2ncias permanecer\u00e1 ativo e que novas medidas poder\u00e3o ser adotadas, caso consideradas necess\u00e1rias.<\/p>\n<p>&nbsp;<\/p>\n<p>Fonte: Portal CidadeVerde.<br \/>\nConfira esta e outras mat\u00e9rias na \u00edntegra pelo link: https:\/\/cidadeverde.com\/noticias\/445977\/setor-do-cafe-comemora-fim-do-tarifaco-e-elogia-governo-forte-trabalho<\/p>\n","protected":false},"excerpt":{"rendered":"<p>A Associa\u00e7\u00e3o Braisleira da Ind\u00fastria de Caf\u00e9 (Abic) comemorou a decis\u00e3o do governo dos Estados Unidos de revogar, por meio de ordem executiva, a tarifa adicional de 40% imposta a diversos produtos brasileiros, incluindo o caf\u00e9. A medida, anunciada pela Casa Branca nesta quinta-feira (20), garante novamente a taxa zero para as exporta\u00e7\u00f5es desses itens. [&hellip;]<\/p>\n","protected":false},"author":3,"featured_media":13069,"comment_status":"open","ping_status":"open","sticky":false,"template":"","format":"standard","meta":{"om_disable_all_campaigns":false,"_monsterinsights_skip_tracking":false,"_monsterinsights_sitenote_active":false,"_monsterinsights_sitenote_note":"","_monsterinsights_sitenote_category":0,"footnotes":""},"categories":[47],"tags":[],"class_list":["post-13068","post","type-post","status-publish","format-standard","has-post-thumbnail","hentry","category-nacionais"],"jetpack_featured_media_url":"https:\/\/fatoelado.com\/wp-content\/uploads\/2025\/11\/Captura_de_tela_2025-09-25_150221.png","_links":{"self":[{"href":"https:\/\/fatoelado.com\/index.php?rest_route=\/wp\/v2\/posts\/13068","targetHints":{"allow":["GET"]}}],"collection":[{"href":"https:\/\/fatoelado.com\/index.php?rest_route=\/wp\/v2\/posts"}],"about":[{"href":"https:\/\/fatoelado.com\/index.php?rest_route=\/wp\/v2\/types\/post"}],"author":[{"embeddable":true,"href":"https:\/\/fatoelado.com\/index.php?rest_route=\/wp\/v2\/users\/3"}],"replies":[{"embeddable":true,"href":"https:\/\/fatoelado.com\/index.php?rest_route=%2Fwp%2Fv2%2Fcomments&post=13068"}],"version-history":[{"count":1,"href":"https:\/\/fatoelado.com\/index.php?rest_route=\/wp\/v2\/posts\/13068\/revisions"}],"predecessor-version":[{"id":13070,"href":"https:\/\/fatoelado.com\/index.php?rest_route=\/wp\/v2\/posts\/13068\/revisions\/13070"}],"wp:featuredmedia":[{"embeddable":true,"href":"https:\/\/fatoelado.com\/index.php?rest_route=\/wp\/v2\/media\/13069"}],"wp:attachment":[{"href":"https:\/\/fatoelado.com\/index.php?rest_route=%2Fwp%2Fv2%2Fmedia&parent=13068"}],"wp:term":[{"taxonomy":"category","embeddable":true,"href":"https:\/\/fatoelado.com\/index.php?rest_route=%2Fwp%2Fv2%2Fcategories&post=13068"},{"taxonomy":"post_tag","embeddable":true,"href":"https:\/\/fatoelado.com\/index.php?rest_route=%2Fwp%2Fv2%2Ftags&post=13068"}],"curies":[{"name":"wp","href":"https:\/\/api.w.org\/{rel}","templated":true}]}}