{"id":13044,"date":"2025-11-20T13:56:54","date_gmt":"2025-11-20T16:56:54","guid":{"rendered":"https:\/\/fatoelado.com\/?p=13044"},"modified":"2025-11-20T13:56:54","modified_gmt":"2025-11-20T16:56:54","slug":"piaui-celebra-dia-da-consciencia-negra-com-maior-marco-de-regularizacao-quilombola-em-sua-historia","status":"publish","type":"post","link":"https:\/\/fatoelado.com\/?p=13044","title":{"rendered":"Piau\u00ed celebra Dia da Consci\u00eancia Negra com maior marco de regulariza\u00e7\u00e3o quilombola em sua hist\u00f3ria"},"content":{"rendered":"<h2 class=\"elementor-heading-title elementor-size-default\" style=\"text-align: center;\">Com 36 comunidades tituladas e mais de 10 mil pessoas alcan\u00e7adas, Estado reafirma compromisso com justi\u00e7a hist\u00f3rica, mem\u00f3ria e identidade das comunidades tradicionais.<\/h2>\n<p>&nbsp;<\/p>\n<p>No Dia da Consci\u00eancia Negra, o Governo do Estado destaca o avan\u00e7o hist\u00f3rico na pol\u00edtica de regulariza\u00e7\u00e3o fundi\u00e1ria de comunidades quilombolas. O Piau\u00ed j\u00e1 titulou 50 comunidades tradicionais, sendo 36 quilombolas. Desse total, 28 foram regularizadas somente na atual gest\u00e3o do governador Rafael Fonteles e do diretor-geral do Instituto da Regulariza\u00e7\u00e3o Fundi\u00e1ria e do Patrim\u00f4nio Imobili\u00e1rio do Estado do Piau\u00ed (Interpi), Rodrigo Cavalcante, consolidando o maior ciclo de reconhecimento territorial da hist\u00f3ria do Estado.<\/p>\n<p>Desde 2023, 2.947 fam\u00edlias foram beneficiadas, sendo 2.271 somente na gest\u00e3o atual. Isso significa que mais de 10 mil pessoas j\u00e1 tiveram suas vidas transformadas com seguran\u00e7a jur\u00eddica, garantia de perman\u00eancia nos territ\u00f3rios e acesso ampliado a pol\u00edticas p\u00fablicas.<\/p>\n<figure id=\"attachment_88383\" class=\"wp-caption alignnone\" aria-describedby=\"caption-attachment-88383\"><img loading=\"lazy\" decoding=\"async\" class=\"wp-image-88383 size-full\" src=\"https:\/\/www.pi.gov.br\/wp-content\/uploads\/2025\/10\/Titulos-de-terra-6.jpeg\" sizes=\"auto, (max-width: 1280px) 100vw, 1280px\" srcset=\"https:\/\/www.pi.gov.br\/wp-content\/uploads\/2025\/10\/Titulos-de-terra-6.jpeg 1280w, https:\/\/www.pi.gov.br\/wp-content\/uploads\/2025\/10\/Titulos-de-terra-6-300x200.jpeg 300w, https:\/\/www.pi.gov.br\/wp-content\/uploads\/2025\/10\/Titulos-de-terra-6-1024x682.jpeg 1024w, https:\/\/www.pi.gov.br\/wp-content\/uploads\/2025\/10\/Titulos-de-terra-6-768x512.jpeg 768w\" alt=\"\" width=\"1280\" height=\"853\" \/><figcaption id=\"caption-attachment-88383\" class=\"wp-caption-text\"><em>Foto: Gabriel Torres<\/em><\/figcaption><\/figure>\n<p>O governador Rafael Fonteles destaca que a entrega dos t\u00edtulos representa repara\u00e7\u00e3o e compromisso do Estado com a justi\u00e7a hist\u00f3rica. \u201cEle traz seguran\u00e7a aos moradores atuais e \u00e0s gera\u00e7\u00f5es futuras, que poder\u00e3o viver com tranquilidade e paz, de forma que possam manter a sua cultura, produ\u00e7\u00e3o e renda, al\u00e9m de viver como gostam e no lugar que amam. Esse t\u00edtulo \u00e9 o m\u00ednimo a ser feito em raz\u00e3o da d\u00edvida hist\u00f3rica que temos com o povo negro do Piau\u00ed\u201d, argumenta o governador.<\/p>\n<p>Entre os beneficiados, o sentimento \u00e9 de vit\u00f3ria coletiva e reconhecimento de d\u00e9cadas de resist\u00eancia. Marciano Pereira de Oliveira, da comunidade quilombola Cepisa, relatou a trajet\u00f3ria do grupo at\u00e9 o t\u00edtulo. \u201c\u00c9 um momento de muita alegria. A gente vinha lutando por esse t\u00edtulo. A gente saiu de uma fazenda em 1975. Desde ent\u00e3o, a gente est\u00e1 nesse territ\u00f3rio, mas sem regulariza\u00e7\u00e3o, e sofr\u00edamos muito para acessar pol\u00edticas p\u00fablicas. Mas, gra\u00e7as \u00e0 nossa luta e \u00e0 de v\u00e1rias lideran\u00e7as, a gente conseguiu, por meio do Interpi, essa regulariza\u00e7\u00e3o\u201d, celebra o beneficiado.<\/p>\n<figure id=\"attachment_88384\" class=\"wp-caption alignnone\" aria-describedby=\"caption-attachment-88384\"><img loading=\"lazy\" decoding=\"async\" class=\"wp-image-88384 size-full\" src=\"https:\/\/www.pi.gov.br\/wp-content\/uploads\/2025\/10\/Titulos-de-terra-7.jpeg\" sizes=\"auto, (max-width: 1280px) 100vw, 1280px\" srcset=\"https:\/\/www.pi.gov.br\/wp-content\/uploads\/2025\/10\/Titulos-de-terra-7.jpeg 1280w, https:\/\/www.pi.gov.br\/wp-content\/uploads\/2025\/10\/Titulos-de-terra-7-300x200.jpeg 300w, https:\/\/www.pi.gov.br\/wp-content\/uploads\/2025\/10\/Titulos-de-terra-7-1024x682.jpeg 1024w, https:\/\/www.pi.gov.br\/wp-content\/uploads\/2025\/10\/Titulos-de-terra-7-768x512.jpeg 768w\" alt=\"\" width=\"1280\" height=\"853\" \/><figcaption id=\"caption-attachment-88384\" class=\"wp-caption-text\"><em>Foto: Gabriel Torres<\/em><\/figcaption><\/figure>\n<p>As a\u00e7\u00f5es de regulariza\u00e7\u00e3o se articulam \u00e0s pol\u00edticas de valoriza\u00e7\u00e3o da mem\u00f3ria e da cultura negra no estado, refor\u00e7adas pela recente reforma e moderniza\u00e7\u00e3o do Memorial Esperan\u00e7a Garcia, espa\u00e7o que simboliza resist\u00eancia, identidade e educa\u00e7\u00e3o.<\/p>\n<p>Neste 20 de novembro, o Interpi reafirma que territ\u00f3rio, mem\u00f3ria e identidade s\u00e3o pilares fundamentais para a constru\u00e7\u00e3o de um Piau\u00ed mais justo, plural e comprometido com a ancestralidade e a dignidade das comunidades que sustentam a hist\u00f3ria do Estado.<\/p>\n<figure id=\"attachment_88379\" class=\"wp-caption alignnone\" aria-describedby=\"caption-attachment-88379\"><img loading=\"lazy\" decoding=\"async\" class=\"wp-image-88379 size-full\" src=\"https:\/\/www.pi.gov.br\/wp-content\/uploads\/2025\/10\/Titulos-de-terra-2.jpeg\" sizes=\"auto, (max-width: 1280px) 100vw, 1280px\" srcset=\"https:\/\/www.pi.gov.br\/wp-content\/uploads\/2025\/10\/Titulos-de-terra-2.jpeg 1280w, https:\/\/www.pi.gov.br\/wp-content\/uploads\/2025\/10\/Titulos-de-terra-2-300x200.jpeg 300w, https:\/\/www.pi.gov.br\/wp-content\/uploads\/2025\/10\/Titulos-de-terra-2-1024x682.jpeg 1024w, https:\/\/www.pi.gov.br\/wp-content\/uploads\/2025\/10\/Titulos-de-terra-2-768x512.jpeg 768w\" alt=\"\" width=\"1280\" height=\"853\" \/><figcaption id=\"caption-attachment-88379\" class=\"wp-caption-text\"><em>Foto: Gabriel Torres<\/p>\n<p><\/em>Fonte: Portal pi.Gov<br \/>\nConfira esta e outras mat\u00e9rias na \u00edntegra pelo link: https:\/\/www.pi.gov.br\/piaui-celebra-dia-da-consciencia-negra-com-maior-marco-de-regularizacao-quilombola-em-sua-historia\/<\/figcaption><\/figure>\n","protected":false},"excerpt":{"rendered":"<p>Com 36 comunidades tituladas e mais de 10 mil pessoas alcan\u00e7adas, Estado reafirma compromisso com justi\u00e7a hist\u00f3rica, mem\u00f3ria e identidade das comunidades tradicionais. &nbsp; No Dia da Consci\u00eancia Negra, o Governo do Estado destaca o avan\u00e7o hist\u00f3rico na pol\u00edtica de regulariza\u00e7\u00e3o fundi\u00e1ria de comunidades quilombolas. O Piau\u00ed j\u00e1 titulou 50 comunidades tradicionais, sendo 36 quilombolas. [&hellip;]<\/p>\n","protected":false},"author":3,"featured_media":13045,"comment_status":"open","ping_status":"open","sticky":false,"template":"","format":"standard","meta":{"om_disable_all_campaigns":false,"_monsterinsights_skip_tracking":false,"_monsterinsights_sitenote_active":false,"_monsterinsights_sitenote_note":"","_monsterinsights_sitenote_category":0,"footnotes":""},"categories":[33],"tags":[],"class_list":["post-13044","post","type-post","status-publish","format-standard","has-post-thumbnail","hentry","category-piaui"],"jetpack_featured_media_url":"https:\/\/fatoelado.com\/wp-content\/uploads\/2025\/11\/Titulos-de-terra-7.jpeg","_links":{"self":[{"href":"https:\/\/fatoelado.com\/index.php?rest_route=\/wp\/v2\/posts\/13044","targetHints":{"allow":["GET"]}}],"collection":[{"href":"https:\/\/fatoelado.com\/index.php?rest_route=\/wp\/v2\/posts"}],"about":[{"href":"https:\/\/fatoelado.com\/index.php?rest_route=\/wp\/v2\/types\/post"}],"author":[{"embeddable":true,"href":"https:\/\/fatoelado.com\/index.php?rest_route=\/wp\/v2\/users\/3"}],"replies":[{"embeddable":true,"href":"https:\/\/fatoelado.com\/index.php?rest_route=%2Fwp%2Fv2%2Fcomments&post=13044"}],"version-history":[{"count":1,"href":"https:\/\/fatoelado.com\/index.php?rest_route=\/wp\/v2\/posts\/13044\/revisions"}],"predecessor-version":[{"id":13046,"href":"https:\/\/fatoelado.com\/index.php?rest_route=\/wp\/v2\/posts\/13044\/revisions\/13046"}],"wp:featuredmedia":[{"embeddable":true,"href":"https:\/\/fatoelado.com\/index.php?rest_route=\/wp\/v2\/media\/13045"}],"wp:attachment":[{"href":"https:\/\/fatoelado.com\/index.php?rest_route=%2Fwp%2Fv2%2Fmedia&parent=13044"}],"wp:term":[{"taxonomy":"category","embeddable":true,"href":"https:\/\/fatoelado.com\/index.php?rest_route=%2Fwp%2Fv2%2Fcategories&post=13044"},{"taxonomy":"post_tag","embeddable":true,"href":"https:\/\/fatoelado.com\/index.php?rest_route=%2Fwp%2Fv2%2Ftags&post=13044"}],"curies":[{"name":"wp","href":"https:\/\/api.w.org\/{rel}","templated":true}]}}