{"id":13041,"date":"2025-11-20T13:53:47","date_gmt":"2025-11-20T16:53:47","guid":{"rendered":"https:\/\/fatoelado.com\/?p=13041"},"modified":"2025-11-20T13:53:47","modified_gmt":"2025-11-20T16:53:47","slug":"torcida-do-palmeiras-se-revolta-com-derrota-do-flamengo-absolutamente-nada","status":"publish","type":"post","link":"https:\/\/fatoelado.com\/?p=13041","title":{"rendered":"Torcida do Palmeiras se revolta com derrota do Flamengo: &#8216;Absolutamente nada&#8217;"},"content":{"rendered":"<div class=\"flex w-full flex-col gap-2 pb-2 md:gap-4 md:mt-6 md:mb-4\">\n<h2 class=\"font-krub text-base leading-normal font-normal text-start text-[#4D5156] w-full\" style=\"text-align: center;\">Rubro-Negro perdeu o cl\u00e1ssico para o Fluminense por 2 a 1<\/h2>\n<\/div>\n<figure class=\"relative w-full overflow-hidden tab-m:w-screen tab-m:max-w-screen-md md:-mt-4 tab-m:-mx-4 tab-m:rounded-b-none rounded-b-2xl max-h-[355px] desk-news:max-h-[501px]\">\n<div class=\"w-full rounded-[20px] h-20 -z-10 -mb-[75px] tab:w-screen mx-auto\"><\/div>\n<div class=\"relative max-h-[350px] desk-news:max-h-[496px] bg-transparent h-full max-h-[350px]\"><img loading=\"lazy\" decoding=\"async\" class=\"rounded-lg object-cover object-top tab-m:rounded-t-2xl tab-m:rounded-b-none rounded-b-2xl max-h-[350px] h-[350px] desk-news:h-full desk-news:max-h-[496px] flex-shrink-0 w-full\" src=\"https:\/\/lncimg.lance.com.br\/cdn-cgi\/image\/width=950,quality=75,fit=pad,format=webp\/uploads\/2025\/11\/20251116-091118_2318158_3103-scaled-aspect-ratio-512-320-1.jpg\" srcset=\"https:\/\/lncimg.lance.com.br\/cdn-cgi\/image\/width=950,quality=75,fit=pad,format=webp\/uploads\/2025\/11\/20251116-091118_2318158_3103-scaled-aspect-ratio-512-320-1.jpg 1x\" alt=\"Flamengo e Palmeiras seguem na luta pelo t\u00edtulo do Brasileir\u00e3o (Foto: Thiago Ribeiro\/Agif\/Gazeta Press)\" width=\"850\" height=\"350\" data-nimg=\"1\" \/><\/div>\n<\/figure>\n<div>\n<p class=\"w-full text-lg font-krub text-gray-500 leading-30\">Muitos torcedores do Palmeiras ficaram revoltados com a derrota do Flamengo, na noite desta quarta-feira (19), pelo Campeonato Brasileiro. O Rubro-Negro perdeu para o Fluminense por 2 a 1 no Maracan\u00e3, mas se manteve na lideran\u00e7a.<\/p>\n<p class=\"w-full text-lg font-krub text-gray-500 leading-30\">Com os resultados da 34\u00b0 rodada, o Palmeiras reduziu para dois pontos a diferen\u00e7a para o Flamengo na tabela do Brasileir\u00e3o. O time comandado por Abel Ferreira empatou no Allianz Parque com o Vit\u00f3ria em jogo morno.<\/p>\n<p class=\"w-full text-lg font-krub text-gray-500 leading-30\">Depois da derrota do Rubro-Negro, muitos torcedores do Verd\u00e3o se revoltaram nas redes sociais. A indigna\u00e7\u00e3o \u00e9 que se o Palmeiras tivesse vencido, teria ultrapassado o Flamengo, j\u00e1 que teria uma vit\u00f3ria a mais.\u00a0<strong class=\"font-bold\">Veja os coment\u00e1rios abaixo:<\/strong><\/p>\n<p>&nbsp;<\/p>\n<figure class=\"relative\"><img loading=\"lazy\" decoding=\"async\" class=\"w-full rounded-lg \" src=\"https:\/\/lncimg.lance.com.br\/cdn-cgi\/image\/width=850,quality=75,format=webp\/uploads\/2025\/10\/Carrascal-Flamengo-Palmeiras-1920x1280.jpg\" alt=\"Flamengo e Palmeiras decidem a Libertadores no pr\u00f3ximo dia 29 de novembro (Foto: Gilvan de Souza\/Flamengo)\" width=\"850\" height=\"530\" data-nimg=\"1\" \/><figcaption class=\"font-krub font-normal not-italic text-[12px] leading-5 text-[#808080] flex items-center justify-start mt-2\">Flamengo e Palmeiras decidem a Libertadores no pr\u00f3ximo dia 29 de novembro (Foto: Gilvan de Souza\/Flamengo)<\/figcaption><\/figure>\n<div class=\"w-full font-krub not-italic font-normal text-start\">\n<h2 class=\"font-bold text-3xl tab-m:text-xl\">Veja rea\u00e7\u00e3o da torcida do Palmeiras com a derrota do Flamengo<\/h2>\n<\/div>\n<div class=\"w-full h-full flex justify-center items-center flex-col\">\n<div class=\"twitter-tweet twitter-tweet-rendered\"><\/div>\n<\/div>\n<div class=\"w-full font-krub not-italic font-normal text-start\">\n<h2 class=\"font-bold text-3xl tab-m:text-xl\">Disputa pelo t\u00edtulo<\/h2>\n<\/div>\n<p class=\"w-full text-lg font-krub text-gray-500 leading-30\">Os torcedores do Flamengo estavam ligados no duelo entre Santos x Palmeiras, pelo Campeonato Brasileiro, que \u00e9 decisivo na briga pelo t\u00edtulo. Com a goleada de virada em cima do Sport, na Arena Pernambuco, o Rubro-Negro assumiu a lideran\u00e7a da competi\u00e7\u00e3o.<\/p>\n<p class=\"w-full text-lg font-krub text-gray-500 leading-30\">Com a vit\u00f3ria, o Flamengo chegou a 71 pontos, e depois do resultado de Santos x Palmeiras, virou l\u00edder do Brasileir\u00e3o de maneira oficial. O Verd\u00e3o estacionou nos 69 pontos e perdeu o posto mais alto da tabela.<\/p>\n<div class=\"w-full border-b-[1px] border-solid border-b-[#DFE4EA] h-max min-h-[250px] py-1 bg-table-white flex items-center justify-center\">\n<div id=\"quadrado_5\" class=\"flex items-center justify-center\" data-google-query-id=\"CKKvnruYgZEDFUgl4AMdXsgUAg\">\n<div id=\"google_ads_iframe_\/102307571\/fora-de-campo_6__container__\"><\/div>\n<\/div>\n<\/div>\n<div class=\"w-full font-krub not-italic font-normal text-start\">\n<h2 class=\"font-bold text-3xl tab-m:text-xl\">Final entre Palmeiras X Flamengo mexe com o Brasileir\u00e3o<\/h2>\n<\/div>\n<p class=\"w-full text-lg font-krub text-gray-500 leading-30\">Palmeiras e Flamengo\u00a0se enfrentar\u00e3o, mais uma vez, na final da\u00a0Libertadores\u00a0em 2025. Os rivais repetem a decis\u00e3o de 2021, quando o Verd\u00e3o levou a melhor, e definir\u00e3o qual ser\u00e1 o primeiro tetracampe\u00e3o continental do Brasil. Contudo, os dois melhores times da Am\u00e9rica do Sul disputam tamb\u00e9m o t\u00edtulo do Brasileir\u00e3o, e a partida em Lima, no dia 29 de novembro, pode afetar os rumos do campeonato nacional.<\/p>\n<p class=\"w-full text-lg font-krub text-gray-500 leading-30\">Diferentemente daquela final h\u00e1 quatro anos, que culminou no terceiro t\u00edtulo alviverde, os clubes tem o foco dividido entre duas competi\u00e7\u00f5es. Naquela temporada, o Atl\u00e9tico-MG dominou o Campeonato Brasileiro e abriu larga vantagem sobre a dupla na lideran\u00e7a. J\u00e1 na Copa do Brasil \u2014 tamb\u00e9m vencida pelo Galo \u2014, a exemplo deste ano, tanto Palmeiras quanto Flamengo j\u00e1 estavam eliminados ao final de outubro.<\/p>\n<p class=\"w-full text-lg font-krub text-gray-500 leading-30\">Em 2025, o contexto das equipes no Brasileir\u00e3o n\u00e3o permite descanso. O Flamengo lidera com 71 pontos, contra 69 do Palmeiras. Ambos t\u00eam cinco partidas a jogar; duas at\u00e9 a final da Libertadores. A disputa ponto a ponto coloca em d\u00favida a estrat\u00e9gia dos times at\u00e9 a decis\u00e3o.<\/p>\n<\/div>\n<p>&nbsp;<\/p>\n<p>Fonte: Portal Lance.<br \/>\nConfira esta e outras mat\u00e9rias na \u00edntegra pelo link: https:\/\/www.lance.com.br\/fora-de-campo\/torcida-do-palmeiras-se-revolta-com-derrota-do-flamengo-absolutamente-nada.html<\/p>\n","protected":false},"excerpt":{"rendered":"<p>Rubro-Negro perdeu o cl\u00e1ssico para o Fluminense por 2 a 1 Muitos torcedores do Palmeiras ficaram revoltados com a derrota do Flamengo, na noite desta quarta-feira (19), pelo Campeonato Brasileiro. O Rubro-Negro perdeu para o Fluminense por 2 a 1 no Maracan\u00e3, mas se manteve na lideran\u00e7a. Com os resultados da 34\u00b0 rodada, o Palmeiras [&hellip;]<\/p>\n","protected":false},"author":3,"featured_media":13042,"comment_status":"open","ping_status":"open","sticky":false,"template":"","format":"standard","meta":{"om_disable_all_campaigns":false,"_monsterinsights_skip_tracking":false,"_monsterinsights_sitenote_active":false,"_monsterinsights_sitenote_note":"","_monsterinsights_sitenote_category":0,"footnotes":""},"categories":[48],"tags":[],"class_list":["post-13041","post","type-post","status-publish","format-standard","has-post-thumbnail","hentry","category-esportes"],"jetpack_featured_media_url":"https:\/\/fatoelado.com\/wp-content\/uploads\/2025\/11\/20251116-091118_2318158_3103-scaled-aspect-ratio-512-320-1.webp","_links":{"self":[{"href":"https:\/\/fatoelado.com\/index.php?rest_route=\/wp\/v2\/posts\/13041","targetHints":{"allow":["GET"]}}],"collection":[{"href":"https:\/\/fatoelado.com\/index.php?rest_route=\/wp\/v2\/posts"}],"about":[{"href":"https:\/\/fatoelado.com\/index.php?rest_route=\/wp\/v2\/types\/post"}],"author":[{"embeddable":true,"href":"https:\/\/fatoelado.com\/index.php?rest_route=\/wp\/v2\/users\/3"}],"replies":[{"embeddable":true,"href":"https:\/\/fatoelado.com\/index.php?rest_route=%2Fwp%2Fv2%2Fcomments&post=13041"}],"version-history":[{"count":1,"href":"https:\/\/fatoelado.com\/index.php?rest_route=\/wp\/v2\/posts\/13041\/revisions"}],"predecessor-version":[{"id":13043,"href":"https:\/\/fatoelado.com\/index.php?rest_route=\/wp\/v2\/posts\/13041\/revisions\/13043"}],"wp:featuredmedia":[{"embeddable":true,"href":"https:\/\/fatoelado.com\/index.php?rest_route=\/wp\/v2\/media\/13042"}],"wp:attachment":[{"href":"https:\/\/fatoelado.com\/index.php?rest_route=%2Fwp%2Fv2%2Fmedia&parent=13041"}],"wp:term":[{"taxonomy":"category","embeddable":true,"href":"https:\/\/fatoelado.com\/index.php?rest_route=%2Fwp%2Fv2%2Fcategories&post=13041"},{"taxonomy":"post_tag","embeddable":true,"href":"https:\/\/fatoelado.com\/index.php?rest_route=%2Fwp%2Fv2%2Ftags&post=13041"}],"curies":[{"name":"wp","href":"https:\/\/api.w.org\/{rel}","templated":true}]}}