{"id":13038,"date":"2025-11-20T13:51:50","date_gmt":"2025-11-20T16:51:50","guid":{"rendered":"https:\/\/fatoelado.com\/?p=13038"},"modified":"2025-11-20T13:51:50","modified_gmt":"2025-11-20T16:51:50","slug":"andre-e-renato-se-despedem-do-mundial-de-volei-de-praia","status":"publish","type":"post","link":"https:\/\/fatoelado.com\/?p=13038","title":{"rendered":"Andr\u00e9 e Renato se despedem do Mundial de V\u00f4lei de Praia"},"content":{"rendered":"<div class=\"flex w-full flex-col gap-2 pb-2 md:gap-4 md:mt-6 md:mb-4\">\n<h2 class=\"font-krub text-base leading-normal font-normal text-start text-[#4D5156] w-full\" style=\"text-align: center;\">Tr\u00eas duplas seguem na disputa para as semifinais<\/h2>\n<\/div>\n<figure class=\"relative w-full overflow-hidden tab-m:w-screen tab-m:max-w-screen-md md:-mt-4 tab-m:-mx-4 tab-m:rounded-b-none rounded-b-2xl max-h-[355px] desk-news:max-h-[501px]\">\n<div class=\"w-full rounded-[20px] h-20 -z-10 -mb-[75px] tab:w-screen mx-auto\"><\/div>\n<div class=\"relative max-h-[350px] desk-news:max-h-[496px] bg-transparent h-full max-h-[350px]\"><img loading=\"lazy\" decoding=\"async\" class=\"rounded-lg object-cover object-top tab-m:rounded-t-2xl tab-m:rounded-b-none rounded-b-2xl max-h-[350px] h-[350px] desk-news:h-full desk-news:max-h-[496px] flex-shrink-0 w-full\" src=\"https:\/\/lncimg.lance.com.br\/cdn-cgi\/image\/width=950,quality=75,fit=pad,format=webp\/uploads\/2025\/11\/Andre-e-Renato-caem-nas-oitavas-do-Mundial-de-Volei-de-Praia-aspect-ratio-512-320.jpg\" srcset=\"https:\/\/lncimg.lance.com.br\/cdn-cgi\/image\/width=950,quality=75,fit=pad,format=webp\/uploads\/2025\/11\/Andre-e-Renato-caem-nas-oitavas-do-Mundial-de-Volei-de-Praia-aspect-ratio-512-320.jpg 1x\" alt=\"Andr\u00e9 e Renato caem nas oitavas do Mundial de V\u00f4lei de Praia (Foto: Volleyball World)\" width=\"850\" height=\"350\" data-nimg=\"1\" \/><\/div>\n<\/figure>\n<div>\n<p class=\"w-full text-lg font-krub text-gray-500 leading-30\">Fim da linha para a dupla brasileira\u00a0<strong class=\"font-bold\">Andr\u00e9 e Renato<\/strong>. Os brasileiros foram eliminados nas oitavas de final do<strong class=\"font-bold\">\u00a0Mundial de V\u00f4lei de Praia<\/strong>\u00a0ap\u00f3s ser superados pelos suecos\u00a0<strong class=\"font-bold\">H\u00f6lting Nilsson e Andersson<\/strong>, E., por dois sets a zero. O par, rec\u00e9m-formado, n\u00e3o conseguiu superar os advers\u00e1rios e encerra sua participa\u00e7\u00e3o no torneio.<\/p>\n<p>&nbsp;<\/p>\n<figure class=\"relative\"><img loading=\"lazy\" decoding=\"async\" class=\"w-full rounded-lg \" src=\"https:\/\/lncimg.lance.com.br\/cdn-cgi\/image\/width=850,quality=75,format=webp\/uploads\/2025\/11\/Andre-e-Renato-caem-nas-oitavas-do-Mundial-de-Volei-de-Praia-2.jpg\" alt=\"Andr\u00e9 e Renato caem nas oitavas do Mundial de V\u00f4lei de Praia (Foto: Volleyball World) \" width=\"850\" height=\"530\" data-nimg=\"1\" \/><figcaption class=\"font-krub font-normal not-italic text-[12px] leading-5 text-[#808080] flex items-center justify-start mt-2\">Andr\u00e9 e Renato caem nas oitavas do Mundial de V\u00f4lei de Praia (Foto: Volleyball World)<\/figcaption><\/figure>\n<div class=\"w-full font-krub not-italic font-normal text-start\">\n<h2 class=\"font-bold text-3xl tab-m:text-xl\">Como foi a partida?<\/h2>\n<\/div>\n<p class=\"w-full text-lg font-krub text-gray-500 leading-30\">As parciais de<strong class=\"font-bold\">\u00a016\/21 e 14\/21\u00a0<\/strong>refletiram a dificuldade dos brasileiros na partida. A dupla foi inferior aos suecos em todas as estat\u00edsticas, sendo not\u00f3ria a forma como os advers\u00e1rios souberam aproveitar os erros convertidos em pontos.<\/p>\n<p class=\"w-full text-lg font-krub text-gray-500 leading-30\">Andr\u00e9 foi o maior pontuador da dupla, com 15 pontos, sendo 13 de ataque e dois de bloqueio. A trajet\u00f3ria da parceria come\u00e7ou com uma derrota na fase de grupos para os tamb\u00e9m brasileiros George\/Saymon, mas eles se recuperaram, vencendo os confrontos seguintes at\u00e9 a elimina\u00e7\u00e3o nas oitavas.<\/p>\n<p>&nbsp;<\/p>\n<div class=\"w-full font-krub not-italic font-normal text-start\">\n<h2 class=\"font-bold text-3xl tab-m:text-xl\">Parceria recente e promissora<\/h2>\n<\/div>\n<p class=\"w-full text-lg font-krub text-gray-500 leading-30\">Andr\u00e9 e Renato se uniram ap\u00f3s o fim da parceria vitoriosa de Andr\u00e9 e George, uma das mais longevas do v\u00f4lei de praia nacional. A nova uni\u00e3o ocorreu ap\u00f3s as Olimp\u00edadas de Paris 2024 e, apesar da derrota recente, j\u00e1 demonstra alto desempenho. Em pouco tempo, a dupla conseguiu se classificar para o Mundial e, inclusive, vencer os atuais campe\u00f5es ol\u00edmpicos, Ahman e Hellvig na fase de grupos.<\/p>\n<p class=\"w-full text-lg font-krub text-gray-500 leading-30\">\n<div class=\"w-full font-krub not-italic font-normal text-start\">\n<h2 class=\"font-bold text-3xl tab-m:text-xl\">Desempenho das outras duplas brasileiras<\/h2>\n<\/div>\n<p class=\"w-full text-lg font-krub text-gray-500 leading-30\">A madrugada de competi\u00e7\u00f5es trouxe tamb\u00e9m resultados mistos para o Brasil. Th\u00e2mela e Vic garantiram vaga nas quartas ao vencerem as ucranianas Lazarenko e Romaniuk em tr\u00eas sets (21\/18, 11\/21 e 15\/18), superando a queda de rendimento no segundo set.<\/p>\n<p class=\"w-full text-lg font-krub text-gray-500 leading-30\">Em campanha impec\u00e1vel, a dupla n\u00famero dois do mundo, Carol e Rebecca, tamb\u00e9m avan\u00e7ou para as quartas de final em Adelaide, Austr\u00e1lia, ao superarem as alem\u00e3s Ittlinger e Gr\u00fcne, 15\u00aa no ranking, em dois sets (21\/17 e 21\/18).<\/p>\n<p class=\"w-full text-lg font-krub text-gray-500 leading-30\">Evandro e Arthur Lanci, invictos no torneio, venceram os su\u00ed\u00e7os Krattiger e Dillier por dois sets a zero, enfrentando dificuldades apenas no primeiro set.<\/p>\n<p class=\"w-full text-lg font-krub text-gray-500 leading-30\">Por fim, a dupla campe\u00e3 ol\u00edmpica e invicta no Mundial, Duda e Ana Patr\u00edcia, foi eliminada por W.O. ao desistir da partida contra as norte-americanas Donlin e Denaburg cerca de 20 minutos antes do in\u00edcio, devido a uma les\u00e3o n\u00e3o especificada pela Confedera\u00e7\u00e3o Brasileira de V\u00f4lei.<\/p>\n<\/div>\n<p>&nbsp;<\/p>\n<p>Fonte: Portal Lance.<br \/>\nConfira esta e outras mat\u00e9rias na \u00edntegra pelo link: https:\/\/www.lance.com.br\/mais-esportes\/andre-e-renato-se-despedem-do-mundial-de-volei-de-praia.html<\/p>\n","protected":false},"excerpt":{"rendered":"<p>Tr\u00eas duplas seguem na disputa para as semifinais Fim da linha para a dupla brasileira\u00a0Andr\u00e9 e Renato. Os brasileiros foram eliminados nas oitavas de final do\u00a0Mundial de V\u00f4lei de Praia\u00a0ap\u00f3s ser superados pelos suecos\u00a0H\u00f6lting Nilsson e Andersson, E., por dois sets a zero. O par, rec\u00e9m-formado, n\u00e3o conseguiu superar os advers\u00e1rios e encerra sua participa\u00e7\u00e3o [&hellip;]<\/p>\n","protected":false},"author":3,"featured_media":13039,"comment_status":"open","ping_status":"open","sticky":false,"template":"","format":"standard","meta":{"om_disable_all_campaigns":false,"_monsterinsights_skip_tracking":false,"_monsterinsights_sitenote_active":false,"_monsterinsights_sitenote_note":"","_monsterinsights_sitenote_category":0,"footnotes":""},"categories":[48],"tags":[],"class_list":["post-13038","post","type-post","status-publish","format-standard","has-post-thumbnail","hentry","category-esportes"],"jetpack_featured_media_url":"https:\/\/fatoelado.com\/wp-content\/uploads\/2025\/11\/Andre-e-Renato-caem-nas-oitavas-do-Mundial-de-Volei-de-Praia-aspect-ratio-512-320.webp","_links":{"self":[{"href":"https:\/\/fatoelado.com\/index.php?rest_route=\/wp\/v2\/posts\/13038","targetHints":{"allow":["GET"]}}],"collection":[{"href":"https:\/\/fatoelado.com\/index.php?rest_route=\/wp\/v2\/posts"}],"about":[{"href":"https:\/\/fatoelado.com\/index.php?rest_route=\/wp\/v2\/types\/post"}],"author":[{"embeddable":true,"href":"https:\/\/fatoelado.com\/index.php?rest_route=\/wp\/v2\/users\/3"}],"replies":[{"embeddable":true,"href":"https:\/\/fatoelado.com\/index.php?rest_route=%2Fwp%2Fv2%2Fcomments&post=13038"}],"version-history":[{"count":1,"href":"https:\/\/fatoelado.com\/index.php?rest_route=\/wp\/v2\/posts\/13038\/revisions"}],"predecessor-version":[{"id":13040,"href":"https:\/\/fatoelado.com\/index.php?rest_route=\/wp\/v2\/posts\/13038\/revisions\/13040"}],"wp:featuredmedia":[{"embeddable":true,"href":"https:\/\/fatoelado.com\/index.php?rest_route=\/wp\/v2\/media\/13039"}],"wp:attachment":[{"href":"https:\/\/fatoelado.com\/index.php?rest_route=%2Fwp%2Fv2%2Fmedia&parent=13038"}],"wp:term":[{"taxonomy":"category","embeddable":true,"href":"https:\/\/fatoelado.com\/index.php?rest_route=%2Fwp%2Fv2%2Fcategories&post=13038"},{"taxonomy":"post_tag","embeddable":true,"href":"https:\/\/fatoelado.com\/index.php?rest_route=%2Fwp%2Fv2%2Ftags&post=13038"}],"curies":[{"name":"wp","href":"https:\/\/api.w.org\/{rel}","templated":true}]}}