{"id":13035,"date":"2025-11-20T13:49:51","date_gmt":"2025-11-20T16:49:51","guid":{"rendered":"https:\/\/fatoelado.com\/?p=13035"},"modified":"2025-11-20T13:49:51","modified_gmt":"2025-11-20T16:49:51","slug":"europeus-repercutem-atuacao-de-neymar-gol-falha-e-pesadelo","status":"publish","type":"post","link":"https:\/\/fatoelado.com\/?p=13035","title":{"rendered":"Europeus repercutem atua\u00e7\u00e3o de Neymar: &#8216;Gol, falha e pesadelo&#8217;"},"content":{"rendered":"<div class=\"flex w-full flex-col gap-2 pb-2 md:gap-4 md:mt-6 md:mb-4\">\n<h2 class=\"font-krub text-base leading-normal font-normal text-start text-[#4D5156] w-full\" style=\"text-align: center;\">Astro marcou um gol mas cometeu p\u00eanalti<\/h2>\n<\/div>\n<figure class=\"relative w-full overflow-hidden tab-m:w-screen tab-m:max-w-screen-md md:-mt-4 tab-m:-mx-4 tab-m:rounded-b-none rounded-b-2xl max-h-[355px] desk-news:max-h-[501px]\">\n<div class=\"w-full rounded-[20px] h-20 -z-10 -mb-[75px] tab:w-screen mx-auto\"><\/div>\n<div class=\"relative max-h-[350px] desk-news:max-h-[496px] bg-transparent h-full max-h-[350px]\"><img loading=\"lazy\" decoding=\"async\" class=\"rounded-lg object-cover object-top tab-m:rounded-t-2xl tab-m:rounded-b-none rounded-b-2xl max-h-[350px] h-[350px] desk-news:h-full desk-news:max-h-[496px] flex-shrink-0 w-full\" src=\"https:\/\/lncimg.lance.com.br\/cdn-cgi\/image\/width=950,quality=75,fit=pad,format=webp\/uploads\/2025\/11\/neymar-1-scaled-aspect-ratio-512-320-1.jpg\" srcset=\"https:\/\/lncimg.lance.com.br\/cdn-cgi\/image\/width=950,quality=75,fit=pad,format=webp\/uploads\/2025\/11\/neymar-1-scaled-aspect-ratio-512-320-1.jpg 1x\" alt=\"Neymar comemora gol marcado diante do Mirassol (Foto: Mauricio De Souza\/AGIF \/ Gazeta Press)\" width=\"850\" height=\"350\" data-nimg=\"1\" \/><\/div>\n<\/figure>\n<div>\n<p class=\"w-full text-lg font-krub text-gray-500 leading-30\">A atua\u00e7\u00e3o de Neymar no\u00a0<strong>empate entre Santos e Mirassol<\/strong>, pela 34\u00aa rodada do Brasileir\u00e3o, repercutiu fortemente na imprensa europeia. Entre elogios pelo gol,\u00a0<strong>cr\u00edticas pela falha que resultou no p\u00eanalti<\/strong>\u00a0e preocupa\u00e7\u00e3o com sua condi\u00e7\u00e3o f\u00edsica, jornais espanh\u00f3is e franceses destacaram a noite do camisa 10 na Vila Belmiro.<\/p>\n<div class=\"w-full font-krub not-italic font-normal text-start\">\n<h2 class=\"font-bold text-3xl tab-m:text-xl\">Marca: &#8216;Her\u00f3i a vil\u00e3o&#8217;<\/h2>\n<\/div>\n<p class=\"w-full text-lg font-krub text-gray-500 leading-30\">O jornal espanhol Marca descreveu a atua\u00e7\u00e3o de Neymar como uma trajet\u00f3ria &#8220;de her\u00f3i a vil\u00e3o&#8221;, ressaltando que o atacante viveu uma partida marcada por extremos. O ve\u00edculo lembrou que o gol \u2013 marcado aos quatro minutos \u2013 quebrou um jejum de tr\u00eas meses e sete jogos sem balan\u00e7ar as redes. O lance foi destacado como um lampejo da genialidade que o acompanhou ao longo da carreira, finalizando um contra-ataque r\u00e1pido e inesperado.<\/p>\n<p class=\"w-full text-lg font-krub text-gray-500 leading-30\">Ao mesmo tempo, o Marca apontou que o Santos dependeu e, ao mesmo tempo, sofreu com seu principal jogador. O p\u00eanalti cometido no in\u00edcio do segundo tempo, revisado pelo VAR ap\u00f3s falta em Reinaldo, foi tratado como um erro evit\u00e1vel que custou a vit\u00f3ria. O jornal tamb\u00e9m mencionou a preocupa\u00e7\u00e3o ap\u00f3s Neymar sentir dores no p\u00e9, destacando que sua forma f\u00edsica segue longe do ideal desde seu retorno ao Peixe.<\/p>\n<p class=\"w-full text-lg font-krub text-gray-500 leading-30\">Segundo o ve\u00edculo, o camisa 10 teve lampejos da estrela mundial que um dia j\u00e1 dominou o cen\u00e1rio europeu, mas ainda esbarra em limita\u00e7\u00f5es que afetam sua regularidade. A publica\u00e7\u00e3o tamb\u00e9m lembrou que o empate mant\u00e9m o Santos \u00e0 beira da zona de rebaixamento, situa\u00e7\u00e3o que aumenta a press\u00e3o sobre o craque.<\/p>\n<div class=\" flex items-center w-full font-krub\"><span class=\"mx-2 text-gray-400 uppercase text-[10px] text-nowrap\">continua ap\u00f3s a publicidade<\/span><\/div>\n<div class=\"w-full font-krub not-italic font-normal text-start\">\n<h2 class=\"font-bold text-3xl tab-m:text-xl\">Diario AS: &#8216;Gol, falha e pesadelo&#8217;<\/h2>\n<\/div>\n<p class=\"w-full text-lg font-krub text-gray-500 leading-30\">O Diario AS adotou um tom ainda mais duro e sintetizou a noite do brasileiro com a express\u00e3o que ganhou destaque: &#8220;Gol, falha e pesadelo&#8221;. O jornal afirmou que Neymar abriu o placar com a frieza dos grandes jogadores, mas que seu erro defensivo anulou todo o progresso mostrado ao longo da partida.<\/p>\n<p class=\"w-full text-lg font-krub text-gray-500 leading-30\">O AS descreveu o lance do gol como um exemplo de intelig\u00eancia: Neymar explorou o espa\u00e7o deixado pela defesa do Mirassol e concluiu com precis\u00e3o. No entanto, destacou que a atua\u00e7\u00e3o virou &#8220;drama&#8221; a partir da falta cometida dentro da \u00e1rea, classificada como um &#8220;p\u00eanalti rid\u00edculo&#8221; pelo ve\u00edculo. Para os espanh\u00f3is, esse tipo de erro pesa ainda mais em um momento em que o Santos depende de cada ponto para escapar da queda.<\/p>\n<p class=\"w-full text-lg font-krub text-gray-500 leading-30\">O jornal tamb\u00e9m observou sinais de desgaste f\u00edsico, mencionando que Neymar terminou o jogo ofegante e sem conseguir alterar o panorama da partida nos minutos finais. Embora tenha mostrado evolu\u00e7\u00e3o t\u00e9cnica ao longo das \u00faltimas semanas, o AS afirmou que o atacante precisa reduzir erros decisivos para reassumir o papel de her\u00f3i em uma das fases mais sombrias da hist\u00f3ria recente santista.<\/p>\n<figure class=\"relative\"><img loading=\"lazy\" decoding=\"async\" class=\"w-full rounded-lg \" src=\"https:\/\/lncimg.lance.com.br\/cdn-cgi\/image\/width=850,quality=75,format=webp\/uploads\/2025\/11\/neymar-beija-escudo-do-santos-1920x1314.jpg\" alt=\"Neymar beija o escudo ap\u00f3s fazer gol do Santos contra o Mirassol (Foto: Mauricio De Souza\/AGIF \/ Gazeta Press)\" width=\"850\" height=\"530\" data-nimg=\"1\" \/><figcaption class=\"font-krub font-normal not-italic text-[12px] leading-5 text-[#808080] flex items-center justify-start mt-2\">Neymar beija o escudo ap\u00f3s fazer gol do Santos contra o Mirassol (Foto: Mauricio De Souza\/AGIF \/ Gazeta Press)<\/figcaption><\/figure>\n<div class=\"w-full font-krub not-italic font-normal text-start\">\n<h2 class=\"font-bold text-3xl tab-m:text-xl\">L&#8217;\u00c9quipe: &#8216;Irregular&#8217;<\/h2>\n<\/div>\n<p class=\"w-full text-lg font-krub text-gray-500 leading-30\">Na Fran\u00e7a, o L&#8217;\u00c9quipe classificou a noite de Neymar como &#8220;irregular&#8221;, ressaltando uma mistura de brilho e falhas. Para o jornal franc\u00eas, o gol marcado logo aos quatro minutos foi um al\u00edvio \u2013 seu primeiro desde 5 de agosto \u2013 e permitiu ao Santos sonhar com uma vit\u00f3ria importante contra um dos destaques do campeonato.<\/p>\n<p class=\"w-full text-lg font-krub text-gray-500 leading-30\">O ve\u00edculo, por\u00e9m, refor\u00e7ou que o atacante voltou a comprometer quando cometeu o p\u00eanalti convertido por Reinaldo, num momento em que o Santos controlava parcialmente a partida. O L&#8217;\u00c9quipe enxergou o empate como resultado direto da oscila\u00e7\u00e3o de Neymar em campo, capaz de decidir jogos, mas tamb\u00e9m de entregar oportunidades ao advers\u00e1rio.<\/p>\n<p class=\"w-full text-lg font-krub text-gray-500 leading-30\">O jornal ainda apontou que a equipe paulista segue amea\u00e7ada pelo Vit\u00f3ria, apenas um ponto atr\u00e1s, e que a reta final promete ser dram\u00e1tica. A publica\u00e7\u00e3o destacou a responsabilidade que recai sobre o camisa 10, cuja influ\u00eancia no desempenho do Santos \u00e9 vista como ineg\u00e1vel \u2013 tanto para o bem quanto para o mal.<\/p>\n<div class=\"w-full font-krub not-italic font-normal text-start\">\n<h2 class=\"font-bold text-3xl tab-m:text-xl\">Mundo Deportivo: &#8216;Neymar disparou alarmes&#8217;<\/h2>\n<\/div>\n<p class=\"w-full text-lg font-krub text-gray-500 leading-30\">O Mundo Deportivo destacou que Neymar &#8220;disparou alarmes&#8221; ao combinar gol, p\u00eanalti cometido e nova preocupa\u00e7\u00e3o f\u00edsica. O jornal espanhol refor\u00e7ou que o atacante iniciou a partida em grande n\u00edvel, mostrou confian\u00e7a e voltou a ser decisivo no ataque, como se esperava desde seu retorno ao Brasil. A publica\u00e7\u00e3o relembrou o longo per\u00edodo afastado por les\u00f5es e a dificuldade para reencontrar a melhor forma.<\/p>\n<p class=\"w-full text-lg font-krub text-gray-500 leading-30\">O ve\u00edculo tamb\u00e9m enfatizou o susto ap\u00f3s o camisa 10 sentir dores e ser atendido em campo, embora tenha permanecido at\u00e9 o apito final. Segundo o jornal, o p\u00eanalti cometido por Neymar mudou completamente o ritmo da partida e afetou emocionalmente o jogador, que tentou reagir e quase marcou um gol hist\u00f3rico em cobran\u00e7a de falta do meio-campo.<\/p>\n<p class=\"w-full text-lg font-krub text-gray-500 leading-30\">Para o Mundo Deportivo, a atua\u00e7\u00e3o simboliza a montanha-russa que tem sido o retorno de Neymar ao Santos: momentos de brilho, instabilidade f\u00edsica e erros que custam caro em um campeonato em que cada detalhe pode definir o destino do clube.<\/p>\n<div class=\"w-full font-krub not-italic font-normal text-start\">\n<h2 class=\"font-bold text-3xl tab-m:text-xl\">Le Parisien: &#8216;Noite agitada de Neymar&#8217;<\/h2>\n<\/div>\n<p class=\"w-full text-lg font-krub text-gray-500 leading-30\">O Le Parisien classificou a partida como mais uma &#8220;noite agitada&#8221; de Neymar no Brasil. O jornal franc\u00eas mostrou espanto com o contraste entre o \u00f3timo in\u00edcio \u2013 gol, comemora\u00e7\u00e3o efusiva e conex\u00e3o com a torcida \u2013 e a queda brusca de rendimento ao longo da partida. O ve\u00edculo refor\u00e7ou que o p\u00eanalti cometido foi evit\u00e1vel e gerou at\u00e9 um pequeno tumulto entre jogadores.<\/p>\n<p class=\"w-full text-lg font-krub text-gray-500 leading-30\">Al\u00e9m disso, o Le Parisien observou que Neymar terminou a partida mancando e segurando a panturrilha, evidenciando mais uma preocupa\u00e7\u00e3o f\u00edsica. O ve\u00edculo destacou que o atacante n\u00e3o conseguiu evitar que o Santos permanecesse em situa\u00e7\u00e3o delicada, ainda flertando com o rebaixamento.<\/p>\n<\/div>\n<p>&nbsp;<\/p>\n<p>Fonte: Portal Lance.<br \/>\nConfira esta e outras mat\u00e9rias na \u00edntegra pelo link: https:\/\/www.lance.com.br\/futebol-internacional\/espanhois-repercutem-atuacao-de-neymar-gol-falha-e-pesadelo.html<\/p>\n","protected":false},"excerpt":{"rendered":"<p>Astro marcou um gol mas cometeu p\u00eanalti A atua\u00e7\u00e3o de Neymar no\u00a0empate entre Santos e Mirassol, pela 34\u00aa rodada do Brasileir\u00e3o, repercutiu fortemente na imprensa europeia. Entre elogios pelo gol,\u00a0cr\u00edticas pela falha que resultou no p\u00eanalti\u00a0e preocupa\u00e7\u00e3o com sua condi\u00e7\u00e3o f\u00edsica, jornais espanh\u00f3is e franceses destacaram a noite do camisa 10 na Vila Belmiro. Marca: [&hellip;]<\/p>\n","protected":false},"author":3,"featured_media":13036,"comment_status":"open","ping_status":"open","sticky":false,"template":"","format":"standard","meta":{"om_disable_all_campaigns":false,"_monsterinsights_skip_tracking":false,"_monsterinsights_sitenote_active":false,"_monsterinsights_sitenote_note":"","_monsterinsights_sitenote_category":0,"footnotes":""},"categories":[48],"tags":[],"class_list":["post-13035","post","type-post","status-publish","format-standard","has-post-thumbnail","hentry","category-esportes"],"jetpack_featured_media_url":"https:\/\/fatoelado.com\/wp-content\/uploads\/2025\/11\/neymar-1-scaled-aspect-ratio-512-320-1.webp","_links":{"self":[{"href":"https:\/\/fatoelado.com\/index.php?rest_route=\/wp\/v2\/posts\/13035","targetHints":{"allow":["GET"]}}],"collection":[{"href":"https:\/\/fatoelado.com\/index.php?rest_route=\/wp\/v2\/posts"}],"about":[{"href":"https:\/\/fatoelado.com\/index.php?rest_route=\/wp\/v2\/types\/post"}],"author":[{"embeddable":true,"href":"https:\/\/fatoelado.com\/index.php?rest_route=\/wp\/v2\/users\/3"}],"replies":[{"embeddable":true,"href":"https:\/\/fatoelado.com\/index.php?rest_route=%2Fwp%2Fv2%2Fcomments&post=13035"}],"version-history":[{"count":1,"href":"https:\/\/fatoelado.com\/index.php?rest_route=\/wp\/v2\/posts\/13035\/revisions"}],"predecessor-version":[{"id":13037,"href":"https:\/\/fatoelado.com\/index.php?rest_route=\/wp\/v2\/posts\/13035\/revisions\/13037"}],"wp:featuredmedia":[{"embeddable":true,"href":"https:\/\/fatoelado.com\/index.php?rest_route=\/wp\/v2\/media\/13036"}],"wp:attachment":[{"href":"https:\/\/fatoelado.com\/index.php?rest_route=%2Fwp%2Fv2%2Fmedia&parent=13035"}],"wp:term":[{"taxonomy":"category","embeddable":true,"href":"https:\/\/fatoelado.com\/index.php?rest_route=%2Fwp%2Fv2%2Fcategories&post=13035"},{"taxonomy":"post_tag","embeddable":true,"href":"https:\/\/fatoelado.com\/index.php?rest_route=%2Fwp%2Fv2%2Ftags&post=13035"}],"curies":[{"name":"wp","href":"https:\/\/api.w.org\/{rel}","templated":true}]}}