{"id":13023,"date":"2025-11-20T13:37:48","date_gmt":"2025-11-20T16:37:48","guid":{"rendered":"https:\/\/fatoelado.com\/?p=13023"},"modified":"2025-11-20T13:37:48","modified_gmt":"2025-11-20T16:37:48","slug":"1a-parcela-do-13-sera-paga-antes-do-prazo-em-2025","status":"publish","type":"post","link":"https:\/\/fatoelado.com\/?p=13023","title":{"rendered":"1\u00aa parcela do 13\u00b0 ser\u00e1 paga antes do prazo em 2025"},"content":{"rendered":"<div id=\"post-body-news\" class=\"post-body\">\n<p><img decoding=\"async\" src=\"https:\/\/cidadeverde.com\/assets\/uploads\/colecoes\/2\/2025\/10\/dinheiro_1.jpg\" alt=\"\" \/><\/p>\n<p>Em 2025, os trabalhadores formais receber\u00e3o a primeira parcela do d\u00e9cimo terceiro sal\u00e1rio antes do prazo final previsto em lei. A legisla\u00e7\u00e3o determina que o pagamento \u2013 seja em parcela \u00fanica ou como primeira parte da gratifica\u00e7\u00e3o \u2013 deve ser feito at\u00e9 30 de novembro. Mas, como a data cai em um domingo este ano, as empresas s\u00e3o obrigadas a antecipar o dep\u00f3sito para o \u00faltimo dia \u00fatil do m\u00eas: sexta-feira, 28 de novembro.<\/p>\n<p>O pagamento do 13\u00ba sal\u00e1rio tem o potencial de injetar at\u00e9 R$ 369,4 bilh\u00f5es na economia brasileira este ano, segundo proje\u00e7\u00e3o, divulgada pelo Departamento Intersindical de Estat\u00edstica e Estudos Socioecon\u00f4micos (Dieese). O valor representa aproximadamente 2,9% do Produto Interno Bruto (PIB) do pa\u00eds.<\/p>\n<p>Dos cerca de 95,3 milh\u00f5es de brasileiros que ser\u00e3o beneficiados com o 13\u00ba sal\u00e1rio, 59,5 milh\u00f5es, ou 62,5% do total, s\u00e3o trabalhadores do mercado formal \u2013 incluindo empregados dom\u00e9sticos com carteira de trabalho assinada. Os aposentados e pensionistas, que j\u00e1 receberam o ben\u00e9fico no meio do ano, equivalem a 34,8 milh\u00f5es de contemplados (36,6% do total).<\/p>\n<p>Para esclarecer as principais d\u00favidas, o SBT News conversou com a advogada Karolen Gualda Beber, coordenadora da \u00e1rea trabalhista do escrit\u00f3rio Natal &amp; Manssur. Veja abaixo 4 perguntas e respostas sobre o pagamento do 13\u00ba sal\u00e1rio:<\/p>\n<h2><strong>1. Quem tem direito ao 13\u00ba sal\u00e1rio?<\/strong><\/h2>\n<p>T\u00eam direito ao 13\u00ba sal\u00e1rio todos os trabalhadores formais contratados pela CLT que tenham exercido atividade por pelo menos 15 dias no ano e n\u00e3o tenham sido demitidos por justa causa. Tamb\u00e9m recebem o benef\u00edcio:<\/p>\n<p>empregados dom\u00e9sticos com carteira assinada;<br \/>\nservidores p\u00fablicos;<br \/>\naposentados e pensionistas do INSS (que receberam antecipadamente em abril e junho deste ano);<br \/>\npensionistas da Uni\u00e3o, estados e munic\u00edpios;<br \/>\ntrabalhadores rurais;<br \/>\ntrabalhadores avulsos, que prestam servi\u00e7os por interm\u00e9dio de sindicatos.<\/p>\n<h2><strong>2. Como \u00e9 calculado o valor do 13\u00ba sal\u00e1rio?<\/strong><\/h2>\n<p>O c\u00e1lculo considera a proporcionalidade dos meses trabalhados. Cada m\u00eas equivale a 1\/12 (uma fra\u00e7\u00e3o dos 12 meses) do sal\u00e1rio integral. Se o trabalhador atuou por 12 meses, recebe o valor integral. Caso tenha trabalhado seis meses, recebe a metade.<\/p>\n<p>Mas aten\u00e7\u00e3o: o m\u00eas s\u00f3 conta como integral se houver ao menos 15 dias trabalhados.<\/p>\n<p>O c\u00e1lculo do 13\u00ba leva em conta a maior remunera\u00e7\u00e3o recebida, caso o empregado tenha tido aumento salarial. Tamb\u00e9m entram na conta:<\/p>\n<p>horas extras;<br \/>\nadicional noturno;<br \/>\ncomiss\u00f5es;<br \/>\noutras verbas de natureza salarial.<\/p>\n<h2>\n<strong>3. Qual \u00e9 o prazo para pagamento?<\/strong><\/h2>\n<p>Primeira parcela: de 1\u00ba de fevereiro a 30 de novembro<br \/>\nEm 2025, o dep\u00f3sito deve ocorrer at\u00e9 28 de novembro, por ser o \u00faltimo dia \u00fatil.<br \/>\nSegunda parcela: at\u00e9 20 de dezembro<br \/>\nEm 2025, deve ser paga at\u00e9 19 de dezembro, j\u00e1 que o dia 20 cai em s\u00e1bado.<br \/>\nEm caso de pagamento \u00fanico, ele tamb\u00e9m deve ser realizado at\u00e9 28 de novembro.<\/p>\n<p>A primeira parcela deve equivaler a, no m\u00ednimo, 50% do benef\u00edcio. Os descontos de imposto de renda e INSS s\u00e3o aplicados apenas na segunda parcela.<\/p>\n<p>O trabalhador ainda pode solicitar o adiantamento do 13\u00ba por ocasi\u00e3o das f\u00e9rias remuneradas, caso tenha optado por isso previamente.<\/p>\n<h2>\n<strong>4. O que fazer se a empresa n\u00e3o pagar o 13\u00ba sal\u00e1rio?<\/strong><\/h2>\n<p>Se o dep\u00f3sito n\u00e3o for feito at\u00e9 o prazo legal, o trabalhador deve:<\/p>\n<p>Procurar o setor de RH da empresa;<br \/>\nRegistrar reclama\u00e7\u00e3o no Minist\u00e9rio do Trabalho;<br \/>\nBuscar orienta\u00e7\u00e3o no sindicato da categoria;<br \/>\nRecorrer a um advogado trabalhista, se necess\u00e1rio.<br \/>\nA empresa pode ser penalizada administrativamente e multada pelo n\u00e3o pagamento.<\/p>\n<\/div>\n<div class=\"p1\"><\/div>\n<div>Fonte: Portal CidadeVerde.<br \/>\nConfira esta e outras mat\u00e9rias na \u00edntegra pelo link: https:\/\/cidadeverde.com\/noticias\/445930\/1a-parcela-do-13-sera-paga-antes-do-prazo-em-2025<\/div>\n","protected":false},"excerpt":{"rendered":"<p>Em 2025, os trabalhadores formais receber\u00e3o a primeira parcela do d\u00e9cimo terceiro sal\u00e1rio antes do prazo final previsto em lei. A legisla\u00e7\u00e3o determina que o pagamento \u2013 seja em parcela \u00fanica ou como primeira parte da gratifica\u00e7\u00e3o \u2013 deve ser feito at\u00e9 30 de novembro. Mas, como a data cai em um domingo este ano, [&hellip;]<\/p>\n","protected":false},"author":3,"featured_media":13024,"comment_status":"open","ping_status":"open","sticky":false,"template":"","format":"standard","meta":{"om_disable_all_campaigns":false,"_monsterinsights_skip_tracking":false,"_monsterinsights_sitenote_active":false,"_monsterinsights_sitenote_note":"","_monsterinsights_sitenote_category":0,"footnotes":""},"categories":[47],"tags":[],"class_list":["post-13023","post","type-post","status-publish","format-standard","has-post-thumbnail","hentry","category-nacionais"],"jetpack_featured_media_url":"https:\/\/fatoelado.com\/wp-content\/uploads\/2025\/11\/dinheiro_1-2.jpg","_links":{"self":[{"href":"https:\/\/fatoelado.com\/index.php?rest_route=\/wp\/v2\/posts\/13023","targetHints":{"allow":["GET"]}}],"collection":[{"href":"https:\/\/fatoelado.com\/index.php?rest_route=\/wp\/v2\/posts"}],"about":[{"href":"https:\/\/fatoelado.com\/index.php?rest_route=\/wp\/v2\/types\/post"}],"author":[{"embeddable":true,"href":"https:\/\/fatoelado.com\/index.php?rest_route=\/wp\/v2\/users\/3"}],"replies":[{"embeddable":true,"href":"https:\/\/fatoelado.com\/index.php?rest_route=%2Fwp%2Fv2%2Fcomments&post=13023"}],"version-history":[{"count":1,"href":"https:\/\/fatoelado.com\/index.php?rest_route=\/wp\/v2\/posts\/13023\/revisions"}],"predecessor-version":[{"id":13025,"href":"https:\/\/fatoelado.com\/index.php?rest_route=\/wp\/v2\/posts\/13023\/revisions\/13025"}],"wp:featuredmedia":[{"embeddable":true,"href":"https:\/\/fatoelado.com\/index.php?rest_route=\/wp\/v2\/media\/13024"}],"wp:attachment":[{"href":"https:\/\/fatoelado.com\/index.php?rest_route=%2Fwp%2Fv2%2Fmedia&parent=13023"}],"wp:term":[{"taxonomy":"category","embeddable":true,"href":"https:\/\/fatoelado.com\/index.php?rest_route=%2Fwp%2Fv2%2Fcategories&post=13023"},{"taxonomy":"post_tag","embeddable":true,"href":"https:\/\/fatoelado.com\/index.php?rest_route=%2Fwp%2Fv2%2Ftags&post=13023"}],"curies":[{"name":"wp","href":"https:\/\/api.w.org\/{rel}","templated":true}]}}