{"id":13020,"date":"2025-11-20T13:36:40","date_gmt":"2025-11-20T16:36:40","guid":{"rendered":"https:\/\/fatoelado.com\/?p=13020"},"modified":"2025-11-20T13:36:40","modified_gmt":"2025-11-20T16:36:40","slug":"eduardo-bolsonaro-e-incluido-na-lista-de-devedores-da-uniao","status":"publish","type":"post","link":"https:\/\/fatoelado.com\/?p=13020","title":{"rendered":"Eduardo Bolsonaro \u00e9 inclu\u00eddo na lista de devedores da Uni\u00e3o"},"content":{"rendered":"<p><img decoding=\"async\" src=\"https:\/\/cidadeverde.com\/assets\/uploads\/colecoes\/2\/2025\/09\/img20191121185856127-768x512.jpg\" alt=\"\" \/><\/p>\n<p>A PGFN (Procuradoria-Geral da Fazenda Nacional) incluiu o nome do deputado federal Eduardo Bolsonaro (PL-SP) na D\u00edvida Ativa da Uni\u00e3o.<\/p>\n<p>A Procuradoria atendeu a um pedido da C\u00e2mara dos Deputados. Eduardo, que est\u00e1 nos Estados Unidos desde fevereiro, deve R$ 13.941,40 por aus\u00eancias n\u00e3o justificadas em sess\u00f5es.<\/p>\n<p>O valor corresponde a quatro faltas de mar\u00e7o. As aus\u00eancias foram registradas quando o deputado j\u00e1 estava nos Estados Unidos, mas ainda n\u00e3o tinha iniciado o per\u00edodo de licen\u00e7a parlamentar, que come\u00e7ou em 18 de mar\u00e7o.<\/p>\n<p>A inscri\u00e7\u00e3o na d\u00edvida ativa permite a ado\u00e7\u00e3o de medidas de cobran\u00e7a. O devedor pode sofrer restri\u00e7\u00e3o de cr\u00e9dito (protesto, inser\u00e7\u00e3o do Serasa, entre outros), no pr\u00f3prio patrim\u00f4nio e pode at\u00e9 perder os seus bens por leil\u00e3o judicial, segundo a PGFN.<\/p>\n<p>A C\u00e2mara tentou cobrar Eduardo, mas n\u00e3o conseguiu. Como o UOL mostrou, o gabinete dele em Bras\u00edlia foi procurado em agosto e houve a entrega da comunica\u00e7\u00e3o do d\u00e9bito, mas a d\u00edvida n\u00e3o foi quitada. O nome dele tamb\u00e9m foi inclu\u00eddo no Cadin (Cadastro Informativo de Cr\u00e9ditos N\u00e3o Quitados do Setor P\u00fablico Federal) em outubro.<\/p>\n<p>A licen\u00e7a parlamentar terminou em 4 de agosto. Desde ent\u00e3o, o deputado voltou a contabilizar faltas, ele tem 47 aus\u00eancias n\u00e3o justificadas, uma justificada e 13 presen\u00e7as, segundo dados da C\u00e2mara.<\/p>\n<p>Eduardo pode ter o mandato cassado por excesso de faltas. Segundo as regras, o deputado que n\u00e3o tiver dois ter\u00e7os de presen\u00e7a perde o cargo. A C\u00e2mara, no entanto, s\u00f3 vai contabilizar a frequ\u00eancia de 2025 no ano que vem.<\/p>\n<p>O UOL procurou o deputado por meio de sua assessoria, mas n\u00e3o recebeu resposta. O espa\u00e7o segue aberto.<\/p>\n<p>&nbsp;<\/p>\n<p>Fonte: Portal CidadeVerde.<br \/>\nConfira esta e outras mat\u00e9rias na \u00edntegra pelo link: https:\/\/cidadeverde.com\/noticias\/445936\/eduardo-bolsonaro-e-incluido-na-lista-de-devedores-da-uniao<\/p>\n","protected":false},"excerpt":{"rendered":"<p>A PGFN (Procuradoria-Geral da Fazenda Nacional) incluiu o nome do deputado federal Eduardo Bolsonaro (PL-SP) na D\u00edvida Ativa da Uni\u00e3o. A Procuradoria atendeu a um pedido da C\u00e2mara dos Deputados. Eduardo, que est\u00e1 nos Estados Unidos desde fevereiro, deve R$ 13.941,40 por aus\u00eancias n\u00e3o justificadas em sess\u00f5es. O valor corresponde a quatro faltas de mar\u00e7o. [&hellip;]<\/p>\n","protected":false},"author":3,"featured_media":13021,"comment_status":"open","ping_status":"open","sticky":false,"template":"","format":"standard","meta":{"om_disable_all_campaigns":false,"_monsterinsights_skip_tracking":false,"_monsterinsights_sitenote_active":false,"_monsterinsights_sitenote_note":"","_monsterinsights_sitenote_category":0,"footnotes":""},"categories":[47],"tags":[],"class_list":["post-13020","post","type-post","status-publish","format-standard","has-post-thumbnail","hentry","category-nacionais"],"jetpack_featured_media_url":"https:\/\/fatoelado.com\/wp-content\/uploads\/2025\/11\/img20191121185856127-768x512-1-1.jpg","_links":{"self":[{"href":"https:\/\/fatoelado.com\/index.php?rest_route=\/wp\/v2\/posts\/13020","targetHints":{"allow":["GET"]}}],"collection":[{"href":"https:\/\/fatoelado.com\/index.php?rest_route=\/wp\/v2\/posts"}],"about":[{"href":"https:\/\/fatoelado.com\/index.php?rest_route=\/wp\/v2\/types\/post"}],"author":[{"embeddable":true,"href":"https:\/\/fatoelado.com\/index.php?rest_route=\/wp\/v2\/users\/3"}],"replies":[{"embeddable":true,"href":"https:\/\/fatoelado.com\/index.php?rest_route=%2Fwp%2Fv2%2Fcomments&post=13020"}],"version-history":[{"count":1,"href":"https:\/\/fatoelado.com\/index.php?rest_route=\/wp\/v2\/posts\/13020\/revisions"}],"predecessor-version":[{"id":13022,"href":"https:\/\/fatoelado.com\/index.php?rest_route=\/wp\/v2\/posts\/13020\/revisions\/13022"}],"wp:featuredmedia":[{"embeddable":true,"href":"https:\/\/fatoelado.com\/index.php?rest_route=\/wp\/v2\/media\/13021"}],"wp:attachment":[{"href":"https:\/\/fatoelado.com\/index.php?rest_route=%2Fwp%2Fv2%2Fmedia&parent=13020"}],"wp:term":[{"taxonomy":"category","embeddable":true,"href":"https:\/\/fatoelado.com\/index.php?rest_route=%2Fwp%2Fv2%2Fcategories&post=13020"},{"taxonomy":"post_tag","embeddable":true,"href":"https:\/\/fatoelado.com\/index.php?rest_route=%2Fwp%2Fv2%2Ftags&post=13020"}],"curies":[{"name":"wp","href":"https:\/\/api.w.org\/{rel}","templated":true}]}}