{"id":13011,"date":"2025-11-20T13:32:57","date_gmt":"2025-11-20T16:32:57","guid":{"rendered":"https:\/\/fatoelado.com\/?p=13011"},"modified":"2025-11-20T13:32:57","modified_gmt":"2025-11-20T16:32:57","slug":"fab-intercepta-aeronave-suspeita-vinda-da-venezuela","status":"publish","type":"post","link":"https:\/\/fatoelado.com\/?p=13011","title":{"rendered":"FAB intercepta aeronave suspeita vinda da Venezuela"},"content":{"rendered":"<p><img decoding=\"async\" class=\"aligncenter\" src=\"https:\/\/cidadeverde.com\/assets\/uploads\/colecoes\/2\/2025\/11\/ea42eadc-b792-4389-9a70-98e7a0f4d869.jpg\" alt=\"\" \/><\/p>\n<p>Um avi\u00e3o foi interceptado por militares da For\u00e7a A\u00e9rea Brasileira (FAB) na quarta-feira (19). O ve\u00edculo vinha da Venezuela e sobrevoava o territ\u00f3rio brasileiro sem plano de voo ou contato com \u00f3rg\u00e3os de controle de tr\u00e1fego a\u00e9reo.<br \/>\nO caso ocorreu na regi\u00e3o da reserva Yanomami, na regi\u00e3o amaz\u00f4nica, por volta das 7h. Segundo a FAB, a aeronave foi considerada suspeita de tr\u00e1fico de drogas, dando in\u00edcio a um protocolo de policiamento do espa\u00e7o a\u00e9reo.<\/p>\n<p>Primeiro, dois ca\u00e7as decolaram para um processo de averigua\u00e7\u00e3o, que busca vigiar o comportamento do avi\u00e3o e confirmar sua identidade. Depois, houve ordem de modifica\u00e7\u00e3o de rota, para pouso obrigat\u00f3rio em um aer\u00f3dromo.<\/p>\n<p>Ap\u00f3s a falta de colabora\u00e7\u00e3o do piloto da aeronave, foi aplicado um tiro de aviso e, na sequ\u00eancia, um tiro de deten\u00e7\u00e3o, que obriga o pouso for\u00e7ado do ve\u00edculo. O avi\u00e3o pousou em regi\u00e3o pr\u00f3xima a Sururucu (RR) e um helic\u00f3ptero da FAB foi deslocado at\u00e9 o local.<br \/>\nO piloto fugiu e n\u00e3o foi localizado. A aeronave estava com a matr\u00edcula adulterada e foi apreendida.<\/p>\n<p>&nbsp;<\/p>\n<p>Fonte: Portal CidadeVerde.<br \/>\nConfira esta e outras mat\u00e9rias na \u00edntegra pelo link: https:\/\/cidadeverde.com\/noticias\/445935\/fab-intercepta-aeronave-suspeita-vinda-da-venezuela<\/p>\n","protected":false},"excerpt":{"rendered":"<p>Um avi\u00e3o foi interceptado por militares da For\u00e7a A\u00e9rea Brasileira (FAB) na quarta-feira (19). O ve\u00edculo vinha da Venezuela e sobrevoava o territ\u00f3rio brasileiro sem plano de voo ou contato com \u00f3rg\u00e3os de controle de tr\u00e1fego a\u00e9reo. O caso ocorreu na regi\u00e3o da reserva Yanomami, na regi\u00e3o amaz\u00f4nica, por volta das 7h. Segundo a FAB, [&hellip;]<\/p>\n","protected":false},"author":3,"featured_media":13012,"comment_status":"open","ping_status":"open","sticky":false,"template":"","format":"standard","meta":{"om_disable_all_campaigns":false,"_monsterinsights_skip_tracking":false,"_monsterinsights_sitenote_active":false,"_monsterinsights_sitenote_note":"","_monsterinsights_sitenote_category":0,"footnotes":""},"categories":[47],"tags":[],"class_list":["post-13011","post","type-post","status-publish","format-standard","has-post-thumbnail","hentry","category-nacionais"],"jetpack_featured_media_url":"https:\/\/fatoelado.com\/wp-content\/uploads\/2025\/11\/ea42eadc-b792-4389-9a70-98e7a0f4d869.jpg","_links":{"self":[{"href":"https:\/\/fatoelado.com\/index.php?rest_route=\/wp\/v2\/posts\/13011","targetHints":{"allow":["GET"]}}],"collection":[{"href":"https:\/\/fatoelado.com\/index.php?rest_route=\/wp\/v2\/posts"}],"about":[{"href":"https:\/\/fatoelado.com\/index.php?rest_route=\/wp\/v2\/types\/post"}],"author":[{"embeddable":true,"href":"https:\/\/fatoelado.com\/index.php?rest_route=\/wp\/v2\/users\/3"}],"replies":[{"embeddable":true,"href":"https:\/\/fatoelado.com\/index.php?rest_route=%2Fwp%2Fv2%2Fcomments&post=13011"}],"version-history":[{"count":1,"href":"https:\/\/fatoelado.com\/index.php?rest_route=\/wp\/v2\/posts\/13011\/revisions"}],"predecessor-version":[{"id":13013,"href":"https:\/\/fatoelado.com\/index.php?rest_route=\/wp\/v2\/posts\/13011\/revisions\/13013"}],"wp:featuredmedia":[{"embeddable":true,"href":"https:\/\/fatoelado.com\/index.php?rest_route=\/wp\/v2\/media\/13012"}],"wp:attachment":[{"href":"https:\/\/fatoelado.com\/index.php?rest_route=%2Fwp%2Fv2%2Fmedia&parent=13011"}],"wp:term":[{"taxonomy":"category","embeddable":true,"href":"https:\/\/fatoelado.com\/index.php?rest_route=%2Fwp%2Fv2%2Fcategories&post=13011"},{"taxonomy":"post_tag","embeddable":true,"href":"https:\/\/fatoelado.com\/index.php?rest_route=%2Fwp%2Fv2%2Ftags&post=13011"}],"curies":[{"name":"wp","href":"https:\/\/api.w.org\/{rel}","templated":true}]}}