{"id":13004,"date":"2025-11-19T11:42:56","date_gmt":"2025-11-19T14:42:56","guid":{"rendered":"https:\/\/fatoelado.com\/?p=13004"},"modified":"2025-11-19T11:42:56","modified_gmt":"2025-11-19T14:42:56","slug":"defesa-civil-alerta-para-dois-dias-de-chuvas-intensas-e-ventos-fortes-no-piaui","status":"publish","type":"post","link":"https:\/\/fatoelado.com\/?p=13004","title":{"rendered":"Defesa Civil alerta para dois dias de chuvas intensas e ventos fortes no Piau\u00ed"},"content":{"rendered":"<p><iframe loading=\"lazy\" src=\"https:\/\/www.youtube.com\/embed\/-HajsrIW7gs?rel=0\" width=\"790\" height=\"437\" frameborder=\"0\" allowfullscreen=\"allowfullscreen\" data-mce-fragment=\"1\"><\/iframe><\/p>\n<p>O diretor de Preven\u00e7\u00e3o e Mitiga\u00e7\u00e3o da Defesa Civil do Piau\u00ed, Werton Costa, alertou que os dias 20 e 21 de novembro devem registrar as chuvas mais intensas provocadas pelo sistema frontal que avan\u00e7a pelo estado a partir da Bahia. Segundo ele,\u00a0<strong>munic\u00edpios do Sul do Piau\u00ed devem ficar especialmente atentos.<\/strong><\/p>\n<blockquote><p>\u201cN\u00f3s vamos ter dois dias importantes, e eu falo nesse momento com o pessoal de Morro Cabe\u00e7a no Tempo, Caracol, S\u00e3o Raimundo Nonato, Gilbu\u00e9s, Parnagu\u00e1, Riacho Frio e Corrente. Do dia 20 para o dia 21 \u00e9 o \u2018Dia D\u2019, \u00e9 o dia em que o sistema frontal que entra aqui pela Bahia vai estar mais intenso\u201d, explicou.<\/p><\/blockquote>\n<p>O diretor refor\u00e7ou que, apesar do al\u00edvio provocado pelas chuvas, o fen\u00f4meno pode vir acompanhado de ventos fortes e descargas el\u00e9tricas.<\/p>\n<p>\u201c\u00c9 muito importante salientar que essa chuva pode vir com vento, com descarga el\u00e9trica. Ent\u00e3o vai acontecer chuva boa, e a gente est\u00e1 contando com essa chuva para melhorar as condi\u00e7\u00f5es de vida dessa popula\u00e7\u00e3o\u201d, afirmou.<\/p>\n<h2><strong>Chuvas em Teresina<\/strong><\/h2>\n<p>Werton Costa tamb\u00e9m comentou sobre a previs\u00e3o para a capital. Ele destacou que\u00a0<strong>Teresina deve registrar chuva entre esta quarta (19) e quinta-feira (20),<\/strong>\u00a0com condi\u00e7\u00f5es favor\u00e1veis j\u00e1 observadas na noite anterior.<\/p>\n<blockquote><p>\u201cHoje \u00e9 o dia da chuva da capital. De hoje para amanh\u00e3 n\u00f3s temos condi\u00e7\u00f5es favor\u00e1veis. Ontem foi na trave, chegou at\u00e9 Campo Maior. E, se tratando de Teresina, n\u00e3o importa se \u00e9 chuva fina, moderada ou grossa: chuva em Teresina a gente tem que ter cuidado por causa da drenagem. Ent\u00e3o voc\u00ea que est\u00e1 na rua, fique muito atento para as \u00e1reas que j\u00e1 s\u00e3o definidas pelo munic\u00edpio\u201d, disse o diretor.<\/p><\/blockquote>\n<h2><strong>Sistema frontal deve perder for\u00e7a\u00a0<\/strong><\/h2>\n<p>Segundo Werton Costa, o sistema frontal que atinge o estado \u00e9 considerado longo, com quatro dias de dura\u00e7\u00e3o, mas deve perder intensidade entre os dias 21 e 22.<\/p>\n<p>\u201cInfelizmente, a gente est\u00e1 falando de sistema frontal, ent\u00e3o ele \u00e9 um sistema epis\u00f3dico. Esse \u00e9 o mais demorado que a gente recebeu, ele tem dura\u00e7\u00e3o de quatro dias e ele vai morrer, infelizmente, do dia 21 para o dia 22. Mas como ele atinge uma \u00e1rea enorme, 60% do Piau\u00ed, isso n\u00e3o exclui a possibilidade de chuvas isoladas. As chuvas no grosso diminuem, ent\u00e3o n\u00f3s vamos ter, infelizmente, um retorno das temperaturas elevadas, condi\u00e7\u00e3o de c\u00e9u a pino e pontos isolados\u201d, alertou.<\/p>\n<h2><strong>N\u00edveis de chuva registrados no Piau\u00ed\u00a0<\/strong><\/h2>\n<p>Os \u00edndices pluviom\u00e9tricos registrados nas \u00faltimas horas mostram volumes distintos de chuva em munic\u00edpios do interior do estado:<\/p>\n<ul>\n<li>Cabeceiras do Piau\u00ed \u2013 13 mm (ANA)<\/li>\n<li>Alto Long\u00e1 \u2013 12 mm (Cemaden)<\/li>\n<li>Santa Cruz dos Milagres \u2013 8 mm (Cemaden)<\/li>\n<li>Boqueir\u00e3o do Piau\u00ed \u2013 4 mm (Cemaden)<\/li>\n<li>Picos \u2013 1 mm (Cemaden)<\/li>\n<\/ul>\n<h2><strong>Ventos fortes danificam postes em Uru\u00e7u\u00ed<\/strong><\/h2>\n<p><em>Foto: Reprodu\u00e7\u00e3o<\/em><\/p>\n<p><img decoding=\"async\" class=\"aligncenter\" src=\"https:\/\/cidadeverde.com\/assets\/uploads\/colecoes\/2\/2025\/11\/portes-derrubados-ventos-urucui-edit.jpg\" alt=\"\" \/><\/p>\n<p>O diretor confirmou tamb\u00e9m que as fortes chuvas acompanhadas de vento provocaram danos em Uru\u00e7u\u00ed, onde postes foram derrubados na zona rural.<\/p>\n<p>\u201cN\u00f3s tivemos ontem, em Uru\u00e7u\u00ed, na \u00e1rea rural, de tr\u00eas a cinco postes danificados pela for\u00e7a do vento, e isso \u00e9 potencialmente perigoso. Ent\u00e3o esse fator risco vento precisa ser levado em considera\u00e7\u00e3o\u201d, refor\u00e7ou.<\/p>\n<p>&nbsp;<\/p>\n<p>Fonte: Portal pi.Gov<br \/>\nConfira esta e outras mat\u00e9rias na \u00edntegra pelo link: https:\/\/cidadeverde.com\/noticias\/445847\/defesa-civil-alerta-para-dois-dias-de-chuvas-intensas-e-ventos-fortes-no-piaui<\/p>\n","protected":false},"excerpt":{"rendered":"<p>O diretor de Preven\u00e7\u00e3o e Mitiga\u00e7\u00e3o da Defesa Civil do Piau\u00ed, Werton Costa, alertou que os dias 20 e 21 de novembro devem registrar as chuvas mais intensas provocadas pelo sistema frontal que avan\u00e7a pelo estado a partir da Bahia. Segundo ele,\u00a0munic\u00edpios do Sul do Piau\u00ed devem ficar especialmente atentos. \u201cN\u00f3s vamos ter dois dias [&hellip;]<\/p>\n","protected":false},"author":3,"featured_media":13005,"comment_status":"open","ping_status":"open","sticky":false,"template":"","format":"standard","meta":{"om_disable_all_campaigns":false,"_monsterinsights_skip_tracking":false,"_monsterinsights_sitenote_active":false,"_monsterinsights_sitenote_note":"","_monsterinsights_sitenote_category":0,"footnotes":""},"categories":[33],"tags":[],"class_list":["post-13004","post","type-post","status-publish","format-standard","has-post-thumbnail","hentry","category-piaui"],"jetpack_featured_media_url":"https:\/\/fatoelado.com\/wp-content\/uploads\/2025\/11\/portes-derrubados-ventos-urucui-edit.jpg","_links":{"self":[{"href":"https:\/\/fatoelado.com\/index.php?rest_route=\/wp\/v2\/posts\/13004","targetHints":{"allow":["GET"]}}],"collection":[{"href":"https:\/\/fatoelado.com\/index.php?rest_route=\/wp\/v2\/posts"}],"about":[{"href":"https:\/\/fatoelado.com\/index.php?rest_route=\/wp\/v2\/types\/post"}],"author":[{"embeddable":true,"href":"https:\/\/fatoelado.com\/index.php?rest_route=\/wp\/v2\/users\/3"}],"replies":[{"embeddable":true,"href":"https:\/\/fatoelado.com\/index.php?rest_route=%2Fwp%2Fv2%2Fcomments&post=13004"}],"version-history":[{"count":1,"href":"https:\/\/fatoelado.com\/index.php?rest_route=\/wp\/v2\/posts\/13004\/revisions"}],"predecessor-version":[{"id":13006,"href":"https:\/\/fatoelado.com\/index.php?rest_route=\/wp\/v2\/posts\/13004\/revisions\/13006"}],"wp:featuredmedia":[{"embeddable":true,"href":"https:\/\/fatoelado.com\/index.php?rest_route=\/wp\/v2\/media\/13005"}],"wp:attachment":[{"href":"https:\/\/fatoelado.com\/index.php?rest_route=%2Fwp%2Fv2%2Fmedia&parent=13004"}],"wp:term":[{"taxonomy":"category","embeddable":true,"href":"https:\/\/fatoelado.com\/index.php?rest_route=%2Fwp%2Fv2%2Fcategories&post=13004"},{"taxonomy":"post_tag","embeddable":true,"href":"https:\/\/fatoelado.com\/index.php?rest_route=%2Fwp%2Fv2%2Ftags&post=13004"}],"curies":[{"name":"wp","href":"https:\/\/api.w.org\/{rel}","templated":true}]}}