{"id":13001,"date":"2025-11-19T11:41:55","date_gmt":"2025-11-19T14:41:55","guid":{"rendered":"https:\/\/fatoelado.com\/?p=13001"},"modified":"2025-11-19T11:41:55","modified_gmt":"2025-11-19T14:41:55","slug":"aguas-de-teresina-diz-que-cobranca-da-tarifa-de-esgoto-segue-legislacao-federal","status":"publish","type":"post","link":"https:\/\/fatoelado.com\/?p=13001","title":{"rendered":"\u00c1guas de Teresina diz que cobran\u00e7a da tarifa de esgoto segue legisla\u00e7\u00e3o federal"},"content":{"rendered":"<p><iframe loading=\"lazy\" src=\"https:\/\/www.youtube.com\/embed\/eOobtprvyKQ?rel=0\" width=\"790\" height=\"437\" frameborder=\"0\" allowfullscreen=\"allowfullscreen\" data-mce-fragment=\"1\"><\/iframe><\/p>\n<p>A diretora-presidente da \u00c1guas de Teresina, Carolina Serafim, afirmou que a concession\u00e1ria cumpre integralmente o que determinam a legisla\u00e7\u00e3o federal e as normas regulat\u00f3rias sobre a cobran\u00e7a da tarifa de disponibilidade de esgoto. A declara\u00e7\u00e3o ocorre ap\u00f3s a Ag\u00eancia Municipal de Regula\u00e7\u00e3o de Servi\u00e7os P\u00fablicos de Teresina (Arsete)\u00a0<strong>apresentar uma minuta de instru\u00e7\u00e3o normativa<\/strong>\u00a0que dever\u00e1 definir crit\u00e9rios t\u00e9cnicos e jur\u00eddicos para essa cobran\u00e7a na capital.<\/p>\n<blockquote><p>\u201cEu afirmo que o nosso contrato segue rigorosamente o que estabelece a Lei Federal 11.445, atualizada pela 14.026, que \u00e9 o novo marco legal do saneamento, no que concerne \u00e0 cobran\u00e7a da tarifa de disponibilidade de esgoto. O nosso contrato segue estritamente o que est\u00e1 estabelecido na legisla\u00e7\u00e3o federal, nas normas reguladoras da Ag\u00eancia Nacional de \u00c1guas e na legisla\u00e7\u00e3o municipal tamb\u00e9m. Toda a atua\u00e7\u00e3o da \u00c1guas de Teresina segue a legalidade devida. A tarifa de disponibilidade de \u00e1gua e de esgoto cobrada da popula\u00e7\u00e3o de Teresina segue a sua legalidade\u201d, declarou Carolina.<\/p><\/blockquote>\n<p>De acordo com a Arsete, a minuta foi elaborada ap\u00f3s den\u00fancias recorrentes de consumidores que relatam cobran\u00e7as consideradas indevidas pela concession\u00e1ria. A ag\u00eancia aponta que h\u00e1 casos em que a tarifa come\u00e7ou a ser cobrada apenas com a instala\u00e7\u00e3o da rede coletora na rua, mesmo sem que o ponto de liga\u00e7\u00e3o estivesse dispon\u00edvel para o im\u00f3vel, situa\u00e7\u00e3o que, segundo a Arsete, torna a cobran\u00e7a irregular.<\/p>\n<p>Por outro lado, Carolina afirma que a concession\u00e1ria segue um protocolo definido para iniciar a cobran\u00e7a ap\u00f3s a disponibiliza\u00e7\u00e3o da rede coletora.<\/p>\n<p>\u201cA partir da disponibilidade da rede coletora, a \u00c1guas de Teresina notifica a popula\u00e7\u00e3o dizendo que h\u00e1 rede dispon\u00edvel e, a partir dali, o usu\u00e1rio j\u00e1 est\u00e1 sujeito, depois de 30 dias, \u00e0 cobran\u00e7a da tarifa de disponibilidade de esgoto. Lembrando que, nessa notifica\u00e7\u00e3o, n\u00f3s tamb\u00e9m deixamos toda a orienta\u00e7\u00e3o para o usu\u00e1rio entrar em contato e pedir a sua liga\u00e7\u00e3o nova de esgoto, que a gente faz a instala\u00e7\u00e3o do TIO t\u00e3o logo o usu\u00e1rio deixe adequadas as suas liga\u00e7\u00f5es internas do im\u00f3vel para se conectar\u201d, explicou.<\/p>\n<p>A diretora acrescentou que a empresa j\u00e1 respondeu formalmente \u00e0 minuta apresentada pela Arsete.<\/p>\n<p>\u201cA proposta de instru\u00e7\u00e3o normativa foi encaminhada \u00e0 empresa e n\u00f3s j\u00e1 fizemos as nossas considera\u00e7\u00f5es com base no que rege a legisla\u00e7\u00e3o federal, as normas da ANA, o pr\u00f3prio contrato de concess\u00e3o e o regulamento de servi\u00e7o municipal\u201d, finalizou Carolina Serafim.<\/p>\n<p>&nbsp;<\/p>\n<p>Fonte: Portal pi.Gov<br \/>\nConfira esta e outras mat\u00e9rias na \u00edntegra pelo link: https:\/\/cidadeverde.com\/noticias\/445853\/aguas-de-teresina-diz-que-cobranca-da-tarifa-de-esgoto-segue-legislacao-federal<\/p>\n","protected":false},"excerpt":{"rendered":"<p>A diretora-presidente da \u00c1guas de Teresina, Carolina Serafim, afirmou que a concession\u00e1ria cumpre integralmente o que determinam a legisla\u00e7\u00e3o federal e as normas regulat\u00f3rias sobre a cobran\u00e7a da tarifa de disponibilidade de esgoto. A declara\u00e7\u00e3o ocorre ap\u00f3s a Ag\u00eancia Municipal de Regula\u00e7\u00e3o de Servi\u00e7os P\u00fablicos de Teresina (Arsete)\u00a0apresentar uma minuta de instru\u00e7\u00e3o normativa\u00a0que dever\u00e1 definir [&hellip;]<\/p>\n","protected":false},"author":3,"featured_media":13002,"comment_status":"open","ping_status":"open","sticky":false,"template":"","format":"standard","meta":{"om_disable_all_campaigns":false,"_monsterinsights_skip_tracking":false,"_monsterinsights_sitenote_active":false,"_monsterinsights_sitenote_note":"","_monsterinsights_sitenote_category":0,"footnotes":""},"categories":[33],"tags":[],"class_list":["post-13001","post","type-post","status-publish","format-standard","has-post-thumbnail","hentry","category-piaui"],"jetpack_featured_media_url":"https:\/\/fatoelado.com\/wp-content\/uploads\/2025\/11\/Captura-de-tela-2025-11-19-114113.png","_links":{"self":[{"href":"https:\/\/fatoelado.com\/index.php?rest_route=\/wp\/v2\/posts\/13001","targetHints":{"allow":["GET"]}}],"collection":[{"href":"https:\/\/fatoelado.com\/index.php?rest_route=\/wp\/v2\/posts"}],"about":[{"href":"https:\/\/fatoelado.com\/index.php?rest_route=\/wp\/v2\/types\/post"}],"author":[{"embeddable":true,"href":"https:\/\/fatoelado.com\/index.php?rest_route=\/wp\/v2\/users\/3"}],"replies":[{"embeddable":true,"href":"https:\/\/fatoelado.com\/index.php?rest_route=%2Fwp%2Fv2%2Fcomments&post=13001"}],"version-history":[{"count":1,"href":"https:\/\/fatoelado.com\/index.php?rest_route=\/wp\/v2\/posts\/13001\/revisions"}],"predecessor-version":[{"id":13003,"href":"https:\/\/fatoelado.com\/index.php?rest_route=\/wp\/v2\/posts\/13001\/revisions\/13003"}],"wp:featuredmedia":[{"embeddable":true,"href":"https:\/\/fatoelado.com\/index.php?rest_route=\/wp\/v2\/media\/13002"}],"wp:attachment":[{"href":"https:\/\/fatoelado.com\/index.php?rest_route=%2Fwp%2Fv2%2Fmedia&parent=13001"}],"wp:term":[{"taxonomy":"category","embeddable":true,"href":"https:\/\/fatoelado.com\/index.php?rest_route=%2Fwp%2Fv2%2Fcategories&post=13001"},{"taxonomy":"post_tag","embeddable":true,"href":"https:\/\/fatoelado.com\/index.php?rest_route=%2Fwp%2Fv2%2Ftags&post=13001"}],"curies":[{"name":"wp","href":"https:\/\/api.w.org\/{rel}","templated":true}]}}