{"id":12995,"date":"2025-11-19T11:13:59","date_gmt":"2025-11-19T14:13:59","guid":{"rendered":"https:\/\/fatoelado.com\/?p=12995"},"modified":"2025-11-19T11:13:59","modified_gmt":"2025-11-19T14:13:59","slug":"com-novidade-santos-divulga-lista-de-relacionados-para-jogo-contra-o-mirassol","status":"publish","type":"post","link":"https:\/\/fatoelado.com\/?p=12995","title":{"rendered":"Com novidade, Santos divulga lista de relacionados para jogo contra o Mirassol"},"content":{"rendered":"<div class=\"flex w-full flex-col gap-2 pb-2 md:gap-4 md:mt-6 md:mb-4\">\n<h2 class=\"font-krub text-base leading-normal font-normal text-start text-[#4D5156] w-full\" style=\"text-align: center;\">Peixe \u00e9 o primeiro clube de fora da zona do rebaixamento do Brasileir\u00e3o<\/h2>\n<\/div>\n<figure class=\"relative w-full overflow-hidden tab-m:w-screen tab-m:max-w-screen-md md:-mt-4 tab-m:-mx-4 tab-m:rounded-b-none rounded-b-2xl max-h-[355px] desk-news:max-h-[501px]\">\n<div class=\"w-full rounded-[20px] h-20 -z-10 -mb-[75px] tab:w-screen mx-auto\"><\/div>\n<div class=\"relative max-h-[350px] desk-news:max-h-[496px] bg-transparent h-full max-h-[350px]\"><img loading=\"lazy\" decoding=\"async\" class=\"rounded-lg object-cover object-top tab-m:rounded-t-2xl tab-m:rounded-b-none rounded-b-2xl max-h-[350px] h-[350px] desk-news:h-full desk-news:max-h-[496px] flex-shrink-0 w-full\" src=\"https:\/\/lncimg.lance.com.br\/cdn-cgi\/image\/width=950,quality=75,fit=pad,format=webp\/uploads\/2025\/11\/54930657134_2f05c76245_c-aspect-ratio-512-320.jpg\" srcset=\"https:\/\/lncimg.lance.com.br\/cdn-cgi\/image\/width=950,quality=75,fit=pad,format=webp\/uploads\/2025\/11\/54930657134_2f05c76245_c-aspect-ratio-512-320.jpg 1x\" alt=\"Todos os ingressos est\u00e3o esgotados para o duelo entre o Santos e o Mirassol. (Foto: Reinaldo Campos\/ Santos FC)\" width=\"850\" height=\"350\" data-nimg=\"1\" \/><\/div>\n<\/figure>\n<div>\n<p class=\"w-full text-lg font-krub text-gray-500 leading-30\">O\u00a0<strong class=\"font-bold\">Santos<\/strong>\u00a0nunca perdeu para o\u00a0<strong class=\"font-bold\">Mirassol<\/strong>\u00a0atuando na Vila Belmiro. Nesta quarta-feira (19), a equipe da Baixada Santista recebe o Le\u00e3o Caipira \u00e0s 21h30 (de Bras\u00edlia), pela 34\u00aa rodada do\u00a0<strong class=\"font-bold\">Campeonato Brasileiro<\/strong>.<\/p>\n<p class=\"w-full text-lg font-krub text-gray-500 leading-30\">A lista de relacionados conta com um retorno importante com a presen\u00e7a do zagueiro Luan Peres. Ele respeitou o protocolo de concuss\u00e3o depois do choque com Arrascaeta, no \u00faltimo dia 9, contra o\u00a0<strong class=\"font-bold\">Flamengo<\/strong>, e havia realizado apenas um treino com bola antes do duelo contra o Palmeiras, no \u00faltimo dia 15.<\/p>\n<p class=\"w-full text-lg font-krub text-gray-500 leading-30\">J\u00e1 Chermont estava com o time Sub-20 no t\u00edtulo do Campeonato Paulista diante do S\u00e3o Paulo, no \u00faltimo domingo (16) e tamb\u00e9m perdeu o cl\u00e1ssico contra o Alviverde. Ele segue de fora da lista de relacionados.<\/p>\n<p class=\"w-full text-lg font-krub text-gray-500 leading-30\">Neymar \u00e9 presen\u00e7a confirmada na lista e deve ser titular pelo terceiro jogo seguido com a camisa do Peixe.<\/p>\n<p class=\"w-full text-lg font-krub text-gray-500 leading-30\">O t\u00e9cnico Juan Pablo Vojvoda dever\u00e1 ter apenas um desfalque para o duelo contra o time do interior de S\u00e3o Paulo. O zagueiro Alexis Duarte est\u00e1 a servi\u00e7o da sele\u00e7\u00e3o paraguaia nesta Data Fifa.<\/p>\n<p class=\"w-full text-lg font-krub text-gray-500 leading-30\">O Peixe \u00e9 o primeiro time fora da zona do rebaixamento, ocupando a 16\u00aa posi\u00e7\u00e3o, com 36 pontos. J\u00e1 o Le\u00e3o Capixaba aparece em 4\u00ba lugar, com 59 pontos, e segue na briga por uma vaga direta na Libertadores.<\/p>\n<p class=\"w-full text-lg font-krub text-gray-500 leading-30\">Os ingressos para o duelo est\u00e3o esgotados. O Alvinegro Praiano deixou a zona do rebaixamento na \u00faltima rodada ao vencer o\u00a0<strong class=\"font-bold\">Palmeiras<\/strong>\u00a0por 1 a 0, com gol de Rollheiser, quebrando um jejum de cinco partidas sem vit\u00f3ria.<\/p>\n<div class=\"w-full font-krub not-italic font-normal text-start\">\n<h2 class=\"font-bold text-3xl tab-m:text-xl\">Confira a lista de relacionados:<\/h2>\n<\/div>\n<figure class=\"relative\"><img loading=\"lazy\" decoding=\"async\" class=\"w-full rounded-lg \" src=\"https:\/\/lncimg.lance.com.br\/cdn-cgi\/image\/width=850,quality=75,format=webp\/uploads\/2025\/11\/WhatsApp-Image-2025-11-19-at-11.01.43.jpeg\" alt=\"Santos divulga a lista de relacionados com Luan Peres na rela\u00e7\u00e3o. (Foto: Divulga\u00e7\u00e3o\/ Santos FC)\" width=\"850\" height=\"530\" data-nimg=\"1\" \/><figcaption class=\"font-krub font-normal not-italic text-[12px] leading-5 text-[#808080] flex items-center justify-start mt-2\">Santos divulga a lista de relacionados com Luan Peres na rela\u00e7\u00e3o. (Foto: Divulga\u00e7\u00e3o\/ Santos FC)<\/figcaption><\/figure>\n<div class=\"w-full font-krub not-italic font-normal text-start\">\n<h2 class=\"font-bold text-3xl tab-m:text-xl\">Ficha T\u00e9cnica:<\/h2>\n<\/div>\n<p class=\"w-full text-lg font-krub text-gray-500 leading-30\"><strong class=\"font-bold\">SANTOS X MIRASSOL &#8211; 34\u00aa rodada do Campeonato Brasileiro<\/strong><\/p>\n<p class=\"w-full text-lg font-krub text-gray-500 leading-30\"><strong class=\"font-bold\">\u00a0Data e hor\u00e1rio:<\/strong>\u00a0quarta-feira (19), \u00e0s 21h30 (de Bras\u00edlia);<br \/>\n<strong class=\"font-bold\">\u00a0Local<\/strong>: Vila Belmiro (Santos, SP);<br \/>\n<strong class=\"font-bold\">\u00a0Onde assistir<\/strong>: TV Globo, ge TV e Premiere\u00a0<strong class=\"font-bold\"><a class=\"font-bold break-normal hover:underline\" href=\"https:\/\/s.afilio.com.br\/?id=6682fc9a4f1b4c000139118f\" target=\"_blank\" rel=\"nofollow,sponsored noopener\" data-mrf-link=\"https:\/\/s.afilio.com.br\/?id=6682fc9a4f1b4c000139118f\">(Clique aqui para assistir ao vivo)<\/a><\/strong><br \/>\n<strong class=\"font-bold\">\u00c1rbitro<\/strong>: Matheus Delgado Candan\u00e7an (SP)<br \/>\n<strong class=\"font-bold\">Auxiliares<\/strong>: Alex Ang Ribeiro (SP) e Thiago Henrique Neto Correa Farinha (RJ)<br \/>\n<strong class=\"font-bold\">VAR<\/strong>: Rodrigo D Alonso Ferreira (SC)<\/p>\n<div class=\"w-full font-krub not-italic font-normal text-start\">\n<h2 class=\"font-bold text-3xl tab-m:text-xl\">Prov\u00e1veis escala\u00e7\u00f5es:<\/h2>\n<\/div>\n<p class=\"w-full text-lg font-krub text-gray-500 leading-30\"><strong class=\"font-bold\">Escala\u00e7\u00e3o do Santos (T\u00e9cnico: Juan Pablo Vojvoda)<\/strong><br \/>\nGabriel Braz\u00e3o; Igor Vinicius, Adon\u00eds Fr\u00edas (Luan Peres), Z\u00e9 Ivaldo e Souza; Ar\u00e3o, Z\u00e9 Rafael, Jo\u00e3o Schmidt; Barreal, Guilherme (Robinho Jr) e Neymar.<\/p>\n<p class=\"w-full text-lg font-krub text-gray-500 leading-30\"><strong class=\"font-bold\">Escala\u00e7\u00e3o do Mirassol (T\u00e9cnico: Rafael Guanaes)<\/strong><br \/>\nWalter; Lucas Ramon, Jo\u00e3o Victor, Jemmes e Reinaldo; Neto Moura, Danielzinho e Gabriel; Negueba, Alesson e Chico da Costa (Cristian).<\/p>\n<div class=\"w-full font-krub not-italic font-normal text-start\">\n<h2 class=\"font-bold text-3xl tab-m:text-xl\">Agenda:<\/h2>\n<\/div>\n<p class=\"w-full text-lg font-krub text-gray-500 leading-30\">19.11 (quarta-feira) &#8211; Santos x Mirassol &#8211; 21h30 (de Bras\u00edlia) &#8211; Vila Belmiro &#8211; 34\u00aa rodada do Campeonato Brasileiro<\/p>\n<p class=\"w-full text-lg font-krub text-gray-500 leading-30\">24.11 (segunda-feira) &#8211; Internacional x Santos &#8211; 21h (de Bras\u00edlia) &#8211; Beira-Rio &#8211; 35\u00aa rodada do Campeonato Brasileiro<\/p>\n<p class=\"w-full text-lg font-krub text-gray-500 leading-30\">28.11 (sexta-feira) &#8211; Santos x Sport &#8211; 21h30- (de Bras\u00edlia) &#8211; Vila Belmiro &#8211; 36\u00aa rodada do Campeonato Brasileiro<\/p>\n<p class=\"w-full text-lg font-krub text-gray-500 leading-30\">03.12 (quarta-feira) &#8211; Juventude x Santos &#8211; 19h30 (de Bras\u00edlia) &#8211; Alfredo Jaconi &#8211; 37\u00aa rodada do Campeonato Brasileiro<\/p>\n<p class=\"w-full text-lg font-krub text-gray-500 leading-30\">07.12 (domingo) &#8211; Santos x Cruzeiro &#8211; 16h (de Bras\u00edlia) &#8211; Vila Belmiro &#8211; 38\u00aa rodada do Campeonato Brasileiro<\/p>\n<\/div>\n<p>&nbsp;<\/p>\n<p>Fonte: Portal Lance.<br \/>\nConfira esta e outras mat\u00e9rias na \u00edntegra pelo link: https:\/\/www.lance.com.br\/santos\/com-novidade-santos-divulga-lista-de-relacionados-para-jogo-contra-o-mirassol.html<\/p>\n","protected":false},"excerpt":{"rendered":"<p>Peixe \u00e9 o primeiro clube de fora da zona do rebaixamento do Brasileir\u00e3o O\u00a0Santos\u00a0nunca perdeu para o\u00a0Mirassol\u00a0atuando na Vila Belmiro. Nesta quarta-feira (19), a equipe da Baixada Santista recebe o Le\u00e3o Caipira \u00e0s 21h30 (de Bras\u00edlia), pela 34\u00aa rodada do\u00a0Campeonato Brasileiro. A lista de relacionados conta com um retorno importante com a presen\u00e7a do zagueiro [&hellip;]<\/p>\n","protected":false},"author":3,"featured_media":12996,"comment_status":"open","ping_status":"open","sticky":false,"template":"","format":"standard","meta":{"om_disable_all_campaigns":false,"_monsterinsights_skip_tracking":false,"_monsterinsights_sitenote_active":false,"_monsterinsights_sitenote_note":"","_monsterinsights_sitenote_category":0,"footnotes":""},"categories":[48],"tags":[],"class_list":["post-12995","post","type-post","status-publish","format-standard","has-post-thumbnail","hentry","category-esportes"],"jetpack_featured_media_url":"https:\/\/fatoelado.com\/wp-content\/uploads\/2025\/11\/54930657134_2f05c76245_c-aspect-ratio-512-320.webp","_links":{"self":[{"href":"https:\/\/fatoelado.com\/index.php?rest_route=\/wp\/v2\/posts\/12995","targetHints":{"allow":["GET"]}}],"collection":[{"href":"https:\/\/fatoelado.com\/index.php?rest_route=\/wp\/v2\/posts"}],"about":[{"href":"https:\/\/fatoelado.com\/index.php?rest_route=\/wp\/v2\/types\/post"}],"author":[{"embeddable":true,"href":"https:\/\/fatoelado.com\/index.php?rest_route=\/wp\/v2\/users\/3"}],"replies":[{"embeddable":true,"href":"https:\/\/fatoelado.com\/index.php?rest_route=%2Fwp%2Fv2%2Fcomments&post=12995"}],"version-history":[{"count":1,"href":"https:\/\/fatoelado.com\/index.php?rest_route=\/wp\/v2\/posts\/12995\/revisions"}],"predecessor-version":[{"id":12997,"href":"https:\/\/fatoelado.com\/index.php?rest_route=\/wp\/v2\/posts\/12995\/revisions\/12997"}],"wp:featuredmedia":[{"embeddable":true,"href":"https:\/\/fatoelado.com\/index.php?rest_route=\/wp\/v2\/media\/12996"}],"wp:attachment":[{"href":"https:\/\/fatoelado.com\/index.php?rest_route=%2Fwp%2Fv2%2Fmedia&parent=12995"}],"wp:term":[{"taxonomy":"category","embeddable":true,"href":"https:\/\/fatoelado.com\/index.php?rest_route=%2Fwp%2Fv2%2Fcategories&post=12995"},{"taxonomy":"post_tag","embeddable":true,"href":"https:\/\/fatoelado.com\/index.php?rest_route=%2Fwp%2Fv2%2Ftags&post=12995"}],"curies":[{"name":"wp","href":"https:\/\/api.w.org\/{rel}","templated":true}]}}