{"id":12947,"date":"2025-11-18T12:14:46","date_gmt":"2025-11-18T15:14:46","guid":{"rendered":"https:\/\/fatoelado.com\/?p=12947"},"modified":"2025-11-18T12:14:46","modified_gmt":"2025-11-18T15:14:46","slug":"mulher-presa-com-quase-4-kg-de-cocaina-usava-filho-para-despistar-fiscalizacoes-diz-policia","status":"publish","type":"post","link":"https:\/\/fatoelado.com\/?p=12947","title":{"rendered":"Mulher presa com quase 4 kg de coca\u00edna usava filho para despistar fiscaliza\u00e7\u00f5es, diz pol\u00edcia"},"content":{"rendered":"<h2 class=\"article-subtitle\" style=\"text-align: center;\">Suspeita, que saiu de S\u00e3o Paulo com o filho de um ano no carro para tentar despistar fiscaliza\u00e7\u00f5es, foi flagrada transportando quase 4 kg de coca\u00edna na CE-494<\/h2>\n<p>&nbsp;<\/p>\n<div class=\"article-image-featured\"><img decoding=\"async\" class=\"i-amphtml-fill-content i-amphtml-replaced-content\" src=\"https:\/\/www.meionews.com\/uploads\/imagens\/2025\/11\/18\/material-apreendido-em-acao-policial--94ab2683eea12f47.jpg\" alt=\"Mat\u00e9rial apreendido em a\u00e7\u00e3o policial | Reprodu\u00e7\u00e3o\/ Pol\u00edcia Civil do Estado do Cear\u00e1\" data-amp-loading=\"lazy\" \/><small>Mat\u00e9rial apreendido em a\u00e7\u00e3o policial | Foto: Reprodu\u00e7\u00e3o\/ Pol\u00edcia Civil do Estado do Cear\u00e1<\/small><\/div>\n<div class=\"article-html\">\n<div class=\"article-html-more\">\n<p>&nbsp;<\/p>\n<p>Uma\u00a0<strong>mulher de 22 anos foi presa em Nova Olinda, no Cear\u00e1, suspeita de traficar quase 4 kg de coca\u00edna.\u00a0<\/strong>Segundo a Pol\u00edcia Civil do Estado do Cear\u00e1 (PCCE), ela<span class=\"highlight\">\u00a0saiu de S\u00e3o Paulo dirigindo um carro e levava no ve\u00edculo o filho, de um ano e quatro meses, para tentar despistar fiscaliza\u00e7\u00f5es durante o trajeto.<\/span><\/p>\n<p>Durante dilig\u00eancias na regi\u00e3o, equipes da 2\u00aa Seccional de Interior Sul, em Juazeiro do Norte, identificaram um ve\u00edculo em atitude suspeita na CE-494. Na abordagem, os\u00a0<strong>agentes encontraram 3,975 kg de coca\u00edna divididos em quatro por\u00e7\u00f5es, al\u00e9m de um celular, uma mala de viagem e o autom\u00f3vel utilizado no transporte.<\/strong><\/p>\n<p class=\"ads\">\n<div class=\"dimg\"><img decoding=\"async\" class=\"i-amphtml-intrinsic-sizer\" role=\"presentation\" src=\"data:;base64,<svg height=\"541px\" width=\"1200px\" xmlns=\"http:\/\/www.w3.org\/2000\/svg\" version=\"1.1\"\/>&#8221; alt=&#8221;&#8221; aria-hidden=&#8221;true&#8221; \/><img decoding=\"async\" class=\"i-amphtml-fill-content i-amphtml-replaced-content\" src=\"https:\/\/www.meionews.com\/uploads\/imagens\/2025\/11\/18\/mulher-presa-com-quase-4-kg-de-cocaina-usava-filho-para-despistar-fiscalizacoes-diz-policia--831630bb9dab7cc8.jpg\" alt=\"Pol\u00edcia Civil do Cear\u00e1 (Foto: Reprodu\u00e7\u00e3o\/ PCCE)\" data-amp-loading=\"lazy\" \/><\/div>\n<p><span class=\"fr-inner\">Pol\u00edcia Civil do Cear\u00e1 (Foto: Reprodu\u00e7\u00e3o\/ PCCE)<\/span>&nbsp;<\/p>\n<h2>Material apreendido<\/h2>\n<p>Aos policiais, a\u00a0<strong>suspeita confessou que receberia R$ 4 mil para transportar a droga at\u00e9 o Cear\u00e1.<\/strong>\u00a0Todo o material foi apreendido.<\/p>\n<p>A mulher recebeu voz de pris\u00e3o e foi encaminhada \u00e0 delegacia, onde foi autuada em flagrante por tr\u00e1fico de drogas e tr\u00e1fico interestadual, j\u00e1 que havia partido de S\u00e3o Paulo em dire\u00e7\u00e3o ao Cear\u00e1. O caso segue sob investiga\u00e7\u00e3o das autoridades competentes.<\/p>\n<div class=\"article-share_buttons2 article-share\">\n<div class=\"share_buttons\">\n<p>&nbsp;<\/p>\n<p>Fonte: Portal MeioNews.<br \/>\nConfira esta e outras mat\u00e9rias na \u00edntegra pelo link: https:\/\/www.meionews.com\/ceara\/policia\/mulher-presa-com-quase-4-kg-de-cocaina-usava-filho-para-despistar-fiscalizacoes-diz-policia-547306<\/p>\n<\/div>\n<\/div>\n<\/div>\n<\/div>\n","protected":false},"excerpt":{"rendered":"<p>Suspeita, que saiu de S\u00e3o Paulo com o filho de um ano no carro para tentar despistar fiscaliza\u00e7\u00f5es, foi flagrada transportando quase 4 kg de coca\u00edna na CE-494 &nbsp; Mat\u00e9rial apreendido em a\u00e7\u00e3o policial | Foto: Reprodu\u00e7\u00e3o\/ Pol\u00edcia Civil do Estado do Cear\u00e1 &nbsp; Uma\u00a0mulher de 22 anos foi presa em Nova Olinda, no Cear\u00e1, [&hellip;]<\/p>\n","protected":false},"author":3,"featured_media":12948,"comment_status":"open","ping_status":"open","sticky":false,"template":"","format":"standard","meta":{"om_disable_all_campaigns":false,"_monsterinsights_skip_tracking":false,"_monsterinsights_sitenote_active":false,"_monsterinsights_sitenote_note":"","_monsterinsights_sitenote_category":0,"footnotes":""},"categories":[47,542],"tags":[],"class_list":["post-12947","post","type-post","status-publish","format-standard","has-post-thumbnail","hentry","category-nacionais","category-policia"],"jetpack_featured_media_url":"https:\/\/fatoelado.com\/wp-content\/uploads\/2025\/11\/material-apreendido-em-acao-policial-94ab2683eea12f47.jpg","_links":{"self":[{"href":"https:\/\/fatoelado.com\/index.php?rest_route=\/wp\/v2\/posts\/12947","targetHints":{"allow":["GET"]}}],"collection":[{"href":"https:\/\/fatoelado.com\/index.php?rest_route=\/wp\/v2\/posts"}],"about":[{"href":"https:\/\/fatoelado.com\/index.php?rest_route=\/wp\/v2\/types\/post"}],"author":[{"embeddable":true,"href":"https:\/\/fatoelado.com\/index.php?rest_route=\/wp\/v2\/users\/3"}],"replies":[{"embeddable":true,"href":"https:\/\/fatoelado.com\/index.php?rest_route=%2Fwp%2Fv2%2Fcomments&post=12947"}],"version-history":[{"count":1,"href":"https:\/\/fatoelado.com\/index.php?rest_route=\/wp\/v2\/posts\/12947\/revisions"}],"predecessor-version":[{"id":12949,"href":"https:\/\/fatoelado.com\/index.php?rest_route=\/wp\/v2\/posts\/12947\/revisions\/12949"}],"wp:featuredmedia":[{"embeddable":true,"href":"https:\/\/fatoelado.com\/index.php?rest_route=\/wp\/v2\/media\/12948"}],"wp:attachment":[{"href":"https:\/\/fatoelado.com\/index.php?rest_route=%2Fwp%2Fv2%2Fmedia&parent=12947"}],"wp:term":[{"taxonomy":"category","embeddable":true,"href":"https:\/\/fatoelado.com\/index.php?rest_route=%2Fwp%2Fv2%2Fcategories&post=12947"},{"taxonomy":"post_tag","embeddable":true,"href":"https:\/\/fatoelado.com\/index.php?rest_route=%2Fwp%2Fv2%2Ftags&post=12947"}],"curies":[{"name":"wp","href":"https:\/\/api.w.org\/{rel}","templated":true}]}}