{"id":12944,"date":"2025-11-18T12:13:07","date_gmt":"2025-11-18T15:13:07","guid":{"rendered":"https:\/\/fatoelado.com\/?p=12944"},"modified":"2025-11-18T12:13:07","modified_gmt":"2025-11-18T15:13:07","slug":"casa-da-mulher-brasileira-e-contemplada-com-doacoes-da-receita-federal-para-fortalecer-atendimento-a-mulheres-em-situacao-de-violencia","status":"publish","type":"post","link":"https:\/\/fatoelado.com\/?p=12944","title":{"rendered":"Casa da Mulher Brasileira \u00e9 contemplada com doa\u00e7\u00f5es da Receita Federal para fortalecer atendimento a mulheres em situa\u00e7\u00e3o de viol\u00eancia"},"content":{"rendered":"<h2 class=\"elementor-heading-title elementor-size-default\" style=\"text-align: center;\">A a\u00e7\u00e3o nacional \u201cReceita por Elas\u201d destina mercadorias apreendidas em opera\u00e7\u00f5es de combate a il\u00edcitos para institui\u00e7\u00f5es que atendem mulheres em situa\u00e7\u00e3o de vulnerabilidade.<\/h2>\n<p>&nbsp;<\/p>\n<p><span class=\"cf0\">A Secretaria das Mulheres do Piau\u00ed (Sempi) participou, nesta ter\u00e7a-feira (18), da a\u00e7\u00e3o nacional \u201cReceita por Elas\u201d, promovida pela Receita Federal, que destina mercadorias apreendidas em opera\u00e7\u00f5es de combate a il\u00edcitos para institui\u00e7\u00f5es que atendem mulheres em situa\u00e7\u00e3o de vulnerabilidade. Em Teresina, a Casa da Mulher Brasileira (CMB) foi selecionada para receber os itens, que refor\u00e7ar\u00e3o a\u00e7\u00f5es de prote\u00e7\u00e3o, acolhimento e autonomia econ\u00f4mica das mulheres. A iniciativa integra as mobiliza\u00e7\u00f5es pelo Dia Internacional pela Elimina\u00e7\u00e3o da Viol\u00eancia contra a Mulher, celebrado em 25 de novembro.<\/span><\/p>\n<p><span class=\"cf0\">A secret\u00e1ria das Mulheres, Zenaide Lustosa, destacou que a a\u00e7\u00e3o amplia a capacidade de atendimento da institui\u00e7\u00e3o e contribui diretamente para a reconstru\u00e7\u00e3o da autonomia das mulheres.<\/span><\/p>\n<p><span class=\"cf0\">\u201cO projeto fortalece muito nosso trabalho. Muitas mulheres chegam \u00e0 Casa da Mulher Brasileira somente com a roupa do corpo, sem cal\u00e7ado ou com roupas rasgadas. Os materiais recebidos v\u00e3o nos permitir oferecer itens b\u00e1sicos, mas tamb\u00e9m fortalecer as forma\u00e7\u00f5es na \u00e1rea de beleza, gastronomia e corte de cabelo, que realizamos dentro da institui\u00e7\u00e3o e que ajudam as mulheres a gerar renda e sair do ciclo de viol\u00eancia. Tamb\u00e9m estamos avan\u00e7ando em parceria com a Secretaria de Seguran\u00e7a nas delegacias especializadas, al\u00e9m do\u00a0<\/span><span class=\"cf0\">protocolo<\/span><span class=\"cf0\">\u00a0\u2018Ei,\u00a0<\/span><span class=\"cf0\">Merm\u00e3<\/span><span class=\"cf0\">, N\u00e3o se Cale\u2019, que funciona 24 horas nos 224 munic\u00edpios. Tudo isso possibilita que avancemos no enfrentamento \u00e0 viol\u00eancia contra a mulher\u201d, completa a gestora.<\/span><\/p>\n<p><img loading=\"lazy\" decoding=\"async\" class=\"alignnone size-full wp-image-99669\" src=\"https:\/\/www.pi.gov.br\/wp-content\/uploads\/2025\/11\/WhatsApp-Image-2025-11-18-at-10.58.45.jpeg\" sizes=\"auto, (max-width: 1278px) 100vw, 1278px\" srcset=\"https:\/\/www.pi.gov.br\/wp-content\/uploads\/2025\/11\/WhatsApp-Image-2025-11-18-at-10.58.45.jpeg 1278w, https:\/\/www.pi.gov.br\/wp-content\/uploads\/2025\/11\/WhatsApp-Image-2025-11-18-at-10.58.45-300x223.jpeg 300w, https:\/\/www.pi.gov.br\/wp-content\/uploads\/2025\/11\/WhatsApp-Image-2025-11-18-at-10.58.45-1024x761.jpeg 1024w, https:\/\/www.pi.gov.br\/wp-content\/uploads\/2025\/11\/WhatsApp-Image-2025-11-18-at-10.58.45-768x571.jpeg 768w\" alt=\"\" width=\"1278\" height=\"950\" \/><\/p>\n<p><span class=\"cf0\">A coordenadora estadual da Casa da Mulher Brasileira, Andrea Bastos, refor\u00e7ou que os itens recebidos ser\u00e3o utilizados para qualifica\u00e7\u00e3o profissional e fortalecimento da autoestima.<\/span><\/p>\n<p><span class=\"cf0\">\u201cA Casa da Mulher Brasileira de Teresina est\u00e1 sendo contemplada com itens diversos, que v\u00e3o desde equipamentos eletr\u00f4nicos a materiais de beleza. Isso contribui para o autocuidado das mulheres atendidas e fortalece o pleno funcionamento da casa. Tamb\u00e9m vamos receber kits de maquiagem que ser\u00e3o utilizados nos cursos profissionalizantes, dando um impulso importante para que as mulheres iniciem seu pr\u00f3prio neg\u00f3cio\u201d, acrescenta a gestora.<\/span><\/p>\n<p><img loading=\"lazy\" decoding=\"async\" class=\"alignnone size-full wp-image-99659\" src=\"https:\/\/www.pi.gov.br\/wp-content\/uploads\/2025\/11\/WhatsApp-Image-2025-11-18-at-10.58.50.jpeg\" sizes=\"auto, (max-width: 1280px) 100vw, 1280px\" srcset=\"https:\/\/www.pi.gov.br\/wp-content\/uploads\/2025\/11\/WhatsApp-Image-2025-11-18-at-10.58.50.jpeg 1280w, https:\/\/www.pi.gov.br\/wp-content\/uploads\/2025\/11\/WhatsApp-Image-2025-11-18-at-10.58.50-300x211.jpeg 300w, https:\/\/www.pi.gov.br\/wp-content\/uploads\/2025\/11\/WhatsApp-Image-2025-11-18-at-10.58.50-1024x720.jpeg 1024w, https:\/\/www.pi.gov.br\/wp-content\/uploads\/2025\/11\/WhatsApp-Image-2025-11-18-at-10.58.50-768x540.jpeg 768w\" alt=\"\" width=\"1280\" height=\"900\" \/><\/p>\n<p><span class=\"cf0\">Suely Rocha, atendida pela institui\u00e7\u00e3o e aluna do curso profissionalizante de Maquiagem, tamb\u00e9m destacou o impacto da iniciativa.\u00a0<\/span><span class=\"cf0\">\u201cA casa oferecer esse curso \u00e9 uma oportunidade de emancipa\u00e7\u00e3o, para que a mulher se profissionalize, amplie seus conhecimentos e tenha sua pr\u00f3pria base de sustento\u201d, ressaltou.<\/span><\/p>\n<p><img loading=\"lazy\" decoding=\"async\" class=\"alignnone size-full wp-image-99672\" src=\"https:\/\/www.pi.gov.br\/wp-content\/uploads\/2025\/11\/WhatsApp-Image-2025-11-18-at-10.58.20-1.jpeg\" sizes=\"auto, (max-width: 1280px) 100vw, 1280px\" srcset=\"https:\/\/www.pi.gov.br\/wp-content\/uploads\/2025\/11\/WhatsApp-Image-2025-11-18-at-10.58.20-1.jpeg 1280w, https:\/\/www.pi.gov.br\/wp-content\/uploads\/2025\/11\/WhatsApp-Image-2025-11-18-at-10.58.20-1-300x225.jpeg 300w, https:\/\/www.pi.gov.br\/wp-content\/uploads\/2025\/11\/WhatsApp-Image-2025-11-18-at-10.58.20-1-1024x768.jpeg 1024w, https:\/\/www.pi.gov.br\/wp-content\/uploads\/2025\/11\/WhatsApp-Image-2025-11-18-at-10.58.20-1-768x576.jpeg 768w\" alt=\"\" width=\"1280\" height=\"960\" \/><\/p>\n<p>&nbsp;<\/p>\n<p>Fonte: Portal pi.Gov<br \/>\nConfira esta e outras mat\u00e9rias na \u00edntegra pelo link: https:\/\/www.pi.gov.br\/casa-da-mulher-brasileira-e-contemplada-com-doacoes-da-receita-federal-para-fortalecer-atendimento-a-mulheres-em-situacao-de-violencia\/<\/p>\n","protected":false},"excerpt":{"rendered":"<p>A a\u00e7\u00e3o nacional \u201cReceita por Elas\u201d destina mercadorias apreendidas em opera\u00e7\u00f5es de combate a il\u00edcitos para institui\u00e7\u00f5es que atendem mulheres em situa\u00e7\u00e3o de vulnerabilidade. &nbsp; A Secretaria das Mulheres do Piau\u00ed (Sempi) participou, nesta ter\u00e7a-feira (18), da a\u00e7\u00e3o nacional \u201cReceita por Elas\u201d, promovida pela Receita Federal, que destina mercadorias apreendidas em opera\u00e7\u00f5es de combate a [&hellip;]<\/p>\n","protected":false},"author":3,"featured_media":12945,"comment_status":"open","ping_status":"open","sticky":false,"template":"","format":"standard","meta":{"om_disable_all_campaigns":false,"_monsterinsights_skip_tracking":false,"_monsterinsights_sitenote_active":false,"_monsterinsights_sitenote_note":"","_monsterinsights_sitenote_category":0,"footnotes":""},"categories":[33],"tags":[],"class_list":["post-12944","post","type-post","status-publish","format-standard","has-post-thumbnail","hentry","category-piaui"],"jetpack_featured_media_url":"https:\/\/fatoelado.com\/wp-content\/uploads\/2025\/11\/WhatsApp-Image-2025-11-18-at-10.58.50.jpeg","_links":{"self":[{"href":"https:\/\/fatoelado.com\/index.php?rest_route=\/wp\/v2\/posts\/12944","targetHints":{"allow":["GET"]}}],"collection":[{"href":"https:\/\/fatoelado.com\/index.php?rest_route=\/wp\/v2\/posts"}],"about":[{"href":"https:\/\/fatoelado.com\/index.php?rest_route=\/wp\/v2\/types\/post"}],"author":[{"embeddable":true,"href":"https:\/\/fatoelado.com\/index.php?rest_route=\/wp\/v2\/users\/3"}],"replies":[{"embeddable":true,"href":"https:\/\/fatoelado.com\/index.php?rest_route=%2Fwp%2Fv2%2Fcomments&post=12944"}],"version-history":[{"count":1,"href":"https:\/\/fatoelado.com\/index.php?rest_route=\/wp\/v2\/posts\/12944\/revisions"}],"predecessor-version":[{"id":12946,"href":"https:\/\/fatoelado.com\/index.php?rest_route=\/wp\/v2\/posts\/12944\/revisions\/12946"}],"wp:featuredmedia":[{"embeddable":true,"href":"https:\/\/fatoelado.com\/index.php?rest_route=\/wp\/v2\/media\/12945"}],"wp:attachment":[{"href":"https:\/\/fatoelado.com\/index.php?rest_route=%2Fwp%2Fv2%2Fmedia&parent=12944"}],"wp:term":[{"taxonomy":"category","embeddable":true,"href":"https:\/\/fatoelado.com\/index.php?rest_route=%2Fwp%2Fv2%2Fcategories&post=12944"},{"taxonomy":"post_tag","embeddable":true,"href":"https:\/\/fatoelado.com\/index.php?rest_route=%2Fwp%2Fv2%2Ftags&post=12944"}],"curies":[{"name":"wp","href":"https:\/\/api.w.org\/{rel}","templated":true}]}}