{"id":12938,"date":"2025-11-18T12:10:02","date_gmt":"2025-11-18T15:10:02","guid":{"rendered":"https:\/\/fatoelado.com\/?p=12938"},"modified":"2025-11-18T12:10:02","modified_gmt":"2025-11-18T15:10:02","slug":"com-clima-tenso-george-e-saymon-se-despedem-do-mundial-de-volei-de-praia","status":"publish","type":"post","link":"https:\/\/fatoelado.com\/?p=12938","title":{"rendered":"Com clima tenso, George e Saymon se despedem do Mundial de V\u00f4lei de Praia"},"content":{"rendered":"<div class=\"flex w-full flex-col gap-2 pb-2 md:gap-4 md:mt-6 md:mb-4\">\n<h2 class=\"font-krub text-base leading-normal font-normal text-start text-[#4D5156] w-full\" style=\"text-align: center;\">Outras cinco duplas brasileiras seguem vivas no Mundial<\/h2>\n<\/div>\n<figure class=\"relative w-full overflow-hidden tab-m:w-screen tab-m:max-w-screen-md md:-mt-4 tab-m:-mx-4 tab-m:rounded-b-none rounded-b-2xl max-h-[355px] desk-news:max-h-[501px]\">\n<div class=\"w-full rounded-[20px] h-20 -z-10 -mb-[75px] tab:w-screen mx-auto\"><\/div>\n<div class=\"relative max-h-[350px] desk-news:max-h-[496px] bg-transparent h-full max-h-[350px]\"><img loading=\"lazy\" decoding=\"async\" class=\"rounded-lg object-cover object-top tab-m:rounded-t-2xl tab-m:rounded-b-none rounded-b-2xl max-h-[350px] h-[350px] desk-news:h-full desk-news:max-h-[496px] flex-shrink-0 w-full\" src=\"https:\/\/lncimg.lance.com.br\/cdn-cgi\/image\/width=950,quality=75,fit=pad,format=webp\/uploads\/2025\/11\/George-e-Saymon-sao-eliminados-no-Mundial-de-Volei-de-Praia-2025-aspect-ratio-512-320.jpg\" srcset=\"https:\/\/lncimg.lance.com.br\/cdn-cgi\/image\/width=950,quality=75,fit=pad,format=webp\/uploads\/2025\/11\/George-e-Saymon-sao-eliminados-no-Mundial-de-Volei-de-Praia-2025-aspect-ratio-512-320.jpg 1x\" alt=\"George e Saymon s\u00e3o eliminados no Mundial de V\u00f4lei de Praia 2025 (Foto: Volleyball World)\" width=\"850\" height=\"350\" data-nimg=\"1\" \/><\/div>\n<\/figure>\n<div>\n<div class=\"w-full desk-news:max-w-[714px] mx-auto flex flex-col gap-6 md:gap-8\">\n<p class=\"w-full text-lg font-krub text-gray-500 leading-30\">Nem tudo s\u00e3o flores e os brasileiros\u00a0<strong class=\"font-bold\">George e Saymon\u00a0<\/strong>podem confirmar isso. Eles foram os primeiros do pa\u00eds a serem eliminados no mata-mata do\u00a0<strong class=\"font-bold\">Mundial de V\u00f4lei de Praia<\/strong>. A dupla caiu logo na primeira eliminat\u00f3ria, superada pelos cataris\u00a0<strong class=\"font-bold\">Cherif e Ahmed<\/strong>.<\/p>\n<p class=\"w-full text-lg font-krub text-gray-500 leading-30\">Antes mesmo de come\u00e7ar, o confronto j\u00e1 era considerado de alto risco, pois os atletas do Catar eram favoritos, tendo vencido seis dos \u00faltimos oito torneios disputados.<\/p>\n<p>&nbsp;<\/p>\n<div class=\"w-full font-krub not-italic font-normal text-start\">\n<h2 class=\"font-bold text-3xl tab-m:text-xl\">Como foi o jogo?<\/h2>\n<\/div>\n<p class=\"w-full text-lg font-krub text-gray-500 leading-30\">As parciais terminaram em 21\/23 e 20\/22. O placar, decidido por uma diferen\u00e7a m\u00ednima de apenas dois pontos em ambos os sets, demonstrou o esfor\u00e7o de George e Saymon em buscar o resultado. Contudo, com muita estrat\u00e9gia, os cataris garantiram a vit\u00f3ria, destacando-se nos pontos de bloqueio e aproveitando os erros dos advers\u00e1rios, sobre os quais anotaram 11 pontos. Nem mesmo o melhor desempenho dos brasileiros no segundo set foi suficiente para levar a partida a um tie-break.<\/p>\n<p class=\"w-full text-lg font-krub text-gray-500 leading-30\">Apesar da derrota, George foi o principal destaque ofensivo da partida, com 24 pontos de ataque, tr\u00eas de bloqueio e um de saque. A trajet\u00f3ria da parceria no torneio incluiu uma vit\u00f3ria na estreia contra os compatriotas Andr\u00e9 e Renato, uma derrota em tr\u00eas sets para os anfitri\u00f5es Burnett e Hodges, e uma recupera\u00e7\u00e3o na rodada final contra os suecos, atuais campe\u00f5es ol\u00edmpicos, Ahman e Hellvig, garantindo assim a passagem para as eliminat\u00f3rias.<\/p>\n<figure class=\"relative\"><img loading=\"lazy\" decoding=\"async\" class=\"w-full rounded-lg \" src=\"https:\/\/lncimg.lance.com.br\/cdn-cgi\/image\/width=850,quality=75,format=webp\/uploads\/2025\/11\/George-e-Saymon-no-Mundial-de-Volei-de-Praia-2025-8.jpg\" alt=\"George e Saymon s\u00e3o eliminados no Mundial de V\u00f4lei de Praia 2025 (Foto: Volleyball World)\" width=\"850\" height=\"530\" data-nimg=\"1\" \/><figcaption class=\"font-krub font-normal not-italic text-[12px] leading-5 text-[#808080] flex items-center justify-start mt-2\">George e Saymon s\u00e3o eliminados no Mundial de V\u00f4lei de Praia 2025 (Foto: Volleyball World)<\/figcaption><\/figure>\n<div class=\"w-full font-krub not-italic font-normal text-start\">\n<h2 class=\"font-bold text-3xl tab-m:text-xl\">Duda e Ana Patr\u00edcia avan\u00e7am \u00e0s oitavas<\/h2>\n<\/div>\n<p class=\"w-full text-lg font-krub text-gray-500 leading-30\">Tamb\u00e9m nesta madrugada, a dupla brasileira\u00a0<strong class=\"font-bold\">Duda e Ana Patr\u00edcia<\/strong>\u00a0garantiu sua vaga nas oitavas de final do\u00a0<strong class=\"font-bold\">Mundial de V\u00f4lei de Praia<\/strong>. Elas venceram as porto-riquenhas<strong class=\"font-bold\">\u00a0Gonzalez e Navas<\/strong>\u00a0por dois sets a zero, na fase de 32 do torneio.<\/p>\n<p class=\"w-full text-lg font-krub text-gray-500 leading-30\">As parciais foram de 24\/22 e 21\/19 e o confronto foi bastante acirrado, dando trabalho para as brasileiras n\u00famero oito no ranking mundial em ambos os sets, sendo decididos pela diferen\u00e7a m\u00ednima de dois pontos. Em momentos cruciais, as brasileiras conseguiram manter a calma para fechar o jogo e assegurar a classifica\u00e7\u00e3o. Numa an\u00e1lise geral, Duda e Ana Patr\u00edcia foram superiores nos pontos de ataque e de saque. Enquanto, Gonzalez e Navas souberam aproveitar os pontos de bloqueio e os erros das brasileiras para anotar 13 pontos.<\/p>\n<p class=\"w-full text-lg font-krub text-gray-500 leading-30\">As norte-americanas Donlin e Denaburg, n\u00famero 13 do mundo pelo ranking da FIVB s\u00e3o as pr\u00f3ximas advers\u00e1rias das brasileiras. O confronto ser\u00e1 \u00e0s 1h (de Bras\u00edlia) na pr\u00f3xima quinta (20). A classifica\u00e7\u00e3o de Donlin e Denaburg veio ap\u00f3s vencerem a dupla Anouk e Zo\u00e9, da Su\u00ed\u00e7a, por dois sets a um (16\/21, 21\/16 e 15\/11).<\/p>\n<div class=\"w-full font-krub not-italic font-normal text-start\">\n<h2 class=\"font-bold text-3xl tab-m:text-xl\">Outras duplas seguem na disputa<\/h2>\n<\/div>\n<p class=\"w-full text-lg font-krub text-gray-500 leading-30\">Outras quatro duplas brasileiras competem na madrugada desta ter\u00e7a (18) para quarta-feira (19) dando sequ\u00eancia \u00e0 participa\u00e7\u00e3o do pa\u00eds na competi\u00e7\u00e3o. A maratona de jogos come\u00e7a \u00e0 00h (de Bras\u00edlia), quando Andr\u00e9 e Renato enfrentam os austr\u00edacos Hammarberg e Berger.<\/p>\n<p class=\"w-full text-lg font-krub text-gray-500 leading-30\">Na sequ\u00eancia, \u00e0 1h (de Bras\u00edlia), Thamela e Vic jogam contra as francesas Placette e Richard. No mesmo hor\u00e1rio, Evandro e Arthur encaram os anfitri\u00f5es australianos Fuller e O&#8217; Dea B. Carol e Rebecca completam a jornada, por volta das 6h (de Bras\u00edlia), em duelo tamb\u00e9m contra uma dupla da Austr\u00e1lia.<\/p>\n<figure class=\"relative\"><img loading=\"lazy\" decoding=\"async\" class=\"w-full rounded-lg \" src=\"https:\/\/lncimg.lance.com.br\/cdn-cgi\/image\/width=850,quality=75,format=webp\/uploads\/2025\/11\/Ana-Patricia-comemorando-vitoria-sobre-as-porto-riquenhas-no-Mundial-de-Volei-de-Praia-2025.jpg\" alt=\"Ana Patr\u00edcia comemorando vit\u00f3ria sobre as porto-riquenhas no Mundial de V\u00f4lei de Praia 2025 (Foto: Voleyball World)\" width=\"850\" height=\"530\" data-nimg=\"1\" \/><figcaption class=\"font-krub font-normal not-italic text-[12px] leading-5 text-[#808080] flex items-center justify-start mt-2\">Ana Patr\u00edcia comemorando vit\u00f3ria sobre as porto-riquenhas no Mundial de V\u00f4lei de Praia 2025 (Foto: Voleyball World)<\/figcaption><\/figure>\n<\/div>\n<div class=\"mt-8 w-full flex flex-col text-[#767676] pt-4 pb-6 px-0 border-[#DFE4EA] border-y border-solid font-krub\"><\/div>\n<\/div>\n<div>Fonte: Portal Lance.<br \/>\nConfira esta e outras mat\u00e9rias na \u00edntegra pelo link: https:\/\/www.lance.com.br\/mais-esportes\/com-clima-tenso-george-e-saymon-se-despedem-do-mundial-de-volei-de-praia.html<\/div>\n","protected":false},"excerpt":{"rendered":"<p>Outras cinco duplas brasileiras seguem vivas no Mundial Nem tudo s\u00e3o flores e os brasileiros\u00a0George e Saymon\u00a0podem confirmar isso. Eles foram os primeiros do pa\u00eds a serem eliminados no mata-mata do\u00a0Mundial de V\u00f4lei de Praia. A dupla caiu logo na primeira eliminat\u00f3ria, superada pelos cataris\u00a0Cherif e Ahmed. Antes mesmo de come\u00e7ar, o confronto j\u00e1 era [&hellip;]<\/p>\n","protected":false},"author":3,"featured_media":12939,"comment_status":"open","ping_status":"open","sticky":false,"template":"","format":"standard","meta":{"om_disable_all_campaigns":false,"_monsterinsights_skip_tracking":false,"_monsterinsights_sitenote_active":false,"_monsterinsights_sitenote_note":"","_monsterinsights_sitenote_category":0,"footnotes":""},"categories":[48],"tags":[],"class_list":["post-12938","post","type-post","status-publish","format-standard","has-post-thumbnail","hentry","category-esportes"],"jetpack_featured_media_url":"https:\/\/fatoelado.com\/wp-content\/uploads\/2025\/11\/George-e-Saymon-sao-eliminados-no-Mundial-de-Volei-de-Praia-2025-aspect-ratio-512-320.webp","_links":{"self":[{"href":"https:\/\/fatoelado.com\/index.php?rest_route=\/wp\/v2\/posts\/12938","targetHints":{"allow":["GET"]}}],"collection":[{"href":"https:\/\/fatoelado.com\/index.php?rest_route=\/wp\/v2\/posts"}],"about":[{"href":"https:\/\/fatoelado.com\/index.php?rest_route=\/wp\/v2\/types\/post"}],"author":[{"embeddable":true,"href":"https:\/\/fatoelado.com\/index.php?rest_route=\/wp\/v2\/users\/3"}],"replies":[{"embeddable":true,"href":"https:\/\/fatoelado.com\/index.php?rest_route=%2Fwp%2Fv2%2Fcomments&post=12938"}],"version-history":[{"count":1,"href":"https:\/\/fatoelado.com\/index.php?rest_route=\/wp\/v2\/posts\/12938\/revisions"}],"predecessor-version":[{"id":12940,"href":"https:\/\/fatoelado.com\/index.php?rest_route=\/wp\/v2\/posts\/12938\/revisions\/12940"}],"wp:featuredmedia":[{"embeddable":true,"href":"https:\/\/fatoelado.com\/index.php?rest_route=\/wp\/v2\/media\/12939"}],"wp:attachment":[{"href":"https:\/\/fatoelado.com\/index.php?rest_route=%2Fwp%2Fv2%2Fmedia&parent=12938"}],"wp:term":[{"taxonomy":"category","embeddable":true,"href":"https:\/\/fatoelado.com\/index.php?rest_route=%2Fwp%2Fv2%2Fcategories&post=12938"},{"taxonomy":"post_tag","embeddable":true,"href":"https:\/\/fatoelado.com\/index.php?rest_route=%2Fwp%2Fv2%2Ftags&post=12938"}],"curies":[{"name":"wp","href":"https:\/\/api.w.org\/{rel}","templated":true}]}}