{"id":12924,"date":"2025-11-18T12:02:36","date_gmt":"2025-11-18T15:02:36","guid":{"rendered":"https:\/\/fatoelado.com\/?p=12924"},"modified":"2025-11-18T12:02:36","modified_gmt":"2025-11-18T15:02:36","slug":"cnh-registro-e-placas-novas-regras-para-ciclomotores-entram-em-vigor-em-2026","status":"publish","type":"post","link":"https:\/\/fatoelado.com\/?p=12924","title":{"rendered":"CNH, registro e placas: novas regras para ciclomotores entram em vigor em 2026"},"content":{"rendered":"<h2 class=\"article-subtitle\" style=\"text-align: center;\">Resolu\u00e7\u00e3o do Contran tamb\u00e9m abrange novas normas para bikes el\u00e9tricas e ve\u00edculos autopropelidos, como patinetes, skates e at\u00e9 cadeira de rodas com motor el\u00e9trico<\/h2>\n<p>&nbsp;<\/p>\n<div class=\"article-image-featured\"><img decoding=\"async\" class=\"i-amphtml-fill-content i-amphtml-replaced-content\" src=\"https:\/\/www.meionews.com\/uploads\/imagens\/2025\/11\/18\/novas-regras-para-ciclomotores--f467b672e96a37c2.jpg\" alt=\"Novas regras para ciclomotores | Tomaz Silva\/Ag\u00eancia Brasil\" data-amp-loading=\"lazy\" \/><small>Novas regras para ciclomotores | Foto: Tomaz Silva\/Ag\u00eancia Brasil<\/small><\/div>\n<div class=\"g-news\"><\/div>\n<div class=\"article-html\">\n<div class=\"article-html-more\">\n<p>A partir de\u00a0<strong data-end=\"20\" data-start=\"12\">2026<\/strong>,\u00a0<strong data-end=\"38\" data-start=\"22\">ciclomotores<\/strong>,\u00a0<strong data-end=\"64\" data-start=\"40\">bicicletas el\u00e9tricas<\/strong>\u00a0e\u00a0<strong data-end=\"94\" data-start=\"67\">ve\u00edculos autopropelidos<\/strong>\u00a0\u2014 como\u00a0<strong data-end=\"115\" data-start=\"102\">patinetes<\/strong>,\u00a0<strong data-end=\"127\" data-start=\"117\">skates<\/strong>\u00a0e at\u00e9\u00a0<strong data-end=\"167\" data-start=\"134\">cadeiras de rodas motorizadas<\/strong>\u00a0\u2014 passar\u00e3o a seguir novas regras. As normas, aprovadas pelo\u00a0<strong data-end=\"272\" data-start=\"229\">Conselho Nacional de Tr\u00e2nsito (Contran)<\/strong>\u00a0em\u00a0<strong data-end=\"293\" data-start=\"276\">junho de 2023<\/strong>, estabelecem o\u00a0<strong data-end=\"343\" data-start=\"309\">enquadramento dos ciclomotores<\/strong>, definem\u00a0<strong data-end=\"396\" data-start=\"353\">equipamentos obrigat\u00f3rios e de prote\u00e7\u00e3o<\/strong>\u00a0e regulamentam a necessidade de\u00a0<strong data-end=\"441\" data-start=\"429\">registro<\/strong>,\u00a0<strong data-end=\"459\" data-start=\"443\">emplacamento<\/strong>\u00a0e at\u00e9\u00a0<strong data-end=\"473\" data-start=\"466\">CNH<\/strong>\u00a0para algumas categorias espec\u00edficas.<\/p>\n<h2>Nova regra<\/h2>\n<p>Segundo o C\u00f3digo de Tr\u00e2nsito Brasileiro (CTB), os ciclomotores s\u00e3o ve\u00edculos de duas ou tr\u00eas rodas, com pot\u00eancia de at\u00e9 4 mil watts e velocidade m\u00e1xima de f\u00e1brica de 50 km\/h. Hoje, boa parte desses condutores circula sem identifica\u00e7\u00e3o, capacete ou habilita\u00e7\u00e3o, o que dificulta a fiscaliza\u00e7\u00e3o.<\/p>\n<p>Com a nova norma, o cen\u00e1rio muda, principalmente para ciclomotores, que passar\u00e3o a exigir:<\/p>\n<p><strong>\u2022 Capacete obrigat\u00f3rio:\u00a0<\/strong>o item de seguran\u00e7a passa a ser exigido para todos os condutores e passageiros;<\/p>\n<p><strong>\u2022 Placa e registro:\u00a0<\/strong>os ciclomotores dever\u00e3o ter emplacamento e documento do ve\u00edculo, como ocorre com motos;<\/p>\n<p><strong>\u2022 Habilita\u00e7\u00e3o:\u00a0<\/strong>ser\u00e1 necess\u00e1ria a categoria A (para motos) ou a ACC (Autoriza\u00e7\u00e3o para Conduzir Ciclomotores), mais simplificada;<\/p>\n<p><strong>\u2022 Circula\u00e7\u00e3o restrita:\u00a0<\/strong>permanece proibido trafegar em ciclovias e ciclofaixas, infra\u00e7\u00e3o que passar\u00e1 a ser mais fiscalizada.<\/p>\n<p>Cada estado pode regular de acordo com suas necessidades. Em alguns estados, como o Rio de Janeiro, existe at\u00e9 mesmo a\u00a0<strong>previs\u00e3o de pagamento do IPVA para estes ve\u00edculos.<\/strong><\/p>\n<p>&nbsp;<\/p>\n<h2>O que s\u00e3o bicicleta, bicicleta el\u00e9trica, ciclomotor e autopropelido?<\/h2>\n<p>Segundo as novas regras, estes s\u00e3o os aspectos que definem uma\u00a0<strong>bicicleta<\/strong>:<\/p>\n<ul data-mrf-recirculation=\"Mat\u00e9ria - Leia Tamb\u00e9m (Lista)\">\n<li>Ve\u00edculo de propuls\u00e3o humana;<\/li>\n<li>Dotado de duas rodas.<\/li>\n<\/ul>\n<p>Estas s\u00e3o as defini\u00e7\u00f5es para um\u00a0<strong>ve\u00edculo autopropelido<\/strong>:<\/p>\n<ul data-mrf-recirculation=\"Mat\u00e9ria - Leia Tamb\u00e9m (Lista)\">\n<li>Equipamento com uma ou mais rodas;<\/li>\n<li>Pode ter, ou n\u00e3o, sistema autom\u00e1tico de equil\u00edbrio;<\/li>\n<li>Tem motor de, no m\u00e1ximo, 1 kW (1.000 watts);<\/li>\n<li>Velocidade m\u00e1xima de fabrica\u00e7\u00e3o em 32 km\/h;<\/li>\n<li>Largura n\u00e3o superior a 70 cm;<\/li>\n<li>Dist\u00e2ncia entre eixos de at\u00e9 130 cm.<\/li>\n<\/ul>\n<p>J\u00e1 para\u00a0<strong>bicicleta el\u00e9trica<\/strong>, estas s\u00e3o as defini\u00e7\u00f5es que caracterizam o ve\u00edculo:<\/p>\n<ul data-mrf-recirculation=\"Mat\u00e9ria - Leia Tamb\u00e9m (Lista)\">\n<li>Ve\u00edculos de propuls\u00e3o humana;<\/li>\n<li>Com duas rodas;<\/li>\n<li>Motor auxiliar de propuls\u00e3o de, no m\u00e1ximo, 1 kW (1.000 watts);<\/li>\n<li>Motor s\u00f3 pode funcionar quando o usu\u00e1rio pedala;<\/li>\n<li>N\u00e3o pode ter acelerador;<\/li>\n<li>Velocidade m\u00e1xima de propuls\u00e3o em 32 km\/h.<\/li>\n<\/ul>\n<p>Estas s\u00e3o as regras que definem um\u00a0<strong>ciclomotor<\/strong>:<\/p>\n<ul data-mrf-recirculation=\"Mat\u00e9ria - Leia Tamb\u00e9m (Lista)\">\n<li>Ve\u00edculo de duas ou tr\u00eas rodas;<\/li>\n<li>Motor a combust\u00e3o de at\u00e9 50 cilindradas ou motor el\u00e9trico de at\u00e9 4 kW (4.000 watts);<\/li>\n<li>Velocidade m\u00e1xima de 50 km\/h.<\/li>\n<\/ul>\n<p>&nbsp;<\/p>\n<h2>Existem exce\u00e7\u00f5es para algum dos ve\u00edculos?<\/h2>\n<p>Sim, segundo a resolu\u00e7\u00e3o do Contran,\u00a0<strong>est\u00e3o isentos das novas regras os ve\u00edculos<\/strong>:<\/p>\n<ul data-mrf-recirculation=\"Mat\u00e9ria - Leia Tamb\u00e9m (Lista)\">\n<li>Ve\u00edculos de uso exclusivo fora de estrada;<\/li>\n<li>Ve\u00edculos de competi\u00e7\u00e3o;<\/li>\n<li>Equipamentos destinados \u00e0 locomo\u00e7\u00e3o de pessoas com defici\u00eancia ou com comprometimento de mobilidade;<\/li>\n<\/ul>\n<p>&nbsp;<\/p>\n<h2>Ciclomotor pode levar multa?<\/h2>\n<p>A resolu\u00e7\u00e3o prev\u00ea que o\u00a0<strong>ciclomotor pode ser multado se<\/strong>:<\/p>\n<p>&nbsp;<\/p>\n<ul data-mrf-recirculation=\"Mat\u00e9ria - Leia Tamb\u00e9m (Lista)\">\n<li>Transitar em local n\u00e3o permitido<strong>: infra\u00e7\u00e3o m\u00e9dia, multa de R$ 130,16 e 4 pontos na CNH;<\/strong><\/li>\n<li>Transitar em cal\u00e7adas, passeios, ciclovias, exceto nos casos autorizados pela autoridade de tr\u00e2nsito:<strong>\u00a0infra\u00e7\u00e3o grav\u00edssima, multa de R$ 880,41 e 7 pontos na CNH;<\/strong><\/li>\n<li>Ve\u00edculo for conduzido sem placa de identifica\u00e7\u00e3o:<strong>\u00a0infra\u00e7\u00e3o grav\u00edssima, multa de R$ 293,47 e 7 pontos na CNH;<\/strong><\/li>\n<li>Conduzir ve\u00edculo que n\u00e3o esteja registrado e licenciado:\u00a0<strong>infra\u00e7\u00e3o grav\u00edssima, multa de R$ 293,47 e 7 pontos na CNH;<\/strong><\/li>\n<li>Quando conduzir ciclomotor sem o uso de capacete ou transportar passageiro sem o uso do capacete:<strong>\u00a0infra\u00e7\u00e3o grav\u00edssima, multa de R$ 293,47, 7 pontos na CNH e\u00a0<\/strong><strong>suspens\u00e3o da CNH<\/strong><strong>;<\/strong><\/li>\n<li>Quando transitar com ciclomotores nas vias de tr\u00e2nsito r\u00e1pido ou rodovias, salvo onde houver acostamento ou faixas de rolamento pr\u00f3prias:\u00a0<strong>infra\u00e7\u00e3o grav\u00edssima, multa de R$ 293,47, 7 pontos na CNH.<\/strong><\/li>\n<\/ul>\n<p>&nbsp;<\/p>\n<div class=\"article-share_buttons2 article-share\">\n<div class=\"share_buttons\">\n<div class=\"buttons\">\n<p>Fonte: Portal MeioNews.<br \/>\nConfira esta e outras mat\u00e9rias na \u00edntegra pelo link: https:\/\/www.meionews.com\/noticias\/cnh-registro-e-placas-novas-regras-para-ciclomotores-entram-em-vigor-em-2026-547297<\/p>\n<\/div>\n<\/div>\n<\/div>\n<\/div>\n<\/div>\n","protected":false},"excerpt":{"rendered":"<p>Resolu\u00e7\u00e3o do Contran tamb\u00e9m abrange novas normas para bikes el\u00e9tricas e ve\u00edculos autopropelidos, como patinetes, skates e at\u00e9 cadeira de rodas com motor el\u00e9trico &nbsp; Novas regras para ciclomotores | Foto: Tomaz Silva\/Ag\u00eancia Brasil A partir de\u00a02026,\u00a0ciclomotores,\u00a0bicicletas el\u00e9tricas\u00a0e\u00a0ve\u00edculos autopropelidos\u00a0\u2014 como\u00a0patinetes,\u00a0skates\u00a0e at\u00e9\u00a0cadeiras de rodas motorizadas\u00a0\u2014 passar\u00e3o a seguir novas regras. As normas, aprovadas pelo\u00a0Conselho Nacional de [&hellip;]<\/p>\n","protected":false},"author":3,"featured_media":12925,"comment_status":"open","ping_status":"open","sticky":false,"template":"","format":"standard","meta":{"om_disable_all_campaigns":false,"_monsterinsights_skip_tracking":false,"_monsterinsights_sitenote_active":false,"_monsterinsights_sitenote_note":"","_monsterinsights_sitenote_category":0,"footnotes":""},"categories":[47],"tags":[],"class_list":["post-12924","post","type-post","status-publish","format-standard","has-post-thumbnail","hentry","category-nacionais"],"jetpack_featured_media_url":"https:\/\/fatoelado.com\/wp-content\/uploads\/2025\/11\/novas-regras-para-ciclomotores-f467b672e96a37c2.jpg","_links":{"self":[{"href":"https:\/\/fatoelado.com\/index.php?rest_route=\/wp\/v2\/posts\/12924","targetHints":{"allow":["GET"]}}],"collection":[{"href":"https:\/\/fatoelado.com\/index.php?rest_route=\/wp\/v2\/posts"}],"about":[{"href":"https:\/\/fatoelado.com\/index.php?rest_route=\/wp\/v2\/types\/post"}],"author":[{"embeddable":true,"href":"https:\/\/fatoelado.com\/index.php?rest_route=\/wp\/v2\/users\/3"}],"replies":[{"embeddable":true,"href":"https:\/\/fatoelado.com\/index.php?rest_route=%2Fwp%2Fv2%2Fcomments&post=12924"}],"version-history":[{"count":1,"href":"https:\/\/fatoelado.com\/index.php?rest_route=\/wp\/v2\/posts\/12924\/revisions"}],"predecessor-version":[{"id":12926,"href":"https:\/\/fatoelado.com\/index.php?rest_route=\/wp\/v2\/posts\/12924\/revisions\/12926"}],"wp:featuredmedia":[{"embeddable":true,"href":"https:\/\/fatoelado.com\/index.php?rest_route=\/wp\/v2\/media\/12925"}],"wp:attachment":[{"href":"https:\/\/fatoelado.com\/index.php?rest_route=%2Fwp%2Fv2%2Fmedia&parent=12924"}],"wp:term":[{"taxonomy":"category","embeddable":true,"href":"https:\/\/fatoelado.com\/index.php?rest_route=%2Fwp%2Fv2%2Fcategories&post=12924"},{"taxonomy":"post_tag","embeddable":true,"href":"https:\/\/fatoelado.com\/index.php?rest_route=%2Fwp%2Fv2%2Ftags&post=12924"}],"curies":[{"name":"wp","href":"https:\/\/api.w.org\/{rel}","templated":true}]}}