{"id":12909,"date":"2025-11-18T11:53:14","date_gmt":"2025-11-18T14:53:14","guid":{"rendered":"https:\/\/fatoelado.com\/?p=12909"},"modified":"2025-11-18T11:53:14","modified_gmt":"2025-11-18T14:53:14","slug":"depois-dos-30-nada-e-igual-saiba-como-mudancas-no-corpo-podem-definir-saude","status":"publish","type":"post","link":"https:\/\/fatoelado.com\/?p=12909","title":{"rendered":"Depois dos 30, nada \u00e9 igual: saiba como mudan\u00e7as no corpo podem definir sa\u00fade"},"content":{"rendered":"<p><img decoding=\"async\" src=\"https:\/\/cidadeverde.com\/assets\/uploads\/colecoes\/2\/2025\/11\/WhatsApp_Image_2025-11-10_at_08_18_37.jpeg\" alt=\"\" \/><\/p>\n<p>Envelhecer faz parte da trajet\u00f3ria natural do corpo, tanto pessoal quanto biologicamente, e a partir dos 30, cuidar da sa\u00fade deixa de ser apenas uma recomenda\u00e7\u00e3o e passa a ser uma necessidade para manter energia, disposi\u00e7\u00e3o e longevidade. \u00c9 por volta dessa fase que o corpo atinge seu pico de maturidade e, ao mesmo tempo, inicia um decl\u00ednio natural da vitalidade &#8211; um processo cont\u00ednuo, por\u00e9m poss\u00edvel de ser retardado com h\u00e1bitos adequados.<\/p>\n<p>\u00c9 nessa idade que come\u00e7a a perda de massa \u00f3ssea, que ocorre a uma taxa de 0,3% a 0,5% ao ano. Al\u00e9m disso, defici\u00eancias de vitamina D e c\u00e1lcio tornam-se mais comuns, exigindo maior aten\u00e7\u00e3o aos cuidados preventivos. Especialistas explicam que esse processo \u00e9 natural e n\u00e3o precisa ser motivo de preocupa\u00e7\u00e3o, desde que haja acompanhamento e h\u00e1bitos saud\u00e1veis.<\/p>\n<p>A m\u00e9dica M\u00e1rcia Fernanda Pinho, especialista em cl\u00ednica m\u00e9dica, explica essas mudan\u00e7as naturais do corpo: \u201cA partir dos 30 anos, o metabolismo desacelera, h\u00e1 redu\u00e7\u00e3o gradual de massa muscular e de col\u00e1geno, e o equil\u00edbrio hormonal pode come\u00e7ar a mudar. A pele perde firmeza, o peso oscila com mais facilidade e o corpo demora mais a se recuperar de noites mal dormidas ou per\u00edodos de estresse. \u00c9 tamb\u00e9m quando o risco de altera\u00e7\u00f5es metab\u00f3licas e cardiovasculares aumenta, exigindo mais aten\u00e7\u00e3o preventiva.\u201d<\/p>\n<p>Esse conjunto de mudan\u00e7as refor\u00e7a a necessidade de cuidados constantes com o corpo. Uma boa alimenta\u00e7\u00e3o, atividade f\u00edsica regular, sono de qualidade e manejo do estresse s\u00e3o pr\u00e1ticas que ganham ainda mais import\u00e2ncia nessa idade. \u00c9 fundamental destacar que essa \u00e9 a fase ideal para iniciar um acompanhamento estruturado, garantindo um corpo funcional, ativo e equilibrado ao longo dos anos.<\/p>\n<p>Com orienta\u00e7\u00e3o profissional, acompanhamento regular e h\u00e1bitos equilibrados, \u00e9 poss\u00edvel enfrentar essa etapa com consci\u00eancia, equil\u00edbrio e transforma\u00e7\u00e3o. \u201cEnvelhecer bem \u00e9 chegar \u00e0s pr\u00f3ximas d\u00e9cadas com vitalidade, energia e autonomia. Come\u00e7ar pelos 30 \u00e9 aproveitar a fase em que o corpo ainda responde muito bem aos ajustes. O cuidado preventivo \u00e9 o que faz diferen\u00e7a l\u00e1 na frente, cuidar agora \u00e9 evitar doen\u00e7as e garantir qualidade de vida\u201d, finaliza a m\u00e9dica.<\/p>\n<p>&nbsp;<\/p>\n<p>Fonte: Portal CidadeVerde.<br \/>\nConfira esta e outras mat\u00e9rias na \u00edntegra pelo link: https:\/\/cidadeverde.com\/noticias\/445776\/depois-dos-30-nada-e-igual-saiba-como-mudancas-no-corpo-podem-definir-saude<\/p>\n","protected":false},"excerpt":{"rendered":"<p>Envelhecer faz parte da trajet\u00f3ria natural do corpo, tanto pessoal quanto biologicamente, e a partir dos 30, cuidar da sa\u00fade deixa de ser apenas uma recomenda\u00e7\u00e3o e passa a ser uma necessidade para manter energia, disposi\u00e7\u00e3o e longevidade. \u00c9 por volta dessa fase que o corpo atinge seu pico de maturidade e, ao mesmo tempo, [&hellip;]<\/p>\n","protected":false},"author":3,"featured_media":12910,"comment_status":"open","ping_status":"open","sticky":false,"template":"","format":"standard","meta":{"om_disable_all_campaigns":false,"_monsterinsights_skip_tracking":false,"_monsterinsights_sitenote_active":false,"_monsterinsights_sitenote_note":"","_monsterinsights_sitenote_category":0,"footnotes":""},"categories":[42],"tags":[],"class_list":["post-12909","post","type-post","status-publish","format-standard","has-post-thumbnail","hentry","category-saude"],"jetpack_featured_media_url":"https:\/\/fatoelado.com\/wp-content\/uploads\/2025\/11\/WhatsApp_Image_2025-11-10_at_08_18_37-1.jpeg","_links":{"self":[{"href":"https:\/\/fatoelado.com\/index.php?rest_route=\/wp\/v2\/posts\/12909","targetHints":{"allow":["GET"]}}],"collection":[{"href":"https:\/\/fatoelado.com\/index.php?rest_route=\/wp\/v2\/posts"}],"about":[{"href":"https:\/\/fatoelado.com\/index.php?rest_route=\/wp\/v2\/types\/post"}],"author":[{"embeddable":true,"href":"https:\/\/fatoelado.com\/index.php?rest_route=\/wp\/v2\/users\/3"}],"replies":[{"embeddable":true,"href":"https:\/\/fatoelado.com\/index.php?rest_route=%2Fwp%2Fv2%2Fcomments&post=12909"}],"version-history":[{"count":1,"href":"https:\/\/fatoelado.com\/index.php?rest_route=\/wp\/v2\/posts\/12909\/revisions"}],"predecessor-version":[{"id":12911,"href":"https:\/\/fatoelado.com\/index.php?rest_route=\/wp\/v2\/posts\/12909\/revisions\/12911"}],"wp:featuredmedia":[{"embeddable":true,"href":"https:\/\/fatoelado.com\/index.php?rest_route=\/wp\/v2\/media\/12910"}],"wp:attachment":[{"href":"https:\/\/fatoelado.com\/index.php?rest_route=%2Fwp%2Fv2%2Fmedia&parent=12909"}],"wp:term":[{"taxonomy":"category","embeddable":true,"href":"https:\/\/fatoelado.com\/index.php?rest_route=%2Fwp%2Fv2%2Fcategories&post=12909"},{"taxonomy":"post_tag","embeddable":true,"href":"https:\/\/fatoelado.com\/index.php?rest_route=%2Fwp%2Fv2%2Ftags&post=12909"}],"curies":[{"name":"wp","href":"https:\/\/api.w.org\/{rel}","templated":true}]}}