{"id":12898,"date":"2025-11-17T14:36:39","date_gmt":"2025-11-17T17:36:39","guid":{"rendered":"https:\/\/fatoelado.com\/?p=12898"},"modified":"2025-11-17T14:36:39","modified_gmt":"2025-11-17T17:36:39","slug":"rafael-fonteles-sanciona-lei-com-incentivos-para-companhias-aereas-que-realizam-voos-semanais-no-piaui","status":"publish","type":"post","link":"https:\/\/fatoelado.com\/?p=12898","title":{"rendered":"Rafael Fonteles sanciona lei com incentivos para companhias a\u00e9reas que realizam voos semanais no Piau\u00ed"},"content":{"rendered":"<h2 class=\"elementor-heading-title elementor-size-default\" style=\"text-align: center;\">A nova pol\u00edtica estimula a abertura de novas rotas, melhora a oferta de servi\u00e7os e aumenta a competitividade do Piau\u00ed no cen\u00e1rio tur\u00edstico.<\/h2>\n<p>&nbsp;<\/p>\n<p>O governador Rafael Fonteles sancionou, na \u00faltima sexta-feira (14), a lei n\u00ba 8.869, que institui incentivos financeiros para as companhias a\u00e9reas que realizam voos semanais no Piau\u00ed. A medida, aprovada pela Assembleia Legislativa do Estado (Alepi), tem como objetivo expandir a malha a\u00e9rea piauiense, promovendo o aumento tanto do transporte de passageiros quanto de cargas.<\/p>\n<p class=\"p1\"><span class=\"s1\">O incentivo ser\u00e1 concedido a companhias que realizam voos entre dois munic\u00edpios piauienses ou entre cidades do Piau\u00ed e outras localidades nacionais ou internacionais. A medida n\u00e3o contempla opera\u00e7\u00f5es com origem ou destino em Teresina. O benef\u00edcio ter\u00e1 validade m\u00e1xima de cinco anos.<\/span><\/p>\n<p class=\"p1\"><span class=\"s1\">De acordo com o texto da lei, os recursos n\u00e3o poder\u00e3o ser utilizados para investimentos que se incorporem ao patrim\u00f4nio das empresas benefici\u00e1rias, nem para finalidades que n\u00e3o estejam diretamente relacionadas \u00e0 presta\u00e7\u00e3o do servi\u00e7o a\u00e9reo previsto no programa. Ficam exclu\u00eddas da iniciativa, companhias que operam exclusivamente na avia\u00e7\u00e3o privada sob demanda, como fretamentos, loca\u00e7\u00f5es de aeronaves ou servi\u00e7os que n\u00e3o envolvam a comercializa\u00e7\u00e3o de passagens individuais.<\/span><\/p>\n<figure id=\"attachment_99385\" class=\"wp-caption alignnone\" aria-describedby=\"caption-attachment-99385\"><img loading=\"lazy\" decoding=\"async\" class=\"size-full wp-image-99385\" src=\"https:\/\/www.pi.gov.br\/wp-content\/uploads\/2025\/11\/IMG_5431.jpeg\" sizes=\"auto, (max-width: 1080px) 100vw, 1080px\" srcset=\"https:\/\/www.pi.gov.br\/wp-content\/uploads\/2025\/11\/IMG_5431.jpeg 1080w, https:\/\/www.pi.gov.br\/wp-content\/uploads\/2025\/11\/IMG_5431-300x204.jpeg 300w, https:\/\/www.pi.gov.br\/wp-content\/uploads\/2025\/11\/IMG_5431-1024x697.jpeg 1024w, https:\/\/www.pi.gov.br\/wp-content\/uploads\/2025\/11\/IMG_5431-768x523.jpeg 768w\" alt=\"\" width=\"1080\" height=\"735\" \/><figcaption id=\"caption-attachment-99385\" class=\"wp-caption-text\">Foto: Ascom Setur<\/figcaption><\/figure>\n<p class=\"p1\"><span class=\"s1\">O secret\u00e1rio de Turismo do Piau\u00ed, Daniel Oliveira, destacou o impacto estrat\u00e9gico da lei para o desenvolvimento do setor. \u201cEsse incentivo \u00e9 um passo decisivo para fortalecer a conectividade a\u00e9rea do estado. Ao ampliar as op\u00e7\u00f5es de voos, criamos condi\u00e7\u00f5es mais favor\u00e1veis para o turismo, para os neg\u00f3cios e para a integra\u00e7\u00e3o regional, beneficiando diretamente a popula\u00e7\u00e3o e impulsionando nossa economia\u201d, afirmou o gestor.<\/span><\/p>\n<p class=\"p1\"><span class=\"s1\">A expectativa \u00e9 que a nova pol\u00edtica estimule a abertura de novas rotas, melhore a oferta de servi\u00e7os e aumente a competitividade do Piau\u00ed no cen\u00e1rio tur\u00edstico e log\u00edstico do pa\u00eds.<\/span><\/p>\n<figure id=\"attachment_49444\" class=\"wp-caption alignnone\" aria-describedby=\"caption-attachment-49444\"><img loading=\"lazy\" decoding=\"async\" class=\"wp-image-49444 size-full\" src=\"https:\/\/www.pi.gov.br\/wp-content\/uploads\/2025\/05\/Aeroporto-de-Parnaiba-6-scaled.jpeg\" sizes=\"auto, (max-width: 2560px) 100vw, 2560px\" srcset=\"https:\/\/www.pi.gov.br\/wp-content\/uploads\/2025\/05\/Aeroporto-de-Parnaiba-6-scaled.jpeg 2560w, https:\/\/www.pi.gov.br\/wp-content\/uploads\/2025\/05\/Aeroporto-de-Parnaiba-6-300x200.jpeg 300w, https:\/\/www.pi.gov.br\/wp-content\/uploads\/2025\/05\/Aeroporto-de-Parnaiba-6-1024x683.jpeg 1024w, https:\/\/www.pi.gov.br\/wp-content\/uploads\/2025\/05\/Aeroporto-de-Parnaiba-6-768x512.jpeg 768w, https:\/\/www.pi.gov.br\/wp-content\/uploads\/2025\/05\/Aeroporto-de-Parnaiba-6-1536x1024.jpeg 1536w, https:\/\/www.pi.gov.br\/wp-content\/uploads\/2025\/05\/Aeroporto-de-Parnaiba-6-2048x1366.jpeg 2048w\" alt=\"\" width=\"2560\" height=\"1707\" \/><figcaption id=\"caption-attachment-49444\" class=\"wp-caption-text\">Foto: Arquivo Secom<\/p>\n<p>Fonte: Portal pi.Gov<br \/>\nConfira esta e outras mat\u00e9rias na \u00edntegra pelo link: https:\/\/www.pi.gov.br\/rafael-fonteles-sanciona-lei-com-incentivos-para-companhias-aereas-que-realizam-voos-semanais-no-piaui\/<\/figcaption><\/figure>\n","protected":false},"excerpt":{"rendered":"<p>A nova pol\u00edtica estimula a abertura de novas rotas, melhora a oferta de servi\u00e7os e aumenta a competitividade do Piau\u00ed no cen\u00e1rio tur\u00edstico. &nbsp; O governador Rafael Fonteles sancionou, na \u00faltima sexta-feira (14), a lei n\u00ba 8.869, que institui incentivos financeiros para as companhias a\u00e9reas que realizam voos semanais no Piau\u00ed. A medida, aprovada pela [&hellip;]<\/p>\n","protected":false},"author":3,"featured_media":12899,"comment_status":"open","ping_status":"open","sticky":false,"template":"","format":"standard","meta":{"om_disable_all_campaigns":false,"_monsterinsights_skip_tracking":false,"_monsterinsights_sitenote_active":false,"_monsterinsights_sitenote_note":"","_monsterinsights_sitenote_category":0,"footnotes":""},"categories":[33],"tags":[],"class_list":["post-12898","post","type-post","status-publish","format-standard","has-post-thumbnail","hentry","category-piaui"],"jetpack_featured_media_url":"https:\/\/fatoelado.com\/wp-content\/uploads\/2025\/11\/Aeroporto-de-Parnaiba-6-2048x1366-1.jpeg","_links":{"self":[{"href":"https:\/\/fatoelado.com\/index.php?rest_route=\/wp\/v2\/posts\/12898","targetHints":{"allow":["GET"]}}],"collection":[{"href":"https:\/\/fatoelado.com\/index.php?rest_route=\/wp\/v2\/posts"}],"about":[{"href":"https:\/\/fatoelado.com\/index.php?rest_route=\/wp\/v2\/types\/post"}],"author":[{"embeddable":true,"href":"https:\/\/fatoelado.com\/index.php?rest_route=\/wp\/v2\/users\/3"}],"replies":[{"embeddable":true,"href":"https:\/\/fatoelado.com\/index.php?rest_route=%2Fwp%2Fv2%2Fcomments&post=12898"}],"version-history":[{"count":1,"href":"https:\/\/fatoelado.com\/index.php?rest_route=\/wp\/v2\/posts\/12898\/revisions"}],"predecessor-version":[{"id":12900,"href":"https:\/\/fatoelado.com\/index.php?rest_route=\/wp\/v2\/posts\/12898\/revisions\/12900"}],"wp:featuredmedia":[{"embeddable":true,"href":"https:\/\/fatoelado.com\/index.php?rest_route=\/wp\/v2\/media\/12899"}],"wp:attachment":[{"href":"https:\/\/fatoelado.com\/index.php?rest_route=%2Fwp%2Fv2%2Fmedia&parent=12898"}],"wp:term":[{"taxonomy":"category","embeddable":true,"href":"https:\/\/fatoelado.com\/index.php?rest_route=%2Fwp%2Fv2%2Fcategories&post=12898"},{"taxonomy":"post_tag","embeddable":true,"href":"https:\/\/fatoelado.com\/index.php?rest_route=%2Fwp%2Fv2%2Ftags&post=12898"}],"curies":[{"name":"wp","href":"https:\/\/api.w.org\/{rel}","templated":true}]}}