{"id":12886,"date":"2025-11-17T14:32:27","date_gmt":"2025-11-17T17:32:27","guid":{"rendered":"https:\/\/fatoelado.com\/?p=12886"},"modified":"2025-11-17T14:32:27","modified_gmt":"2025-11-17T17:32:27","slug":"piaui-tem-125-municipios-em-situacao-de-emergencia-por-conta-da-seca-governo-do-estado-amplia-acoes","status":"publish","type":"post","link":"https:\/\/fatoelado.com\/?p=12886","title":{"rendered":"Piau\u00ed tem 125 munic\u00edpios em situa\u00e7\u00e3o de emerg\u00eancia por conta da seca; Governo do Estado amplia a\u00e7\u00f5es"},"content":{"rendered":"<h2 class=\"elementor-heading-title elementor-size-default\" style=\"text-align: center;\">A Defesa Civil estadual segue monitorando os impactos e apoiando as a\u00e7\u00f5es de resposta dos munic\u00edpios do decreto.<\/h2>\n<p>&nbsp;<\/p>\n<p>O Governo do Piau\u00ed publicou, no<a href=\"https:\/\/www.pi.gov.br\/wp-content\/uploads\/2025\/11\/Diario-Oficial-decreto-seca-1.pdf\">\u00a0Di\u00e1rio Oficial<\/a>\u00a0desta segunda-feira (17), o decreto atualizado da situa\u00e7\u00e3o de emerg\u00eancia causada pela seca em diferentes regi\u00f5es do estado.\u00a0O governador Rafael Fonteles falou das diversas a\u00e7\u00f5es que est\u00e3o sendo feitas pelo governo estadual, pelo governo federal e pela concession\u00e1ria \u00c1guas do Piau\u00ed.<\/p>\n<p>Segundo o gestor, \u00e9 um planejamento que envolve mais de R$ 1 bilh\u00e3o de reais, desde a\u00e7\u00f5es emergenciais, como a Opera\u00e7\u00e3o Carro-Pipa, at\u00e9 o sistema de abastecimento de \u00e1gua, as cisternas, as adutoras, as barragens, o investimento tamb\u00e9m na quest\u00e3o social para garantir renda para os produtores rurais que perderam sua produ\u00e7\u00e3o, como \u00e9 o caso do Garantia-Safra, tamb\u00e9m para as fam\u00edlias abaixo da linha da pobreza, um outro aux\u00edlio emergencial.<\/p>\n<p>\u201cEnt\u00e3o, sobre todos os aspectos, n\u00f3s temos pol\u00edticas p\u00fablicas sendo executadas. \u00c9 claro que a estiagem foi muito mais severa do que n\u00f3s imagin\u00e1vamos, \u00e9 a maior dos \u00faltimos 10 anos e ainda persiste. Nesse momento, portanto, as a\u00e7\u00f5es continuam, o decreto de emerg\u00eancia foi renovado exatamente para garantir que n\u00e3o haja nenhuma descontinuidade nessas a\u00e7\u00f5es\u201d, explicou Rafael Fonteles.<\/p>\n<p><img loading=\"lazy\" decoding=\"async\" class=\"alignnone size-full wp-image-54795\" src=\"https:\/\/www.pi.gov.br\/wp-content\/uploads\/2025\/05\/sistemas-de-abastecimento-de-agua-4-scaled.jpeg\" sizes=\"auto, (max-width: 2560px) 100vw, 2560px\" srcset=\"https:\/\/www.pi.gov.br\/wp-content\/uploads\/2025\/05\/sistemas-de-abastecimento-de-agua-4-scaled.jpeg 2560w, https:\/\/www.pi.gov.br\/wp-content\/uploads\/2025\/05\/sistemas-de-abastecimento-de-agua-4-300x225.jpeg 300w, https:\/\/www.pi.gov.br\/wp-content\/uploads\/2025\/05\/sistemas-de-abastecimento-de-agua-4-1024x768.jpeg 1024w, https:\/\/www.pi.gov.br\/wp-content\/uploads\/2025\/05\/sistemas-de-abastecimento-de-agua-4-768x576.jpeg 768w, https:\/\/www.pi.gov.br\/wp-content\/uploads\/2025\/05\/sistemas-de-abastecimento-de-agua-4-1536x1152.jpeg 1536w, https:\/\/www.pi.gov.br\/wp-content\/uploads\/2025\/05\/sistemas-de-abastecimento-de-agua-4-2048x1536.jpeg 2048w\" alt=\"\" width=\"2560\" height=\"1920\" \/><\/p>\n<p>Os \u00faltimos munic\u00edpios a serem inclu\u00eddos no decreto foram Campo Grande do Piau\u00ed, Oeiras, Palmeira do Piau\u00ed, Piripiri, Regenera\u00e7\u00e3o, Riacho Frio, Ribeira do Piau\u00ed e Wall Ferraz. Com isso, o Piau\u00ed tem, atualmente, 125 munic\u00edpios em situa\u00e7\u00e3o de emerg\u00eancia por conta da estiagem.<\/p>\n<p>A a\u00e7\u00e3o faz parte de an\u00e1lise t\u00e9cnica da Secretaria de Meio Ambiente e Recursos H\u00eddricos (Semarh), que aponta o agravamento da seca no segundo semestre, com registro de aumento das \u00e1reas classificadas como Seca Grave (S3) e Seca Extrema (S4), al\u00e9m de previs\u00e3o de chuvas abaixo da m\u00e9dia e temperaturas elevadas para os pr\u00f3ximos meses.<\/p>\n<p>De acordo com a diretora de Resposta da Defesa Civil do Piau\u00ed, Yvana Dantas, segundo o monitoramento clim\u00e1tico, a falta de recarga h\u00eddrica j\u00e1 provoca exaust\u00e3o de reservat\u00f3rios e po\u00e7os artesianos, especialmente em \u00e1reas de solo cristalino. \u201cS\u00e3o munic\u00edpios que est\u00e3o em situa\u00e7\u00e3o de seca grave ou extrema e fizeram uma solicita\u00e7\u00e3o por meio de of\u00edcio. A Defesa Civil segue monitorando os impactos e apoiando as a\u00e7\u00f5es de resposta dos munic\u00edpios do decreto\u201d, explica a gestora.<\/p>\n<p><img loading=\"lazy\" decoding=\"async\" class=\"size-full wp-image-99307 aligncenter\" src=\"https:\/\/www.pi.gov.br\/wp-content\/uploads\/2025\/11\/WhatsApp-Image-2025-11-10-at-11.31.52-1.jpeg\" sizes=\"auto, (max-width: 600px) 100vw, 600px\" srcset=\"https:\/\/www.pi.gov.br\/wp-content\/uploads\/2025\/11\/WhatsApp-Image-2025-11-10-at-11.31.52-1.jpeg 600w, https:\/\/www.pi.gov.br\/wp-content\/uploads\/2025\/11\/WhatsApp-Image-2025-11-10-at-11.31.52-1-300x200.jpeg 300w\" alt=\"\" width=\"600\" height=\"400\" \/><\/p>\n<p><strong>Seca continua avan\u00e7ando<\/strong><\/p>\n<p>De acordo com informa\u00e7\u00f5es apresentadas pela Semarh, o per\u00edodo entre junho e agosto registrou expans\u00e3o da seca e o primeiro epis\u00f3dio de seca extrema concentrado no sudeste do PIau\u00ed. Nos meses de setembro e outubro, a seca avan\u00e7ou para outras regi\u00f5es e intensificou perdas na agricultura, na pecu\u00e1ria e no abastecimento das zonas rurais e urbanas do semi\u00e1rido.<\/p>\n<figure id=\"attachment_84662\" class=\"wp-caption aligncenter\" aria-describedby=\"caption-attachment-84662\"><img loading=\"lazy\" decoding=\"async\" class=\"size-full wp-image-84662\" src=\"https:\/\/www.pi.gov.br\/wp-content\/uploads\/2025\/09\/safra-Geirlys-Silva-SAF-1.png\" sizes=\"auto, (max-width: 1000px) 100vw, 1000px\" srcset=\"https:\/\/www.pi.gov.br\/wp-content\/uploads\/2025\/09\/safra-Geirlys-Silva-SAF-1.png 1000w, https:\/\/www.pi.gov.br\/wp-content\/uploads\/2025\/09\/safra-Geirlys-Silva-SAF-1-300x200.png 300w, https:\/\/www.pi.gov.br\/wp-content\/uploads\/2025\/09\/safra-Geirlys-Silva-SAF-1-768x511.png 768w\" alt=\"\" width=\"1000\" height=\"666\" \/><figcaption id=\"caption-attachment-84662\" class=\"wp-caption-text\">(Foto: Geirlys Silva \/SAF)<\/figcaption><\/figure>\n<p>A atualiza\u00e7\u00e3o permite que o Estado continue atuando de maneira coordenada com os munic\u00edpios e assegura o envio de relat\u00f3rios ao governo federal para solicita\u00e7\u00e3o de reconhecimento federal do desastre, o que viabiliza libera\u00e7\u00e3o de recursos para socorro imediato.<\/p>\n<p>&nbsp;<\/p>\n<p>Fonte: Portal pi.Gov<br \/>\nConfira esta e outras mat\u00e9rias na \u00edntegra pelo link: https:\/\/www.pi.gov.br\/piaui-tem-125-municipios-em-situacao-de-emergencia-por-conta-da-seca-governo-do-estado-amplia-acoes\/<\/p>\n","protected":false},"excerpt":{"rendered":"<p>A Defesa Civil estadual segue monitorando os impactos e apoiando as a\u00e7\u00f5es de resposta dos munic\u00edpios do decreto. &nbsp; O Governo do Piau\u00ed publicou, no\u00a0Di\u00e1rio Oficial\u00a0desta segunda-feira (17), o decreto atualizado da situa\u00e7\u00e3o de emerg\u00eancia causada pela seca em diferentes regi\u00f5es do estado.\u00a0O governador Rafael Fonteles falou das diversas a\u00e7\u00f5es que est\u00e3o sendo feitas pelo [&hellip;]<\/p>\n","protected":false},"author":3,"featured_media":12887,"comment_status":"open","ping_status":"open","sticky":false,"template":"","format":"standard","meta":{"om_disable_all_campaigns":false,"_monsterinsights_skip_tracking":false,"_monsterinsights_sitenote_active":false,"_monsterinsights_sitenote_note":"","_monsterinsights_sitenote_category":0,"footnotes":""},"categories":[33],"tags":[],"class_list":["post-12886","post","type-post","status-publish","format-standard","has-post-thumbnail","hentry","category-piaui"],"jetpack_featured_media_url":"https:\/\/fatoelado.com\/wp-content\/uploads\/2025\/11\/safra-Geirlys-Silva-SAF-1.png","_links":{"self":[{"href":"https:\/\/fatoelado.com\/index.php?rest_route=\/wp\/v2\/posts\/12886","targetHints":{"allow":["GET"]}}],"collection":[{"href":"https:\/\/fatoelado.com\/index.php?rest_route=\/wp\/v2\/posts"}],"about":[{"href":"https:\/\/fatoelado.com\/index.php?rest_route=\/wp\/v2\/types\/post"}],"author":[{"embeddable":true,"href":"https:\/\/fatoelado.com\/index.php?rest_route=\/wp\/v2\/users\/3"}],"replies":[{"embeddable":true,"href":"https:\/\/fatoelado.com\/index.php?rest_route=%2Fwp%2Fv2%2Fcomments&post=12886"}],"version-history":[{"count":1,"href":"https:\/\/fatoelado.com\/index.php?rest_route=\/wp\/v2\/posts\/12886\/revisions"}],"predecessor-version":[{"id":12888,"href":"https:\/\/fatoelado.com\/index.php?rest_route=\/wp\/v2\/posts\/12886\/revisions\/12888"}],"wp:featuredmedia":[{"embeddable":true,"href":"https:\/\/fatoelado.com\/index.php?rest_route=\/wp\/v2\/media\/12887"}],"wp:attachment":[{"href":"https:\/\/fatoelado.com\/index.php?rest_route=%2Fwp%2Fv2%2Fmedia&parent=12886"}],"wp:term":[{"taxonomy":"category","embeddable":true,"href":"https:\/\/fatoelado.com\/index.php?rest_route=%2Fwp%2Fv2%2Fcategories&post=12886"},{"taxonomy":"post_tag","embeddable":true,"href":"https:\/\/fatoelado.com\/index.php?rest_route=%2Fwp%2Fv2%2Ftags&post=12886"}],"curies":[{"name":"wp","href":"https:\/\/api.w.org\/{rel}","templated":true}]}}