{"id":12883,"date":"2025-11-17T14:29:48","date_gmt":"2025-11-17T17:29:48","guid":{"rendered":"https:\/\/fatoelado.com\/?p=12883"},"modified":"2025-11-17T14:29:48","modified_gmt":"2025-11-17T17:29:48","slug":"selecao-do-congo-e-acusada-de-usar-vodu-em-disputa-de-penaltis-contra-nigeria","status":"publish","type":"post","link":"https:\/\/fatoelado.com\/?p=12883","title":{"rendered":"Sele\u00e7\u00e3o do Congo \u00e9 acusada de usar vodu em disputa de p\u00eanaltis contra Nig\u00e9ria"},"content":{"rendered":"<h2 class=\"article-subtitle\" style=\"text-align: center;\">T\u00e9cnico nigeriano Eric Chelle afirma que advers\u00e1rios balan\u00e7avam garrafa com \u201cl\u00edquido misterioso\u201d durante decis\u00f5es que eliminaram sua equipe da Copa de 2026<\/h2>\n<p>&nbsp;<\/p>\n<div class=\"article-image-featured\"><img decoding=\"async\" class=\"i-amphtml-fill-content i-amphtml-replaced-content\" src=\"https:\/\/www.meionews.com\/uploads\/imagens\/2025\/11\/17\/nigeria-x-republica-democratica-do-congo-pela-repescagem-africana--ab9202aaa86fcd49.jpg\" alt=\"Nig\u00e9ria x Rep\u00fablica Democr\u00e1tica do Congo pela repescagem africana | Reuters\" data-amp-loading=\"lazy\" \/><small>Nig\u00e9ria x Rep\u00fablica Democr\u00e1tica do Congo pela repescagem africana | Foto: Reuters<\/small><\/div>\n<div class=\"article-html\">\n<div class=\"article-html-more\">\n<article data-scroll-anchor=\"true\" data-testid=\"conversation-turn-144\" data-turn=\"assistant\" data-turn-id=\"request-690273a2-0fbc-832f-95c3-d6d8a01cefac-1\">A sele\u00e7\u00e3o da Nig\u00e9ria est\u00e1 fora da Copa do Mundo de 2026 ap\u00f3s empatar por 1 a 1 no tempo regulamentar e\u00a0<strong>perder nos p\u00eanaltis por 4 a 3 para a Rep\u00fablica Democr\u00e1tica do Congo,<\/strong>\u00a0na repescagem africana. A derrota, por si s\u00f3 dura, ganhou contornos inesperados ap\u00f3s o t\u00e9cnico Eric Chelle acusar os congoleses de utilizarem vodu durante a disputa.<\/p>\n<p>Segundo o treinador, um integrante do banco advers\u00e1rio teria feito movimentos repetidos com uma garrafa, que continha um l\u00edquido n\u00e3o identificado, momentos antes das cobran\u00e7as. O epis\u00f3dio foi relatado por Chelle assim que a s\u00e9rie de p\u00eanaltis foi encerrada.<\/p>\n<div class=\"dimg\"><img decoding=\"async\" class=\"i-amphtml-intrinsic-sizer\" role=\"presentation\" src=\"data:;base64,<svg height=\"608px\" width=\"1080px\" xmlns=\"http:\/\/www.w3.org\/2000\/svg\" version=\"1.1\"\/>&#8221; alt=&#8221;&#8221; aria-hidden=&#8221;true&#8221; \/><img decoding=\"async\" class=\"i-amphtml-fill-content i-amphtml-replaced-content\" src=\"https:\/\/www.meionews.com\/uploads\/imagens\/2025\/11\/17\/selecao-do-congo-e-acusada-de-usar-vodu-em-disputa-de-penaltis-contra-nigeria--ae5f77dae57ce952.jpg\" alt=\"Meschack Elia, da RD Congo, comemorando seu gol sobre a Nig\u00e9ria - Foto: Reprodu\u00e7\u00e3o\/Instagram\/@fecofadrc\u00a0\" data-amp-loading=\"lazy\" \/><\/div>\n<p><span class=\"fr-inner\">Meschack Elia, da RD Congo, comemorando seu gol sobre a Nig\u00e9ria &#8211; Foto: Reprodu\u00e7\u00e3o\/Instagram\/@fecofadrc\u00a0<\/span>&nbsp;<\/p>\n<h3 data-end=\"1029\" data-start=\"958\">\u201cTodas as vezes\u201d: t\u00e9cnico descreve suposto ritual no banco do Congo<\/h3>\n<p>Visivelmente desconfort\u00e1vel ap\u00f3s a elimina\u00e7\u00e3o, Chelle afirmou que percebeu uma a\u00e7\u00e3o estranha durante toda a sequ\u00eancia decisiva.<\/p>\n<blockquote><p><em>\u201c<strong data-end=\"1311\" data-start=\"1162\">Durante toda a disputa de p\u00eanaltis, o cara do Congo fez vodu. Todas as vezes. Todas as vezes. Todas as vezes. Por isso eu estava um pouco nervoso<\/strong>\u201d,<\/em>\u00a0declarou o treinador.<\/p><\/blockquote>\n<p>A acusa\u00e7\u00e3o surgiu ap\u00f3s Calvin Bassey, Moses Simon e Semi Ajayi desperdi\u00e7arem suas cobran\u00e7as. Logo depois, Chancel Mbemba converteu o p\u00eanalti que garantiu a classifica\u00e7\u00e3o congolesa.\u00a0<strong>A rea\u00e7\u00e3o do t\u00e9cnico nigeriano foi imediata<\/strong>, e ele chegou a se dirigir em dire\u00e7\u00e3o ao banco rival, sendo contido por membros da comiss\u00e3o t\u00e9cnica.<\/p>\n<h3 data-end=\"1738\" data-start=\"1668\">Garrafa \u201cmisteriosa\u201d \u00e9 apontada como instrumento do suposto ritual<\/h3>\n<p>Ainda no gramado, Eric Chelle refor\u00e7ou que testemunhou algo suspeito sendo utilizado pela equipe advers\u00e1ria.<\/p>\n<blockquote><p><em>\u201c<strong data-end=\"1915\" data-start=\"1852\">Eu vi alguma coisa, sabe&#8230; N\u00e3o sei se \u00e9 \u00e1gua ou algo assim<\/strong>\u201d,<\/em>\u00a0disse ele, mencionando uma garrafa que, segundo sua vers\u00e3o, era agitada repetidamente no banco do Congo.<\/p><\/blockquote>\n<p>A Federa\u00e7\u00e3o Nigeriana ainda n\u00e3o se manifestou oficialmente sobre o caso, e tampouco h\u00e1 confirma\u00e7\u00e3o se o epis\u00f3dio ser\u00e1 levado \u00e0s autoridades esportivas africanas.<\/p>\n<h3 data-end=\"2239\" data-start=\"2192\">Elimina\u00e7\u00e3o amplia jejum da Nig\u00e9ria em Copas<\/h3>\n<p>Com a derrota na repescagem, a Nig\u00e9ria ficar\u00e1 fora de mais uma Copa do Mundo. A sele\u00e7\u00e3o j\u00e1 n\u00e3o havia se classificado para o Mundial de 2022 e agora tamb\u00e9m perde a edi\u00e7\u00e3o de 2026, algo in\u00e9dito desde sua estreia em Copas, em 1994. \u00c9 a primeira vez que os nigerianos ficam ausentes de duas edi\u00e7\u00f5es consecutivas.<\/p>\n<p class=\"ads\">\n<\/article>\n<div class=\"article-share_buttons2 article-share\">\n<div class=\"share_buttons\">\n<div class=\"buttons\">\n<p>Fonte: Portal MeioNews.<br \/>\nConfira esta e outras mat\u00e9rias na \u00edntegra pelo link: https:\/\/www.meionews.com\/esportes\/selecao-do-congo-e-acusada-de-usar-vodu-em-disputa-de-penaltis-contra-nigeria-547249<\/p>\n<\/div>\n<\/div>\n<\/div>\n<\/div>\n<\/div>\n","protected":false},"excerpt":{"rendered":"<p>T\u00e9cnico nigeriano Eric Chelle afirma que advers\u00e1rios balan\u00e7avam garrafa com \u201cl\u00edquido misterioso\u201d durante decis\u00f5es que eliminaram sua equipe da Copa de 2026 &nbsp; Nig\u00e9ria x Rep\u00fablica Democr\u00e1tica do Congo pela repescagem africana | Foto: Reuters A sele\u00e7\u00e3o da Nig\u00e9ria est\u00e1 fora da Copa do Mundo de 2026 ap\u00f3s empatar por 1 a 1 no tempo [&hellip;]<\/p>\n","protected":false},"author":3,"featured_media":12884,"comment_status":"open","ping_status":"open","sticky":false,"template":"","format":"standard","meta":{"om_disable_all_campaigns":false,"_monsterinsights_skip_tracking":false,"_monsterinsights_sitenote_active":false,"_monsterinsights_sitenote_note":"","_monsterinsights_sitenote_category":0,"footnotes":""},"categories":[48],"tags":[],"class_list":["post-12883","post","type-post","status-publish","format-standard","has-post-thumbnail","hentry","category-esportes"],"jetpack_featured_media_url":"https:\/\/fatoelado.com\/wp-content\/uploads\/2025\/11\/nigeria-x-republica-democratica-do-congo-pela-repescagem-africana-ab9202aaa86fcd49.jpg","_links":{"self":[{"href":"https:\/\/fatoelado.com\/index.php?rest_route=\/wp\/v2\/posts\/12883","targetHints":{"allow":["GET"]}}],"collection":[{"href":"https:\/\/fatoelado.com\/index.php?rest_route=\/wp\/v2\/posts"}],"about":[{"href":"https:\/\/fatoelado.com\/index.php?rest_route=\/wp\/v2\/types\/post"}],"author":[{"embeddable":true,"href":"https:\/\/fatoelado.com\/index.php?rest_route=\/wp\/v2\/users\/3"}],"replies":[{"embeddable":true,"href":"https:\/\/fatoelado.com\/index.php?rest_route=%2Fwp%2Fv2%2Fcomments&post=12883"}],"version-history":[{"count":1,"href":"https:\/\/fatoelado.com\/index.php?rest_route=\/wp\/v2\/posts\/12883\/revisions"}],"predecessor-version":[{"id":12885,"href":"https:\/\/fatoelado.com\/index.php?rest_route=\/wp\/v2\/posts\/12883\/revisions\/12885"}],"wp:featuredmedia":[{"embeddable":true,"href":"https:\/\/fatoelado.com\/index.php?rest_route=\/wp\/v2\/media\/12884"}],"wp:attachment":[{"href":"https:\/\/fatoelado.com\/index.php?rest_route=%2Fwp%2Fv2%2Fmedia&parent=12883"}],"wp:term":[{"taxonomy":"category","embeddable":true,"href":"https:\/\/fatoelado.com\/index.php?rest_route=%2Fwp%2Fv2%2Fcategories&post=12883"},{"taxonomy":"post_tag","embeddable":true,"href":"https:\/\/fatoelado.com\/index.php?rest_route=%2Fwp%2Fv2%2Ftags&post=12883"}],"curies":[{"name":"wp","href":"https:\/\/api.w.org\/{rel}","templated":true}]}}