{"id":12880,"date":"2025-11-17T14:28:23","date_gmt":"2025-11-17T17:28:23","guid":{"rendered":"https:\/\/fatoelado.com\/?p=12880"},"modified":"2025-11-17T14:28:23","modified_gmt":"2025-11-17T17:28:23","slug":"brasil-x-tunisia-wesley-vira-titular-na-lateral-e-militao-retorna-a-zaga","status":"publish","type":"post","link":"https:\/\/fatoelado.com\/?p=12880","title":{"rendered":"Brasil x Tun\u00edsia: Wesley vira titular na lateral e Milit\u00e3o retorna \u00e0 zaga"},"content":{"rendered":"<h2 class=\"article-subtitle\" style=\"text-align: center;\">Lateral da Roma assume vaga ap\u00f3s les\u00e3o de Gabriel Magalh\u00e3es; Ancelotti mant\u00e9m base e esquema ofensivo<\/h2>\n<p>&nbsp;<\/p>\n<div class=\"article-image-featured\"><img decoding=\"async\" class=\"i-amphtml-fill-content i-amphtml-replaced-content\" src=\"https:\/\/www.meionews.com\/uploads\/imagens\/2025\/11\/17\/wesley-e-eder-militao--e45ca978e8f7f752.jpg\" alt=\"Wesley e Eder Milit\u00e3o | Reprodu\u00e7\u00e3o\" data-amp-loading=\"lazy\" \/><small>Wesley e Eder Milit\u00e3o | Foto: Reprodu\u00e7\u00e3o<\/small><\/div>\n<div class=\"g-news\"><\/div>\n<div class=\"article-html\">\n<div class=\"article-html-more\">\n<p>A sele\u00e7\u00e3o brasileira ter\u00e1 mudan\u00e7as para o amistoso contra a Tun\u00edsia, nesta ter\u00e7a-feira (18), em Lille, na Fran\u00e7a. O lateral-direito Wesley, da Roma,\u00a0<strong>ser\u00e1 titular e assume a vaga deixada pelo zagueiro Gabriel Magalh\u00e3es<\/strong>, que se machucou no duelo contra Senegal. Com a altera\u00e7\u00e3o, \u00c9der Milit\u00e3o deixa a lateral e volta a atuar como zagueiro.<\/p>\n<p>O t\u00e9cnico Carlo Ancelotti avaliou a condi\u00e7\u00e3o f\u00edsica do elenco e afirmou que pretende manter a estrutura utilizada na vit\u00f3ria sobre Senegal, quando a equipe apresentou desempenho considerado positivo pelo comando t\u00e9cnico. O jogo ser\u00e1 o \u00faltimo compromisso da Sele\u00e7\u00e3o em 2025.<\/p>\n<div class=\"dimg\"><img decoding=\"async\" class=\"i-amphtml-intrinsic-sizer\" role=\"presentation\" src=\"data:;base64,<svg height=\"743px\" width=\"1320px\" xmlns=\"http:\/\/www.w3.org\/2000\/svg\" version=\"1.1\"\/>&#8221; alt=&#8221;&#8221; aria-hidden=&#8221;true&#8221; \/><img decoding=\"async\" class=\"i-amphtml-fill-content i-amphtml-replaced-content\" src=\"https:\/\/www.meionews.com\/uploads\/imagens\/2025\/11\/17\/brasil-x-tunisia-wesley-vira-titular-na-lateral-e-militao-retorna-a-zaga--887392611159cb1a.jpg\" alt=\"Sele\u00e7\u00e3o Brasileira que enfrentou Senegal no \u00faltimo s\u00e1bdo (15) - Foto: Ryan Pierse\/Getty Images\u00a0\" data-amp-loading=\"lazy\" \/><\/div>\n<p><span class=\"fr-inner\">Sele\u00e7\u00e3o Brasileira que enfrentou Senegal no \u00faltimo s\u00e1bdo (15) &#8211; Foto: Ryan Pierse\/Getty Images\u00a0<\/span>&nbsp;<\/p>\n<h3 data-end=\"973\" data-start=\"912\">Milit\u00e3o retorna \u00e0 defesa, e Ancelotti avalia novas trocas<\/h3>\n<p>A mudan\u00e7a de Wesley faz com que Milit\u00e3o seja reposicionado para sua fun\u00e7\u00e3o de origem.\u00a0<strong>Mesmo sinalizando poss\u00edveis ajustes,<\/strong>\u00a0Ancelotti indicou que a base da escala\u00e7\u00e3o anterior deve ser preservada.<\/p>\n<p>Antes das falas, o treinador fez uma introdu\u00e7\u00e3o t\u00e9cnica sobre o que espera para o jogo e destacou a necessidade de continuidade no modelo adotado diante dos senegaleses.<\/p>\n<p>Na coletiva, ele explicou a op\u00e7\u00e3o pelo jovem lateral:<\/p>\n<blockquote><p>\u201cEstamos pensando que podemos fazer algumas mudan\u00e7as no time para o jogo de amanh\u00e3, quero avaliar o treino de hoje, ver como jogadores se recuperaram do jogo de Senegal. Todos os jogadores est\u00e3o bem. Infelizmente, tivemos a les\u00e3o de Gabriel, vamos proceder com a entrada de Wesley do lado direito.\u201d<\/p><\/blockquote>\n<h3 data-end=\"1772\" data-start=\"1703\">T\u00e9cnico mant\u00e9m esquema ofensivo e projeta repeti\u00e7\u00e3o de desempenho<\/h3>\n<p>Ancelotti confirmou que seguir\u00e1 com o sistema 4-2-4, utilizado nos \u00faltimos jogos. Segundo ele, o Brasil deve repetir a din\u00e2mica ofensiva, desde que os atletas mantenham a entrega tamb\u00e9m no aspecto defensivo.<\/p>\n<blockquote><p>\u201cQueremos fazer um bom jogo, seguir na mesma din\u00e2mica do jogo contra Senegal, foi um jogo bonito, que gostamos, com atitude, qualidade, intensidade. Queremos repetir o mesmo jogo com a mesma qualidade\u201d, afirmou.<\/p><\/blockquote>\n<p>O treinador explicou que o esquema pode ser ajustado conforme a necessidade:<\/p>\n<blockquote><p>\u201cDeu certo o sistema com muitos na frente, mas tamb\u00e9m temos que pensar uma forma\u00e7\u00e3o mais defensiva como plano B. Gostei do sistema porque a atitude dos jogadores da frente foi boa, o trabalho que fazem no aspecto defensivo \u00e9 importante. Se n\u00e3o fizerem bem, temos duas op\u00e7\u00f5es: mudar o jogador ou o sistema.\u201d<\/p><\/blockquote>\n<p>&nbsp;<\/p>\n<div class=\"dimg\"><img decoding=\"async\" class=\"i-amphtml-intrinsic-sizer\" role=\"presentation\" src=\"data:;base64,<svg height=\"743px\" width=\"1320px\" xmlns=\"http:\/\/www.w3.org\/2000\/svg\" version=\"1.1\"\/>&#8221; alt=&#8221;&#8221; aria-hidden=&#8221;true&#8221; \/><img decoding=\"async\" src=\"https:\/\/www.meionews.com\/uploads\/imagens\/2025\/11\/17\/brasil-x-tunisia-wesley-vira-titular-na-lateral-e-militao-retorna-a-zaga--ed9cbbb4e4c204c9.jpg\" alt=\"Gabriel Magalh\u00e3es se lesionou e foi cortado da convoca\u00e7\u00e3o - Foto: Ryan Pierse\/Getty Images\u00a0\" \/><\/div>\n<p><span class=\"fr-inner\">Gabriel Magalh\u00e3es se lesionou e foi cortado da convoca\u00e7\u00e3o &#8211; Foto: Ryan Pierse\/Getty Images\u00a0<\/span>&nbsp;<\/p>\n<h3 data-end=\"2617\" data-start=\"2588\">\u00daltimo compromisso do ano<\/h3>\n<p>O amistoso Brasil x Tun\u00edsia est\u00e1 marcado para \u00e0s 16h30 (de Bras\u00edlia), na Decathlon Arena, com transmiss\u00e3o de Globo, sportv e ge tv. Esta ser\u00e1 a \u00faltima partida da Sele\u00e7\u00e3o Brasileira em 2025.<\/p>\n<h3 data-end=\"2844\" data-start=\"2815\">Pr\u00f3ximos jogos da Sele\u00e7\u00e3o<\/h3>\n<p>Os pr\u00f3ximos compromissos ser\u00e3o em mar\u00e7o de 2026, nos Estados Unidos, contra Fran\u00e7a e Cro\u00e1cia, dando sequ\u00eancia ao ciclo preparat\u00f3rio para a Copa do Mundo.<\/p>\n<p class=\"ads\">\n<div class=\"article-share_buttons2 article-share\">\n<div class=\"share_buttons\">\n<div class=\"buttons\">\n<p>Fonte: Portal MeioNews.<br \/>\nConfira esta e outras mat\u00e9rias na \u00edntegra pelo link: https:\/\/www.meionews.com\/esportes\/brasil-x-tunisia-wesley-vira-titular-na-lateral-e-militao-retorna-a-zaga-547238<\/p>\n<\/div>\n<\/div>\n<\/div>\n<\/div>\n<\/div>\n","protected":false},"excerpt":{"rendered":"<p>Lateral da Roma assume vaga ap\u00f3s les\u00e3o de Gabriel Magalh\u00e3es; Ancelotti mant\u00e9m base e esquema ofensivo &nbsp; Wesley e Eder Milit\u00e3o | Foto: Reprodu\u00e7\u00e3o A sele\u00e7\u00e3o brasileira ter\u00e1 mudan\u00e7as para o amistoso contra a Tun\u00edsia, nesta ter\u00e7a-feira (18), em Lille, na Fran\u00e7a. O lateral-direito Wesley, da Roma,\u00a0ser\u00e1 titular e assume a vaga deixada pelo zagueiro [&hellip;]<\/p>\n","protected":false},"author":3,"featured_media":12881,"comment_status":"open","ping_status":"open","sticky":false,"template":"","format":"standard","meta":{"om_disable_all_campaigns":false,"_monsterinsights_skip_tracking":false,"_monsterinsights_sitenote_active":false,"_monsterinsights_sitenote_note":"","_monsterinsights_sitenote_category":0,"footnotes":""},"categories":[48],"tags":[],"class_list":["post-12880","post","type-post","status-publish","format-standard","has-post-thumbnail","hentry","category-esportes"],"jetpack_featured_media_url":"https:\/\/fatoelado.com\/wp-content\/uploads\/2025\/11\/wesley-e-eder-militao-e45ca978e8f7f752.jpg","_links":{"self":[{"href":"https:\/\/fatoelado.com\/index.php?rest_route=\/wp\/v2\/posts\/12880","targetHints":{"allow":["GET"]}}],"collection":[{"href":"https:\/\/fatoelado.com\/index.php?rest_route=\/wp\/v2\/posts"}],"about":[{"href":"https:\/\/fatoelado.com\/index.php?rest_route=\/wp\/v2\/types\/post"}],"author":[{"embeddable":true,"href":"https:\/\/fatoelado.com\/index.php?rest_route=\/wp\/v2\/users\/3"}],"replies":[{"embeddable":true,"href":"https:\/\/fatoelado.com\/index.php?rest_route=%2Fwp%2Fv2%2Fcomments&post=12880"}],"version-history":[{"count":1,"href":"https:\/\/fatoelado.com\/index.php?rest_route=\/wp\/v2\/posts\/12880\/revisions"}],"predecessor-version":[{"id":12882,"href":"https:\/\/fatoelado.com\/index.php?rest_route=\/wp\/v2\/posts\/12880\/revisions\/12882"}],"wp:featuredmedia":[{"embeddable":true,"href":"https:\/\/fatoelado.com\/index.php?rest_route=\/wp\/v2\/media\/12881"}],"wp:attachment":[{"href":"https:\/\/fatoelado.com\/index.php?rest_route=%2Fwp%2Fv2%2Fmedia&parent=12880"}],"wp:term":[{"taxonomy":"category","embeddable":true,"href":"https:\/\/fatoelado.com\/index.php?rest_route=%2Fwp%2Fv2%2Fcategories&post=12880"},{"taxonomy":"post_tag","embeddable":true,"href":"https:\/\/fatoelado.com\/index.php?rest_route=%2Fwp%2Fv2%2Ftags&post=12880"}],"curies":[{"name":"wp","href":"https:\/\/api.w.org\/{rel}","templated":true}]}}