{"id":12735,"date":"2025-11-14T12:10:01","date_gmt":"2025-11-14T15:10:01","guid":{"rendered":"https:\/\/fatoelado.com\/?p=12735"},"modified":"2025-11-14T12:10:01","modified_gmt":"2025-11-14T15:10:01","slug":"ouvidoria-geral-do-estado-reforca-parceria-com-tjpi-e-leva-atendimentos-ao-projeto-justica-itinerante-em-teresina","status":"publish","type":"post","link":"https:\/\/fatoelado.com\/?p=12735","title":{"rendered":"Ouvidoria-Geral do Estado refor\u00e7a parceria com TJPI e leva atendimentos ao Projeto Justi\u00e7a Itinerante em Teresina"},"content":{"rendered":"<h2 class=\"elementor-heading-title elementor-size-default\" style=\"text-align: center;\">Desta vez, a a\u00e7\u00e3o ocorreu entre os dias 10 e 14 de novembro, na Fraternidade Servos de Maria, no povoado Cer\u00e2mica Cil, zona rural de Teresina.<\/h2>\n<p>&nbsp;<\/p>\n<p data-start=\"238\" data-end=\"566\">Em parceria institucional com o Tribunal de Justi\u00e7a do Estado do Piau\u00ed (TJPI), a Ouvidoria-Geral do Estado do Piau\u00ed (OGE-PI) participou de mais uma edi\u00e7\u00e3o do Projeto Justi\u00e7a Itinerante. Desta vez, a a\u00e7\u00e3o ocorreu entre os dias 10 e 14 de novembro, na Fraternidade Servos de Maria, no povoado Cer\u00e2mica Cil, zona rural de Teresina.<\/p>\n<p data-start=\"568\" data-end=\"934\">Durante toda a programa\u00e7\u00e3o, a equipe da Ouvidoria-Geral esteve presente com o servi\u00e7o de Ouvidoria Ativa, acolhendo manifesta\u00e7\u00f5es dos cidad\u00e3os sobre as a\u00e7\u00f5es e servi\u00e7os prestados pelo Governo do Estado. A iniciativa refor\u00e7ou, mais uma vez, o compromisso da OGE-PI em aproximar a gest\u00e3o p\u00fablica da popula\u00e7\u00e3o, promovendo cidadania, transpar\u00eancia e participa\u00e7\u00e3o social.<\/p>\n<figure id=\"attachment_99039\" class=\"wp-caption alignnone\" aria-describedby=\"caption-attachment-99039\"><img loading=\"lazy\" decoding=\"async\" class=\"wp-image-99039 size-full\" src=\"https:\/\/www.pi.gov.br\/wp-content\/uploads\/2025\/11\/WhatsApp-Image-2025-11-14-at-11.26.10-scaled.jpeg\" sizes=\"auto, (max-width: 2560px) 100vw, 2560px\" srcset=\"https:\/\/www.pi.gov.br\/wp-content\/uploads\/2025\/11\/WhatsApp-Image-2025-11-14-at-11.26.10-scaled.jpeg 2560w, https:\/\/www.pi.gov.br\/wp-content\/uploads\/2025\/11\/WhatsApp-Image-2025-11-14-at-11.26.10-300x225.jpeg 300w, https:\/\/www.pi.gov.br\/wp-content\/uploads\/2025\/11\/WhatsApp-Image-2025-11-14-at-11.26.10-1024x768.jpeg 1024w, https:\/\/www.pi.gov.br\/wp-content\/uploads\/2025\/11\/WhatsApp-Image-2025-11-14-at-11.26.10-768x576.jpeg 768w, https:\/\/www.pi.gov.br\/wp-content\/uploads\/2025\/11\/WhatsApp-Image-2025-11-14-at-11.26.10-1536x1152.jpeg 1536w, https:\/\/www.pi.gov.br\/wp-content\/uploads\/2025\/11\/WhatsApp-Image-2025-11-14-at-11.26.10-2048x1536.jpeg 2048w\" alt=\"\" width=\"2560\" height=\"1920\" \/><figcaption id=\"caption-attachment-99039\" class=\"wp-caption-text\">Foto: Sebastian Pinheiro<\/figcaption><\/figure>\n<p data-start=\"936\" data-end=\"1318\">O ouvidor-geral do Estado, Raimundo Dutra, destacou a relev\u00e2ncia da participa\u00e7\u00e3o cont\u00ednua no projeto. \u201cEstar no Justi\u00e7a Itinerante \u00e9 reafirmar a miss\u00e3o da Ouvidoria de ouvir, acolher e encaminhar as demandas da sociedade. Junto ao TJPI e demais parceiros, fortalecemos os canais de di\u00e1logo entre popula\u00e7\u00e3o e governo, garantindo que a voz do cidad\u00e3o seja sempre valorizada\u201d, afirmou o gestor.<\/p>\n<figure id=\"attachment_99040\" class=\"wp-caption alignnone\" aria-describedby=\"caption-attachment-99040\"><img loading=\"lazy\" decoding=\"async\" class=\"wp-image-99040 size-full\" src=\"https:\/\/www.pi.gov.br\/wp-content\/uploads\/2025\/11\/WhatsApp-Image-2025-11-14-at-11.26.10-1-scaled.jpeg\" sizes=\"auto, (max-width: 2560px) 100vw, 2560px\" srcset=\"https:\/\/www.pi.gov.br\/wp-content\/uploads\/2025\/11\/WhatsApp-Image-2025-11-14-at-11.26.10-1-scaled.jpeg 2560w, https:\/\/www.pi.gov.br\/wp-content\/uploads\/2025\/11\/WhatsApp-Image-2025-11-14-at-11.26.10-1-300x225.jpeg 300w, https:\/\/www.pi.gov.br\/wp-content\/uploads\/2025\/11\/WhatsApp-Image-2025-11-14-at-11.26.10-1-1024x768.jpeg 1024w, https:\/\/www.pi.gov.br\/wp-content\/uploads\/2025\/11\/WhatsApp-Image-2025-11-14-at-11.26.10-1-768x576.jpeg 768w, https:\/\/www.pi.gov.br\/wp-content\/uploads\/2025\/11\/WhatsApp-Image-2025-11-14-at-11.26.10-1-1536x1152.jpeg 1536w, https:\/\/www.pi.gov.br\/wp-content\/uploads\/2025\/11\/WhatsApp-Image-2025-11-14-at-11.26.10-1-2048x1536.jpeg 2048w\" alt=\"\" width=\"2560\" height=\"1920\" \/><figcaption id=\"caption-attachment-99040\" class=\"wp-caption-text\">Foto: Sebastian Pinheiro<\/figcaption><\/figure>\n<p data-start=\"1320\" data-end=\"1549\">Al\u00e9m do atendimento da OGE-PI, o Justi\u00e7a Itinerante ofereceu servi\u00e7os como emiss\u00e3o de documentos, media\u00e7\u00e3o de conflitos, orienta\u00e7\u00e3o jur\u00eddica e atendimentos na \u00e1rea da sa\u00fade, ampliando o acesso da comunidade a direitos essenciais.<\/p>\n<figure id=\"attachment_99038\" class=\"wp-caption alignnone\" aria-describedby=\"caption-attachment-99038\"><img loading=\"lazy\" decoding=\"async\" class=\"size-full wp-image-99038\" src=\"https:\/\/www.pi.gov.br\/wp-content\/uploads\/2025\/11\/WhatsApp-Image-2025-11-14-at-11.26.09-scaled.jpeg\" sizes=\"auto, (max-width: 2560px) 100vw, 2560px\" srcset=\"https:\/\/www.pi.gov.br\/wp-content\/uploads\/2025\/11\/WhatsApp-Image-2025-11-14-at-11.26.09-scaled.jpeg 2560w, https:\/\/www.pi.gov.br\/wp-content\/uploads\/2025\/11\/WhatsApp-Image-2025-11-14-at-11.26.09-300x225.jpeg 300w, https:\/\/www.pi.gov.br\/wp-content\/uploads\/2025\/11\/WhatsApp-Image-2025-11-14-at-11.26.09-1024x768.jpeg 1024w, https:\/\/www.pi.gov.br\/wp-content\/uploads\/2025\/11\/WhatsApp-Image-2025-11-14-at-11.26.09-768x576.jpeg 768w, https:\/\/www.pi.gov.br\/wp-content\/uploads\/2025\/11\/WhatsApp-Image-2025-11-14-at-11.26.09-1536x1152.jpeg 1536w, https:\/\/www.pi.gov.br\/wp-content\/uploads\/2025\/11\/WhatsApp-Image-2025-11-14-at-11.26.09-2048x1536.jpeg 2048w\" alt=\"\" width=\"2560\" height=\"1920\" \/><figcaption id=\"caption-attachment-99038\" class=\"wp-caption-text\">Foto: Sebastian Pinheiro<\/figcaption><\/figure>\n<p data-start=\"1551\" data-end=\"1606\"><strong data-start=\"1551\" data-end=\"1606\">Canais de Atendimento da Ouvidoria-Geral do Estado:<\/strong><\/p>\n<ul data-start=\"1608\" data-end=\"1883\">\n<li data-start=\"1608\" data-end=\"1627\">\n<p data-start=\"1610\" data-end=\"1627\"><strong data-start=\"1610\" data-end=\"1621\">Disque:<\/strong>\u00a0162<\/p>\n<\/li>\n<li data-start=\"1628\" data-end=\"1662\">\n<p data-start=\"1630\" data-end=\"1662\"><strong data-start=\"1630\" data-end=\"1643\">WhatsApp:<\/strong>\u00a0(86) 9 9544-7024<\/p>\n<\/li>\n<li data-start=\"1663\" data-end=\"1701\">\n<p data-start=\"1665\" data-end=\"1701\"><strong data-start=\"1665\" data-end=\"1674\">Site:<\/strong>\u00a0ouvidoriageral.pi.gov.br<\/p>\n<\/li>\n<li data-start=\"1702\" data-end=\"1754\">\n<p data-start=\"1704\" data-end=\"1754\"><strong data-start=\"1704\" data-end=\"1715\">E-mail:<\/strong>\u00a0<a class=\"decorated-link cursor-pointer\" tabindex=\"0\" rel=\"noopener\" data-start=\"1716\" data-end=\"1752\" data-uw-rm-kbnav=\"anohref\">atendimento@ouvidoriageral.pi.gov.br<\/a><\/p>\n<\/li>\n<li data-start=\"1755\" data-end=\"1782\">\n<p data-start=\"1757\" data-end=\"1782\"><strong data-start=\"1757\" data-end=\"1772\">Plataforma:<\/strong>\u00a0Fala.br<\/p>\n<\/li>\n<li data-start=\"1783\" data-end=\"1848\">\n<p data-start=\"1785\" data-end=\"1848\"><strong data-start=\"1785\" data-end=\"1812\">Atendimento Presencial:<\/strong>\u00a0Sede da Ouvidoria-Geral do Estado<\/p>\n<\/li>\n<li data-start=\"1849\" data-end=\"1883\">\n<p data-start=\"1851\" data-end=\"1883\"><strong data-start=\"1851\" data-end=\"1883\">Rede de Ouvidorias Setoriais<\/strong><\/p>\n<\/li>\n<\/ul>\n<p>&nbsp;<\/p>\n<p>Fonte: Portal pi.Gov<br \/>\nConfira esta e outras mat\u00e9rias na \u00edntegra pelo link: https:\/\/www.pi.gov.br\/ouvidoria-geral-do-estado-reforca-parceria-com-tjpi-e-leva-atendimentos-ao-projeto-justica-itinerante-em-teresina\/<\/p>\n","protected":false},"excerpt":{"rendered":"<p>Desta vez, a a\u00e7\u00e3o ocorreu entre os dias 10 e 14 de novembro, na Fraternidade Servos de Maria, no povoado Cer\u00e2mica Cil, zona rural de Teresina. &nbsp; Em parceria institucional com o Tribunal de Justi\u00e7a do Estado do Piau\u00ed (TJPI), a Ouvidoria-Geral do Estado do Piau\u00ed (OGE-PI) participou de mais uma edi\u00e7\u00e3o do Projeto Justi\u00e7a [&hellip;]<\/p>\n","protected":false},"author":3,"featured_media":12736,"comment_status":"open","ping_status":"open","sticky":false,"template":"","format":"standard","meta":{"om_disable_all_campaigns":false,"_monsterinsights_skip_tracking":false,"_monsterinsights_sitenote_active":false,"_monsterinsights_sitenote_note":"","_monsterinsights_sitenote_category":0,"footnotes":""},"categories":[33],"tags":[],"class_list":["post-12735","post","type-post","status-publish","format-standard","has-post-thumbnail","hentry","category-piaui"],"jetpack_featured_media_url":"https:\/\/fatoelado.com\/wp-content\/uploads\/2025\/11\/WhatsApp-Image-2025-11-14-at-11.26.09-2048x1536-1.jpeg","_links":{"self":[{"href":"https:\/\/fatoelado.com\/index.php?rest_route=\/wp\/v2\/posts\/12735","targetHints":{"allow":["GET"]}}],"collection":[{"href":"https:\/\/fatoelado.com\/index.php?rest_route=\/wp\/v2\/posts"}],"about":[{"href":"https:\/\/fatoelado.com\/index.php?rest_route=\/wp\/v2\/types\/post"}],"author":[{"embeddable":true,"href":"https:\/\/fatoelado.com\/index.php?rest_route=\/wp\/v2\/users\/3"}],"replies":[{"embeddable":true,"href":"https:\/\/fatoelado.com\/index.php?rest_route=%2Fwp%2Fv2%2Fcomments&post=12735"}],"version-history":[{"count":1,"href":"https:\/\/fatoelado.com\/index.php?rest_route=\/wp\/v2\/posts\/12735\/revisions"}],"predecessor-version":[{"id":12737,"href":"https:\/\/fatoelado.com\/index.php?rest_route=\/wp\/v2\/posts\/12735\/revisions\/12737"}],"wp:featuredmedia":[{"embeddable":true,"href":"https:\/\/fatoelado.com\/index.php?rest_route=\/wp\/v2\/media\/12736"}],"wp:attachment":[{"href":"https:\/\/fatoelado.com\/index.php?rest_route=%2Fwp%2Fv2%2Fmedia&parent=12735"}],"wp:term":[{"taxonomy":"category","embeddable":true,"href":"https:\/\/fatoelado.com\/index.php?rest_route=%2Fwp%2Fv2%2Fcategories&post=12735"},{"taxonomy":"post_tag","embeddable":true,"href":"https:\/\/fatoelado.com\/index.php?rest_route=%2Fwp%2Fv2%2Ftags&post=12735"}],"curies":[{"name":"wp","href":"https:\/\/api.w.org\/{rel}","templated":true}]}}