{"id":12729,"date":"2025-11-14T12:08:06","date_gmt":"2025-11-14T15:08:06","guid":{"rendered":"https:\/\/fatoelado.com\/?p=12729"},"modified":"2025-11-14T12:08:06","modified_gmt":"2025-11-14T15:08:06","slug":"piaui-desponta-entre-os-estados-mais-transparentes-do-pais-no-combate-ao-desmatamento","status":"publish","type":"post","link":"https:\/\/fatoelado.com\/?p=12729","title":{"rendered":"Piau\u00ed desponta entre os estados mais transparentes do pa\u00eds no combate ao desmatamento"},"content":{"rendered":"<div class=\"elementor-element elementor-element-282adc7 elementor-widget elementor-widget-heading\" data-id=\"282adc7\" data-element_type=\"widget\" data-widget_type=\"heading.default\">\n<div class=\"elementor-widget-container\">\n<h2 class=\"elementor-heading-title elementor-size-default\" style=\"text-align: center;\">No primeiro semestre de 2025, o Piau\u00ed reduziu em quase 68% o desmatamento ilegal em rela\u00e7\u00e3o ao mesmo per\u00edodo do ano anterior.<\/h2>\n<\/div>\n<\/div>\n<div class=\"elementor-element elementor-element-fe86f93 e-con-full e-flex e-con e-child\" data-id=\"fe86f93\" data-element_type=\"container\">\n<div class=\"elementor-element elementor-element-4781e67 e-con-full e-flex e-con e-child\" data-id=\"4781e67\" data-element_type=\"container\">\n<div id=\"decrease-font\" class=\"elementor-element elementor-element-b907b64 elementor-widget elementor-widget-button\" data-id=\"b907b64\" data-element_type=\"widget\" data-widget_type=\"button.default\">\n<div class=\"elementor-widget-container\">\n<div class=\"elementor-button-wrapper\"><\/div>\n<\/div>\n<\/div>\n<div id=\"increase-font\" class=\"elementor-element elementor-element-a6d49a7 elementor-widget elementor-widget-button\" data-id=\"a6d49a7\" data-element_type=\"widget\" data-widget_type=\"button.default\">\n<div class=\"elementor-widget-container\">\n<div class=\"elementor-button-wrapper\"><\/div>\n<\/div>\n<\/div>\n<\/div>\n<\/div>\n<div class=\"elementor-element elementor-element-e94e84e elementor-widget elementor-widget-html\" data-id=\"e94e84e\" data-element_type=\"widget\" data-widget_type=\"html.default\">\n<div class=\"elementor-widget-container\">\n<p>O Piau\u00ed alcan\u00e7ou a pontua\u00e7\u00e3o m\u00e1xima no Indicador de Transpar\u00eancia das A\u00e7\u00f5es de Combate ao Desmatamento, figurando entre os dez mais bem colocados do pa\u00eds. No Nordeste, divide a lideran\u00e7a com o Cear\u00e1. As informa\u00e7\u00f5es s\u00e3o do\u00a0<a href=\"https:\/\/rankingdecompetitividade.org.br\/\">Ranking de Competitividade dos Estados<\/a>, elaborado pelo Centro de Lideran\u00e7a P\u00fablica (CLP), com base nos dados do MapBiomas.<\/p>\n<p>O reconhecimento reflete o fortalecimento de pol\u00edticas p\u00fablicas estruturadas, baseadas em planejamento, monitoramento cont\u00ednuo e participa\u00e7\u00e3o social. A estrat\u00e9gia integrada j\u00e1 mostra resultados expressivos: no primeiro semestre de 2025, o Piau\u00ed reduziu em quase 68% o desmatamento ilegal, em rela\u00e7\u00e3o ao mesmo per\u00edodo do ano anterior. Entre janeiro e junho de 2024, mais de 29,6 mil hectares haviam sido derrubados ilegalmente. Em 2025, esse n\u00famero caiu para menos de 9,6 mil hectares, o melhor desempenho dos \u00faltimos quatro anos.<\/p>\n<p><img loading=\"lazy\" decoding=\"async\" class=\"size-full wp-image-98923 aligncenter\" src=\"https:\/\/www.pi.gov.br\/wp-content\/uploads\/2025\/11\/WhatsApp-Image-2025-11-14-at-09.21.10.jpeg\" sizes=\"auto, (max-width: 600px) 100vw, 600px\" srcset=\"https:\/\/www.pi.gov.br\/wp-content\/uploads\/2025\/11\/WhatsApp-Image-2025-11-14-at-09.21.10.jpeg 600w, https:\/\/www.pi.gov.br\/wp-content\/uploads\/2025\/11\/WhatsApp-Image-2025-11-14-at-09.21.10-300x225.jpeg 300w\" alt=\"\" width=\"600\" height=\"450\" \/><\/p>\n<p>A trajet\u00f3ria de queda se mant\u00e9m tamb\u00e9m entre os trimestres. Do primeiro para o segundo trimestre de 2025, o desmatamento recuou de 4,9 mil hectares para 4,6 mil, uma redu\u00e7\u00e3o adicional de 6,2%.<\/p>\n<p>Para a Secretaria de Meio Ambiente e Recursos H\u00eddricos (Semarh), os dados confirmam que transpar\u00eancia, gest\u00e3o qualificada e fiscaliza\u00e7\u00e3o efetiva caminham juntas no enfrentamento ao desmatamento ilegal.<\/p>\n<p>Outro aliado para essa redu\u00e7\u00e3o s\u00e3o as den\u00fancias, que chegam por m\u00faltiplos canais: e-mail, WhatsApp, ouvidoria interna e atendimento presencial, e muitas feitas pela popula\u00e7\u00e3o, de forma an\u00f4nima ou identificada. O trabalho se articula ainda com uma rede de parceiros institucionais, como o Minist\u00e9rio P\u00fablico Federal e Estadual, Ibama, ICMBio, Pol\u00edcia Civil e Incra. Todas as ocorr\u00eancias s\u00e3o registradas no Sistema de Gest\u00e3o Ambiental (SIGA), que permite acompanhamento, integra\u00e7\u00e3o de etapas e resposta mais \u00e1gil.<\/p>\n<p>O monitoramento virtual por sat\u00e9lite \u00e9 outra pe\u00e7a-chave da estrat\u00e9gia estadual. Auditores ambientais analisam dados de plataformas como MapBiomas, Brasil Mais e Deter, que emitem alertas em tempo quase real. Cada notifica\u00e7\u00e3o passa por verifica\u00e7\u00e3o de titularidade da \u00e1rea e autoriza\u00e7\u00e3o ambiental. Havendo irregularidade, o Estado aplica multas, embarga \u00e1reas e adota san\u00e7\u00f5es previstas no Decreto Federal 6.514\/2008.<\/p>\n<p>Para o secret\u00e1rio do Meio Ambiente e Recursos H\u00eddricos, Feliphe Ara\u00fajo, a transpar\u00eancia tem papel central na constru\u00e7\u00e3o de confian\u00e7a e no aprimoramento das pol\u00edticas p\u00fablicas. \u201cO Piau\u00ed fez a escolha de atuar com clareza, dados abertos e responsabilidade. Quando o cidad\u00e3o sabe o que est\u00e1 acontecendo e o Estado age com firmeza e m\u00e9todo, toda a sociedade se torna aliada na prote\u00e7\u00e3o do nosso patrim\u00f4nio ambiental\u201d, afirmou.<\/p>\n<p><img loading=\"lazy\" decoding=\"async\" class=\"alignnone size-full wp-image-98932\" src=\"https:\/\/www.pi.gov.br\/wp-content\/uploads\/2025\/11\/ranking-de-competitividade.jpeg\" sizes=\"auto, (max-width: 1080px) 100vw, 1080px\" srcset=\"https:\/\/www.pi.gov.br\/wp-content\/uploads\/2025\/11\/ranking-de-competitividade.jpeg 1080w, https:\/\/www.pi.gov.br\/wp-content\/uploads\/2025\/11\/ranking-de-competitividade-246x300.jpeg 246w, https:\/\/www.pi.gov.br\/wp-content\/uploads\/2025\/11\/ranking-de-competitividade-841x1024.jpeg 841w, https:\/\/www.pi.gov.br\/wp-content\/uploads\/2025\/11\/ranking-de-competitividade-768x935.jpeg 768w\" alt=\"\" width=\"1080\" height=\"1315\" \/><\/p>\n<\/div>\n<p>Fonte: Portal pi.Gov<br \/>\nConfira esta e outras mat\u00e9rias na \u00edntegra pelo link: https:\/\/www.pi.gov.br\/piaui-desponta-entre-os-estados-mais-transparentes-do-pais-no-combate-ao-desmatamento\/<\/p>\n<\/div>\n<div id=\"div_conteudo\" class=\"elementor-element elementor-element-2b45a66 elementor-widget elementor-widget-theme-post-content\" data-id=\"2b45a66\" data-element_type=\"widget\" data-widget_type=\"theme-post-content.default\">\n<div class=\"elementor-widget-container\" style=\"text-align: center;\"><\/div>\n<\/div>\n","protected":false},"excerpt":{"rendered":"<p>No primeiro semestre de 2025, o Piau\u00ed reduziu em quase 68% o desmatamento ilegal em rela\u00e7\u00e3o ao mesmo per\u00edodo do ano anterior. O Piau\u00ed alcan\u00e7ou a pontua\u00e7\u00e3o m\u00e1xima no Indicador de Transpar\u00eancia das A\u00e7\u00f5es de Combate ao Desmatamento, figurando entre os dez mais bem colocados do pa\u00eds. No Nordeste, divide a lideran\u00e7a com o Cear\u00e1. [&hellip;]<\/p>\n","protected":false},"author":3,"featured_media":12730,"comment_status":"open","ping_status":"open","sticky":false,"template":"","format":"standard","meta":{"om_disable_all_campaigns":false,"_monsterinsights_skip_tracking":false,"_monsterinsights_sitenote_active":false,"_monsterinsights_sitenote_note":"","_monsterinsights_sitenote_category":0,"footnotes":""},"categories":[1472,33],"tags":[],"class_list":["post-12729","post","type-post","status-publish","format-standard","has-post-thumbnail","hentry","category-meio-ambiente","category-piaui"],"jetpack_featured_media_url":"https:\/\/fatoelado.com\/wp-content\/uploads\/2025\/11\/WhatsApp-Image-2025-11-14-at-09.21.10.jpeg","_links":{"self":[{"href":"https:\/\/fatoelado.com\/index.php?rest_route=\/wp\/v2\/posts\/12729","targetHints":{"allow":["GET"]}}],"collection":[{"href":"https:\/\/fatoelado.com\/index.php?rest_route=\/wp\/v2\/posts"}],"about":[{"href":"https:\/\/fatoelado.com\/index.php?rest_route=\/wp\/v2\/types\/post"}],"author":[{"embeddable":true,"href":"https:\/\/fatoelado.com\/index.php?rest_route=\/wp\/v2\/users\/3"}],"replies":[{"embeddable":true,"href":"https:\/\/fatoelado.com\/index.php?rest_route=%2Fwp%2Fv2%2Fcomments&post=12729"}],"version-history":[{"count":1,"href":"https:\/\/fatoelado.com\/index.php?rest_route=\/wp\/v2\/posts\/12729\/revisions"}],"predecessor-version":[{"id":12731,"href":"https:\/\/fatoelado.com\/index.php?rest_route=\/wp\/v2\/posts\/12729\/revisions\/12731"}],"wp:featuredmedia":[{"embeddable":true,"href":"https:\/\/fatoelado.com\/index.php?rest_route=\/wp\/v2\/media\/12730"}],"wp:attachment":[{"href":"https:\/\/fatoelado.com\/index.php?rest_route=%2Fwp%2Fv2%2Fmedia&parent=12729"}],"wp:term":[{"taxonomy":"category","embeddable":true,"href":"https:\/\/fatoelado.com\/index.php?rest_route=%2Fwp%2Fv2%2Fcategories&post=12729"},{"taxonomy":"post_tag","embeddable":true,"href":"https:\/\/fatoelado.com\/index.php?rest_route=%2Fwp%2Fv2%2Ftags&post=12729"}],"curies":[{"name":"wp","href":"https:\/\/api.w.org\/{rel}","templated":true}]}}