{"id":12723,"date":"2025-11-14T12:03:33","date_gmt":"2025-11-14T15:03:33","guid":{"rendered":"https:\/\/fatoelado.com\/?p=12723"},"modified":"2025-11-14T12:03:33","modified_gmt":"2025-11-14T15:03:33","slug":"filipe-luis-precisara-improvisar-no-flamengo-para-jogo-contra-o-sport","status":"publish","type":"post","link":"https:\/\/fatoelado.com\/?p=12723","title":{"rendered":"Filipe Lu\u00eds precisar\u00e1 improvisar no Flamengo para jogo contra o Sport"},"content":{"rendered":"<div class=\"flex w-full flex-col gap-2 pb-2 md:gap-4 md:mt-6 md:mb-4\">\n<h2 class=\"font-krub text-base leading-normal font-normal text-start text-[#4D5156] w-full\" style=\"text-align: center;\">Equipe tem 11 desfalques para duelo atrasado do Brasileir\u00e3o<\/h2>\n<\/div>\n<figure class=\"relative w-full overflow-hidden tab-m:w-screen tab-m:max-w-screen-md md:-mt-4 tab-m:-mx-4 tab-m:rounded-b-none rounded-b-2xl max-h-[355px] desk-news:max-h-[501px]\">\n<div class=\"w-full rounded-[20px] h-20 -z-10 -mb-[75px] tab:w-screen mx-auto\"><\/div>\n<div class=\"relative max-h-[350px] desk-news:max-h-[496px] bg-transparent h-full max-h-[350px]\"><img loading=\"lazy\" decoding=\"async\" class=\"rounded-lg object-cover object-top tab-m:rounded-t-2xl tab-m:rounded-b-none rounded-b-2xl max-h-[350px] h-[350px] desk-news:h-full desk-news:max-h-[496px] flex-shrink-0 w-full\" src=\"https:\/\/lncimg.lance.com.br\/cdn-cgi\/image\/width=950,quality=75,fit=pad,format=webp\/uploads\/2025\/11\/Filipe-Luis-Flamengo-x-Santos-scaled-aspect-ratio-512-320.jpg\" srcset=\"https:\/\/lncimg.lance.com.br\/cdn-cgi\/image\/width=950,quality=75,fit=pad,format=webp\/uploads\/2025\/11\/Filipe-Luis-Flamengo-x-Santos-scaled-aspect-ratio-512-320.jpg 1x\" alt=\"Filipe Lu\u00eds compenetrado \u00e0 beira do campo em jogo entre Flamengo e Santos (Foto: Thiago Ribeiro \/ Agif \/ Gazeta Press)\" width=\"850\" height=\"350\" data-nimg=\"1\" \/><\/div>\n<\/figure>\n<div>\n<div class=\"w-full desk-news:max-w-[714px] mx-auto flex flex-col gap-6 md:gap-8\">\n<p class=\"w-full text-lg font-krub text-gray-500 leading-30\">Filipe Lu\u00eds tem 11 desfalques para escalar o Flamengo que enfrentar\u00e1 o Sport, em jogo atrasado do Brasileir\u00e3o, neste s\u00e1bado (15), \u00e0s 18h30 (de Bras\u00edlia), na Ilha do Retiro. O t\u00e9cnico\u00a0<strong class=\"font-bold\">n\u00e3o conta com Alex Sandro, Danilo, Carrascal, Plata, Vi\u00f1a, Varela e Arrascaeta<\/strong>, convocados, al\u00e9m de Pedro, Allan, L\u00e9o Ortiz e Jorginho, lesionados. O volante italiano, que j\u00e1 treina com o elenco, at\u00e9 pode estar \u00e0 disposi\u00e7\u00e3o.<\/p>\n<p class=\"w-full text-lg font-krub text-gray-500 leading-30\">Os problemas come\u00e7am no setor defensivo, mas o verdadeiro desafio do treinador ser\u00e1 no ataque. Na zaga, o garoto Jo\u00e3o Victor deve iniciar a partida ao lado de L\u00e9o Pereira. Nas laterais, sem grandes d\u00favidas: Emerson Royal e Ayrton Lucas s\u00e3o as op\u00e7\u00f5es. Para formar a dupla de volantes, o t\u00e9cnico conta com Pulgar, De La Cruz e Sa\u00fal.<\/p>\n<p class=\"w-full text-lg font-krub text-gray-500 leading-30\">O quarteto ofensivo, por\u00e9m, exigir\u00e1 algumas improvisa\u00e7\u00f5es. Filipe pode optar por utilizar os tr\u00eas volantes rubro-negros. Dessa forma, De La Cruz ou Sa\u00fal poderiam jogar como camisas 10. Outra op\u00e7\u00e3o seria a escala\u00e7\u00e3o do espanhol aberto pela direita, como atuou muitas vezes no Atl\u00e9tico de Madri. Se quiser uma forma\u00e7\u00e3o mais ofensiva e veloz, Luiz Ara\u00fajo pode executar a fun\u00e7\u00e3o de armador.<\/p>\n<p class=\"w-full text-lg font-krub text-gray-500 leading-30\">O problema de deslocar o ex-S\u00e3o Paulo seria outro: \u00e9 o \u00fanico de of\u00edcio na ponta direita. Com isso, Everton Cebolinha ou Samuel Lino poderiam ter que sair do lado onde se sentem mais confort\u00e1veis.<\/p>\n<p class=\"w-full text-lg font-krub text-gray-500 leading-30\"><strong class=\"font-bold\">Abaixo, veja algumas op\u00e7\u00f5es de forma\u00e7\u00f5es ofensivas do Flamengo para o jogo:<\/strong><\/p>\n<ul>\n<li class=\"w-full text-lg font-krub text-gray-500 leading-30\">Op\u00e7\u00e3o 1<br \/>\nPulgar e De La Cruz; Sa\u00fal, Luiz Ara\u00fajo e Samuel Lino; Bruno Henrique<\/li>\n<li class=\"w-full text-lg font-krub text-gray-500 leading-30\">Op\u00e7\u00e3o 2<br \/>\nPulgar e Sa\u00fal; Luiz Ara\u00fajo, De La Cruz e Samuel Lino; Bruno Henrique<\/li>\n<li class=\"w-full text-lg font-krub text-gray-500 leading-30\">Op\u00e7\u00e3o 3<br \/>\nPulgar e De La Cruz (ou Sa\u00fal); Cebolinha, Luiz Ara\u00fajo e Samuel Lino; Bruno Henrique<\/li>\n<li class=\"w-full text-lg font-krub text-gray-500 leading-30\">Op\u00e7\u00e3o 4<br \/>\nPulgar e De La Cruz (ou Sa\u00fal); Luiz Ara\u00fajo e Samuel Lino; Bruno Henrique e Wallace Yan<\/li>\n<\/ul>\n<h2 class=\"font-bold text-3xl tab-m:text-xl\">Jogadores \u00e0 disposi\u00e7\u00e3o do Flamengo contra o Sport<\/h2>\n<p>Goleiros: Rossi e Matheus Cunha<br \/>\nZagueiros: L\u00e9o Pereira, Jo\u00e3o Victor e Cleiton<br \/>\nLaterais: Emerson Royal e Ayrton Lucas<br \/>\nVolantes\/meias: Pulgar, De La Cruz, Evertton Ara\u00fajo e Sa\u00fal<br \/>\nAtacantes: Samuel Lino, Bruno Henrique, Michael, Wallace Yan, Luiz Ara\u00fajo, Cebolinha e Juninho<\/p>\n<p><img loading=\"lazy\" decoding=\"async\" class=\"w-full rounded-lg \" src=\"https:\/\/lncimg.lance.com.br\/cdn-cgi\/image\/width=850,quality=75,format=webp\/uploads\/2025\/11\/Flamengo-Saul-1920x1280.jpg\" alt=\"Sa\u00fal recebe aplausos da torcida em jogo do Flamengo (Foto: Maga Jr \/ Ag\u00eancia F8 \/ Gazeta Press)\" width=\"850\" height=\"530\" data-nimg=\"1\" \/><\/p>\n<p>Sa\u00fal recebe aplausos da torcida em jogo do Flamengo (Foto: Maga Jr \/ Ag\u00eancia F8 \/ Gazeta Press)<\/p>\n<h2 class=\"font-bold text-3xl tab-m:text-xl\">Tr\u00eas pontos s\u00e3o fundamentais<\/h2>\n<p>Apesar dos desfalques, o Flamengo ainda \u00e9 muito favorito contra o Sport. A equipe de Recife \u00e9 lanterna do Brasileir\u00e3o, com apenas 17 pontos somados, e vem de cinco derrotas consecutivas. Empatado com o Palmeiras na lideran\u00e7a, o Rubro-Negro Carioca n\u00e3o pode pensar em perder pontos na Ilha do Retiro. O rival na disputa pelo t\u00edtulo tamb\u00e9m joga neste s\u00e1bado (15), \u00e0s 21h (de Bras\u00edlia), contra o Santos.<\/p>\n<\/div>\n<\/div>\n<div><\/div>\n<div class=\"mt-8 w-full flex flex-col text-[#767676] pt-4 pb-6 px-0 border-[#DFE4EA] border-y border-solid font-krub\">Fonte: Portal Lance.<br \/>\nConfira esta e outras mat\u00e9rias na \u00edntegra pelo link: https:\/\/www.lance.com.br\/flamengo\/filipe-luis-precisara-improvisar-no-flamengo-para-jogo-contra-o-sport.html<\/div>\n","protected":false},"excerpt":{"rendered":"<p>Equipe tem 11 desfalques para duelo atrasado do Brasileir\u00e3o Filipe Lu\u00eds tem 11 desfalques para escalar o Flamengo que enfrentar\u00e1 o Sport, em jogo atrasado do Brasileir\u00e3o, neste s\u00e1bado (15), \u00e0s 18h30 (de Bras\u00edlia), na Ilha do Retiro. O t\u00e9cnico\u00a0n\u00e3o conta com Alex Sandro, Danilo, Carrascal, Plata, Vi\u00f1a, Varela e Arrascaeta, convocados, al\u00e9m de Pedro, [&hellip;]<\/p>\n","protected":false},"author":3,"featured_media":12724,"comment_status":"open","ping_status":"open","sticky":false,"template":"","format":"standard","meta":{"om_disable_all_campaigns":false,"_monsterinsights_skip_tracking":false,"_monsterinsights_sitenote_active":false,"_monsterinsights_sitenote_note":"","_monsterinsights_sitenote_category":0,"footnotes":""},"categories":[48],"tags":[],"class_list":["post-12723","post","type-post","status-publish","format-standard","has-post-thumbnail","hentry","category-esportes"],"jetpack_featured_media_url":"https:\/\/fatoelado.com\/wp-content\/uploads\/2025\/11\/Filipe-Luis-Flamengo-x-Santos-scaled-aspect-ratio-512-320.webp","_links":{"self":[{"href":"https:\/\/fatoelado.com\/index.php?rest_route=\/wp\/v2\/posts\/12723","targetHints":{"allow":["GET"]}}],"collection":[{"href":"https:\/\/fatoelado.com\/index.php?rest_route=\/wp\/v2\/posts"}],"about":[{"href":"https:\/\/fatoelado.com\/index.php?rest_route=\/wp\/v2\/types\/post"}],"author":[{"embeddable":true,"href":"https:\/\/fatoelado.com\/index.php?rest_route=\/wp\/v2\/users\/3"}],"replies":[{"embeddable":true,"href":"https:\/\/fatoelado.com\/index.php?rest_route=%2Fwp%2Fv2%2Fcomments&post=12723"}],"version-history":[{"count":1,"href":"https:\/\/fatoelado.com\/index.php?rest_route=\/wp\/v2\/posts\/12723\/revisions"}],"predecessor-version":[{"id":12725,"href":"https:\/\/fatoelado.com\/index.php?rest_route=\/wp\/v2\/posts\/12723\/revisions\/12725"}],"wp:featuredmedia":[{"embeddable":true,"href":"https:\/\/fatoelado.com\/index.php?rest_route=\/wp\/v2\/media\/12724"}],"wp:attachment":[{"href":"https:\/\/fatoelado.com\/index.php?rest_route=%2Fwp%2Fv2%2Fmedia&parent=12723"}],"wp:term":[{"taxonomy":"category","embeddable":true,"href":"https:\/\/fatoelado.com\/index.php?rest_route=%2Fwp%2Fv2%2Fcategories&post=12723"},{"taxonomy":"post_tag","embeddable":true,"href":"https:\/\/fatoelado.com\/index.php?rest_route=%2Fwp%2Fv2%2Ftags&post=12723"}],"curies":[{"name":"wp","href":"https:\/\/api.w.org\/{rel}","templated":true}]}}