{"id":12720,"date":"2025-11-14T12:01:43","date_gmt":"2025-11-14T15:01:43","guid":{"rendered":"https:\/\/fatoelado.com\/?p=12720"},"modified":"2025-11-14T12:01:43","modified_gmt":"2025-11-14T15:01:43","slug":"george-e-saymon-sao-vitoriosos-em-confronto-100-brasileiro-no-mundial","status":"publish","type":"post","link":"https:\/\/fatoelado.com\/?p=12720","title":{"rendered":"George e Saymon s\u00e3o vitoriosos em confronto 100% brasileiro no Mundial"},"content":{"rendered":"<div class=\"flex w-full flex-col gap-2 pb-2 md:gap-4 md:mt-6 md:mb-4\">\n<h2 class=\"font-krub text-base leading-normal font-normal text-start text-[#4D5156] w-full\" style=\"text-align: center;\">No pr\u00f3ximo s\u00e1bado (15) as duplas retornam para as areias<\/h2>\n<\/div>\n<figure class=\"relative w-full overflow-hidden tab-m:w-screen tab-m:max-w-screen-md md:-mt-4 tab-m:-mx-4 tab-m:rounded-b-none rounded-b-2xl max-h-[355px] desk-news:max-h-[501px]\">\n<div class=\"w-full rounded-[20px] h-20 -z-10 -mb-[75px] tab:w-screen mx-auto\"><\/div>\n<div class=\"relative max-h-[350px] desk-news:max-h-[496px] bg-transparent h-full max-h-[350px]\"><img loading=\"lazy\" decoding=\"async\" class=\"rounded-lg object-cover object-top tab-m:rounded-t-2xl tab-m:rounded-b-none rounded-b-2xl max-h-[350px] h-[350px] desk-news:h-full desk-news:max-h-[496px] flex-shrink-0 w-full\" src=\"https:\/\/lncimg.lance.com.br\/cdn-cgi\/image\/width=950,quality=75,fit=pad,format=webp\/uploads\/2025\/11\/george-e-saymon-volei-de-praia-aspect-ratio-512-320.jpg\" srcset=\"https:\/\/lncimg.lance.com.br\/cdn-cgi\/image\/width=950,quality=75,fit=pad,format=webp\/uploads\/2025\/11\/george-e-saymon-volei-de-praia-aspect-ratio-512-320.jpg 1x\" alt=\"Dupla George e Saymon no Elite 16 de V\u00f4lei de Praia do Rio de Janeiro (Foto: Volleyball World)\" width=\"850\" height=\"350\" data-nimg=\"1\" \/><\/div>\n<\/figure>\n<div>\n<p class=\"w-full text-lg font-krub text-gray-500 leading-30\">Em um confronto agridoce para o torcedor, j\u00e1 que duas duplas brasileiras est\u00e3o na mesma chave para a classifica\u00e7\u00e3o,\u00a0<strong class=\"font-bold\">George<\/strong>\u00a0e<strong class=\"font-bold\">\u00a0Saymon\u00a0<\/strong>levaram a melhor sobre seus conterr\u00e2neos\u00a0<strong class=\"font-bold\">Andr\u00e9<\/strong>\u00a0e\u00a0<strong class=\"font-bold\">Renato<\/strong>\u00a0por dois\u00a0<strong class=\"font-bold\">sets a zero<\/strong>, na manh\u00e3 desta sexta (14), no\u00a0<strong class=\"font-bold\">Mundial de V\u00f4lei de Praia<\/strong>\u00a0em Adelaide, Austr\u00e1lia.<\/p>\n<div class=\"w-full font-krub not-italic font-normal text-start\">\n<h2 class=\"font-bold text-3xl tab-m:text-xl\">De qualquer jeito, deu Brasil<\/h2>\n<\/div>\n<p class=\"w-full text-lg font-krub text-gray-500 leading-30\">Com as parciais de\u00a0<strong class=\"font-bold\">21\/17<\/strong>\u00a0e\u00a0<strong class=\"font-bold\">21\/19<\/strong>, a dupla\u00a0<strong class=\"font-bold\">George\/Saymon<\/strong>\u00a0venceu\u00a0<strong class=\"font-bold\">Andr\u00e9 Stein<\/strong>, ex-parceiro de George, e\u00a0<strong class=\"font-bold\">Renato Andrew<\/strong>. Os vencedores se sa\u00edram melhor em quase todos os aspectos: pontos de ataque, bloqueio e saque. J\u00e1 Andr\u00e9\/Renato souberam pontuar sobre os erros dos advers\u00e1rios, mas nem isso garantiu um set para eles.<\/p>\n<p class=\"w-full text-lg font-krub text-gray-500 leading-30\">Os pr\u00f3ximos advers\u00e1rios das duplas ser\u00e3o os anfitri\u00f5es Burnett\/Hodges para George\/Saymon, no pr\u00f3ximo s\u00e1bado (15), \u00e0s 00h30 (de Bras\u00edlia), e os suecos Ahman e Hellvig para Andr\u00e9\/Renato, tamb\u00e9m no s\u00e1bado, \u00e0s 2h30 (de Bras\u00edlia).<\/p>\n<p class=\"w-full text-lg font-krub text-gray-500 leading-30\">Relembrando que, apesar de as duplas estarem no mesmo grupo, as chances de classifica\u00e7\u00e3o s\u00e3o bem grandes, pois no formato da disputa, al\u00e9m dos dois primeiros de cada grupo, os quatro melhores terceiros colocados tamb\u00e9m se classificam. Os outros oito terceiros colocados jogam uma repescagem, onde apenas quatro se classificam para o mata-mata.<\/p>\n<figure class=\"relative\"><img loading=\"lazy\" decoding=\"async\" class=\"w-full rounded-lg \" src=\"https:\/\/lncimg.lance.com.br\/cdn-cgi\/image\/width=850,quality=75,format=webp\/uploads\/2025\/09\/andre-e-renato.jpg\" alt=\"Andre e Renato (Foto: Volleyballworld)\" width=\"850\" height=\"530\" data-nimg=\"1\" \/><figcaption class=\"font-krub font-normal not-italic text-[12px] leading-5 text-[#808080] flex items-center justify-start mt-2\">Andre e Renato (Foto: Volleyballworld)<\/figcaption><\/figure>\n<div class=\"w-full font-krub not-italic font-normal text-start\">\n<h2 class=\"font-bold text-3xl tab-m:text-xl\">Evandro\/Arthur estreiam com vit\u00f3ria em Adelaide<\/h2>\n<\/div>\n<p class=\"w-full text-lg font-krub text-gray-500 leading-30\">Al\u00e9m deles, a primeira dupla a estrear no Mundial de V\u00f4lei de Praia foi Evandro e Arthur Lanci, que j\u00e1 come\u00e7aram s\u00f3lidos e sem sustos, vencendo Mora e Lopez, da Nicar\u00e1gua. As parciais foram 21\/12 e 21\/10, em partida v\u00e1lida pelo Grupo D.<\/p>\n<p class=\"w-full text-lg font-krub text-gray-500 leading-30\">Pelo chave D do torneio, a dupla brasileira volta \u00e0 quadra na madrugada desta sexta (14) para s\u00e1bado (15). O confronto \u00e9 contra Amieva e Bueno, da Argentina. A partida acontece \u00e0s 3h30 (de Bras\u00edlia).<\/p>\n<\/div>\n<p>&nbsp;<\/p>\n<p>Fonte: Portal Lance.<br \/>\nConfira esta e outras mat\u00e9rias na \u00edntegra pelo link: https:\/\/www.lance.com.br\/mais-esportes\/george-e-saymon-sao-vitoriosos-em-confronto-100-brasileiro-no-mundial.html<\/p>\n","protected":false},"excerpt":{"rendered":"<p>No pr\u00f3ximo s\u00e1bado (15) as duplas retornam para as areias Em um confronto agridoce para o torcedor, j\u00e1 que duas duplas brasileiras est\u00e3o na mesma chave para a classifica\u00e7\u00e3o,\u00a0George\u00a0e\u00a0Saymon\u00a0levaram a melhor sobre seus conterr\u00e2neos\u00a0Andr\u00e9\u00a0e\u00a0Renato\u00a0por dois\u00a0sets a zero, na manh\u00e3 desta sexta (14), no\u00a0Mundial de V\u00f4lei de Praia\u00a0em Adelaide, Austr\u00e1lia. De qualquer jeito, deu Brasil Com [&hellip;]<\/p>\n","protected":false},"author":3,"featured_media":12721,"comment_status":"open","ping_status":"open","sticky":false,"template":"","format":"standard","meta":{"om_disable_all_campaigns":false,"_monsterinsights_skip_tracking":false,"_monsterinsights_sitenote_active":false,"_monsterinsights_sitenote_note":"","_monsterinsights_sitenote_category":0,"footnotes":""},"categories":[48],"tags":[],"class_list":["post-12720","post","type-post","status-publish","format-standard","has-post-thumbnail","hentry","category-esportes"],"jetpack_featured_media_url":"https:\/\/fatoelado.com\/wp-content\/uploads\/2025\/11\/george-e-saymon-volei-de-praia-aspect-ratio-512-320.webp","_links":{"self":[{"href":"https:\/\/fatoelado.com\/index.php?rest_route=\/wp\/v2\/posts\/12720","targetHints":{"allow":["GET"]}}],"collection":[{"href":"https:\/\/fatoelado.com\/index.php?rest_route=\/wp\/v2\/posts"}],"about":[{"href":"https:\/\/fatoelado.com\/index.php?rest_route=\/wp\/v2\/types\/post"}],"author":[{"embeddable":true,"href":"https:\/\/fatoelado.com\/index.php?rest_route=\/wp\/v2\/users\/3"}],"replies":[{"embeddable":true,"href":"https:\/\/fatoelado.com\/index.php?rest_route=%2Fwp%2Fv2%2Fcomments&post=12720"}],"version-history":[{"count":1,"href":"https:\/\/fatoelado.com\/index.php?rest_route=\/wp\/v2\/posts\/12720\/revisions"}],"predecessor-version":[{"id":12722,"href":"https:\/\/fatoelado.com\/index.php?rest_route=\/wp\/v2\/posts\/12720\/revisions\/12722"}],"wp:featuredmedia":[{"embeddable":true,"href":"https:\/\/fatoelado.com\/index.php?rest_route=\/wp\/v2\/media\/12721"}],"wp:attachment":[{"href":"https:\/\/fatoelado.com\/index.php?rest_route=%2Fwp%2Fv2%2Fmedia&parent=12720"}],"wp:term":[{"taxonomy":"category","embeddable":true,"href":"https:\/\/fatoelado.com\/index.php?rest_route=%2Fwp%2Fv2%2Fcategories&post=12720"},{"taxonomy":"post_tag","embeddable":true,"href":"https:\/\/fatoelado.com\/index.php?rest_route=%2Fwp%2Fv2%2Ftags&post=12720"}],"curies":[{"name":"wp","href":"https:\/\/api.w.org\/{rel}","templated":true}]}}