{"id":12717,"date":"2025-11-14T11:59:01","date_gmt":"2025-11-14T14:59:01","guid":{"rendered":"https:\/\/fatoelado.com\/?p=12717"},"modified":"2025-11-14T11:59:01","modified_gmt":"2025-11-14T14:59:01","slug":"exames-apontam-o-real-problema-de-oscar-que-esta-estavel-apos-desmaio","status":"publish","type":"post","link":"https:\/\/fatoelado.com\/?p=12717","title":{"rendered":"Exames apontam o real problema de Oscar, que est\u00e1 est\u00e1vel ap\u00f3s desmaio"},"content":{"rendered":"<h2 class=\"article-subtitle\" style=\"text-align: center;\">Jogador do S\u00e3o Paulo est\u00e1 internado desde ter\u00e7a e vem sendo submetido a bateria de exames<\/h2>\n<p>&nbsp;<\/p>\n<div class=\"article-image-featured\"><img decoding=\"async\" class=\"i-amphtml-fill-content i-amphtml-replaced-content\" src=\"https:\/\/www.meionews.com\/uploads\/imagens\/2025\/11\/14\/oscar-em-treino-no-ct-do-sao-paulo--c9d0b79a9b7f7600.jpg\" alt=\"Oscar em treino no CT do S\u00e3o Paulo | Erico Leonan\/saopaulofc\" data-amp-loading=\"lazy\" \/><small>Oscar em treino no CT do S\u00e3o Paulo | Foto: Erico Leonan\/saopaulofc<\/small><\/div>\n<div class=\"article-html\">\n<div class=\"article-html-more\">\n<p>O meia\u00a0<strong data-end=\"69\">Oscar<\/strong>, do\u00a0<strong data-end=\"87\" data-start=\"74\">S\u00e3o Paulo<\/strong>, foi diagnosticado com\u00a0<strong data-end=\"132\" data-start=\"111\">s\u00edncope vasovagal<\/strong>\u00a0ap\u00f3s uma bateria de\u00a0<strong data-end=\"163\" data-start=\"153\">exames<\/strong>\u00a0realizados nos \u00faltimos dias no\u00a0<strong data-end=\"233\" data-start=\"195\">Hospital Israelita Albert Einstein<\/strong>. O jogador\u00a0<strong data-end=\"258\" data-start=\"246\">desmaiou<\/strong>\u00a0durante\u00a0<strong data-end=\"285\" data-start=\"267\">testes f\u00edsicos<\/strong>\u00a0no Tricolor na \u00faltima\u00a0<strong data-end=\"323\" data-start=\"308\">ter\u00e7a-feira<\/strong>\u00a0e seguir\u00e1\u00a0<strong data-end=\"347\" data-start=\"334\">internado<\/strong>.<\/p>\n<p>&nbsp;<\/p>\n<h2>O que diz o S\u00e3o Paulo?<\/h2>\n<p>O clube se manifestou nesta quinta-feira com uma nota:<\/p>\n<blockquote><p><em>&#8220;O meio-campista Oscar segue internado no Einstein Hospital Israelita, onde deu entrada na tarde de ter\u00e7a-feira (11) ap\u00f3s apresentar uma intercorr\u00eancia com altera\u00e7\u00f5es cardiol\u00f3gicas durante exames realizados no SuperCT.<\/em><\/p>\n<p><em>Extensa investiga\u00e7\u00e3o realizada no hospital confirmou o diagn\u00f3stico de s\u00edncope vasovagal.<\/em><\/p>\n<p><em>Oscar segue clinicamente bem e est\u00e1vel, internado em unidade cardiol\u00f3gica e nesta sexta-feira realizar\u00e1 estudo eletrofisiol\u00f3gico.&#8221;<\/em><\/p><\/blockquote>\n<h2>O que \u00e9 s\u00edncope vasovagal?<\/h2>\n<p>Trata-se de uma perda transit\u00f3ria de consci\u00eancia, causada por uma queda na press\u00e3o arterial e nos batimentos card\u00edacos \u2014 ou seja, um desmaio. Para confirmar o diagn\u00f3stico, Oscar realizou o exame tilt-test, no qual o paciente fica deitado em uma prancha que vai sendo elevada, variando o grau de inclina\u00e7\u00e3o.<\/p>\n<p>Essas posi\u00e7\u00f5es revelam se a regula\u00e7\u00e3o da press\u00e3o e a pulsa\u00e7\u00e3o est\u00e3o funcionando adequadamente. No caso de Oscar, o exame mostrou que n\u00e3o est\u00e3o. O dist\u00farbio provoca tonturas e at\u00e9 desmaios, como o que ocorreu durante o teste no CT da Barra Funda.<\/p>\n<h3 data-end=\"58\" data-start=\"0\"><strong data-end=\"58\" data-start=\"4\">Caso n\u00e3o tem risco de morte<\/strong><\/h3>\n<p>O problema n\u00e3o oferece risco de morte e pode ser tratado com medica\u00e7\u00e3o ou com uma interven\u00e7\u00e3o cir\u00fargica simples, na qual um g\u00e2nglio \u00e9 cauterizado para evitar o descontrole que causa a s\u00edncope. Ainda segundo o especialista, Oscar poder\u00e1 voltar ao futebol se tudo ocorrer bem e ele se sentir confort\u00e1vel para isso. Por enquanto, o jogador n\u00e3o tem previs\u00e3o de alta. Aos 34 anos, ele avalia junto \u00e0 fam\u00edlia se vai anunciar a aposentadoria ou se seguir\u00e1 no futebol \u2014 mas a tend\u00eancia maior \u00e9 que deixe o futebol profissional.<\/p>\n<div class=\"article-share_buttons2 article-share\">\n<div class=\"share_buttons\">\n<div class=\"buttons\">\n<p>&nbsp;<\/p>\n<p>Fonte: Portal MeioNews.<br \/>\nConfira esta e outras mat\u00e9rias na \u00edntegra pelo link: https:\/\/www.meionews.com\/esportes\/exames-apontam-o-real-problema-de-oscar-que-esta-estavel-apos-desmaio-547001<\/p>\n<\/div>\n<\/div>\n<\/div>\n<\/div>\n<\/div>\n","protected":false},"excerpt":{"rendered":"<p>Jogador do S\u00e3o Paulo est\u00e1 internado desde ter\u00e7a e vem sendo submetido a bateria de exames &nbsp; Oscar em treino no CT do S\u00e3o Paulo | Foto: Erico Leonan\/saopaulofc O meia\u00a0Oscar, do\u00a0S\u00e3o Paulo, foi diagnosticado com\u00a0s\u00edncope vasovagal\u00a0ap\u00f3s uma bateria de\u00a0exames\u00a0realizados nos \u00faltimos dias no\u00a0Hospital Israelita Albert Einstein. O jogador\u00a0desmaiou\u00a0durante\u00a0testes f\u00edsicos\u00a0no Tricolor na \u00faltima\u00a0ter\u00e7a-feira\u00a0e seguir\u00e1\u00a0internado. &nbsp; [&hellip;]<\/p>\n","protected":false},"author":3,"featured_media":12718,"comment_status":"open","ping_status":"open","sticky":false,"template":"","format":"standard","meta":{"om_disable_all_campaigns":false,"_monsterinsights_skip_tracking":false,"_monsterinsights_sitenote_active":false,"_monsterinsights_sitenote_note":"","_monsterinsights_sitenote_category":0,"footnotes":""},"categories":[48],"tags":[],"class_list":["post-12717","post","type-post","status-publish","format-standard","has-post-thumbnail","hentry","category-esportes"],"jetpack_featured_media_url":"https:\/\/fatoelado.com\/wp-content\/uploads\/2025\/11\/oscar-em-treino-no-ct-do-sao-paulo-c9d0b79a9b7f7600.jpg","_links":{"self":[{"href":"https:\/\/fatoelado.com\/index.php?rest_route=\/wp\/v2\/posts\/12717","targetHints":{"allow":["GET"]}}],"collection":[{"href":"https:\/\/fatoelado.com\/index.php?rest_route=\/wp\/v2\/posts"}],"about":[{"href":"https:\/\/fatoelado.com\/index.php?rest_route=\/wp\/v2\/types\/post"}],"author":[{"embeddable":true,"href":"https:\/\/fatoelado.com\/index.php?rest_route=\/wp\/v2\/users\/3"}],"replies":[{"embeddable":true,"href":"https:\/\/fatoelado.com\/index.php?rest_route=%2Fwp%2Fv2%2Fcomments&post=12717"}],"version-history":[{"count":1,"href":"https:\/\/fatoelado.com\/index.php?rest_route=\/wp\/v2\/posts\/12717\/revisions"}],"predecessor-version":[{"id":12719,"href":"https:\/\/fatoelado.com\/index.php?rest_route=\/wp\/v2\/posts\/12717\/revisions\/12719"}],"wp:featuredmedia":[{"embeddable":true,"href":"https:\/\/fatoelado.com\/index.php?rest_route=\/wp\/v2\/media\/12718"}],"wp:attachment":[{"href":"https:\/\/fatoelado.com\/index.php?rest_route=%2Fwp%2Fv2%2Fmedia&parent=12717"}],"wp:term":[{"taxonomy":"category","embeddable":true,"href":"https:\/\/fatoelado.com\/index.php?rest_route=%2Fwp%2Fv2%2Fcategories&post=12717"},{"taxonomy":"post_tag","embeddable":true,"href":"https:\/\/fatoelado.com\/index.php?rest_route=%2Fwp%2Fv2%2Ftags&post=12717"}],"curies":[{"name":"wp","href":"https:\/\/api.w.org\/{rel}","templated":true}]}}