{"id":12714,"date":"2025-11-14T11:57:46","date_gmt":"2025-11-14T14:57:46","guid":{"rendered":"https:\/\/fatoelado.com\/?p=12714"},"modified":"2025-11-14T11:57:46","modified_gmt":"2025-11-14T14:57:46","slug":"cristiano-ronaldo-corre-risco-de-perder-jogos-da-copa-apos-expulsao-entenda","status":"publish","type":"post","link":"https:\/\/fatoelado.com\/?p=12714","title":{"rendered":"Cristiano Ronaldo corre risco de perder jogos da Copa ap\u00f3s expuls\u00e3o; entenda"},"content":{"rendered":"<h2 class=\"article-subtitle\" style=\"text-align: center;\">Expulso contra a Irlanda nas eliminat\u00f3rias, atacante pode pegar at\u00e9 tr\u00eas jogos de suspens\u00e3o e teria que cumprir parte deles no Mundial<\/h2>\n<p>&nbsp;<\/p>\n<div class=\"article-image-featured\"><img decoding=\"async\" class=\"i-amphtml-fill-content i-amphtml-replaced-content\" src=\"https:\/\/www.meionews.com\/uploads\/imagens\/2025\/11\/14\/cristiano-ronaldo--1e963be7361ff277.jpg\" alt=\"Cristiano Ronaldo | Imagem: Reprodu\u00e7\u00e3o\" data-amp-loading=\"lazy\" \/><small>Cristiano Ronaldo | Foto: Imagem: Reprodu\u00e7\u00e3o<\/small><\/div>\n<div class=\"g-news\"><\/div>\n<div class=\"article-html\">\n<div class=\"article-html-more\">\n<p>A expuls\u00e3o de\u00a0<strong data-end=\"111\" data-start=\"90\">Cristiano Ronaldo<\/strong>\u00a0contra a\u00a0<strong data-end=\"132\" data-start=\"121\">Irlanda<\/strong>\u00a0pode custar caro ao atacante. O craque, que j\u00e1 deixou a concentra\u00e7\u00e3o de\u00a0<strong data-end=\"217\" data-start=\"205\">Portugal<\/strong>\u00a0ap\u00f3s a partida, corre o risco de\u00a0<strong data-end=\"305\" data-start=\"251\">perder os primeiros jogos da\u00a0<\/strong><strong data-end=\"305\" data-start=\"251\">Copa do Mundo de 2026<\/strong>\u00a0para cumprir a suspens\u00e3o pelo\u00a0<strong data-end=\"355\" data-start=\"336\">cart\u00e3o vermelho<\/strong>\u00a0recebido.<\/p>\n<p>Ronaldo foi expulso ap\u00f3s revis\u00e3o do VAR, por uma cotovelada no zagueiro Dara O&#8217;Shea quando a bola n\u00e3o estava pr\u00f3xima. Como o vermelho foi aplicado por agress\u00e3o, o atacante pode receber uma suspens\u00e3o superior a duas partidas.<\/p>\n<p>Portugal tem apenas um jogo restante nas eliminat\u00f3rias, contra a Arm\u00eania, em casa. A sele\u00e7\u00e3o garante vaga na Copa em caso de vit\u00f3ria \u2014 e at\u00e9 um empate pode bastar, dependendo das combina\u00e7\u00f5es. Em um cen\u00e1rio improv\u00e1vel, poderia disputar a repescagem, onde a aus\u00eancia de Cristiano Ronaldo tamb\u00e9m seria uma possibilidade.<\/p>\n<h2>O que diz o regulamento da Fifa?<\/h2>\n<p>De acordo com o regulamento da Fifa, qualquer suspens\u00e3o aplicada em jogos das eliminat\u00f3rias deve ser cumprida na Copa do Mundo. O Comit\u00ea Disciplinar da Fifa \u00e9 o respons\u00e1vel por definir o tamanho da puni\u00e7\u00e3o.<\/p>\n<p>O artigo 14 do cap\u00edtulo 2 do C\u00f3digo Disciplinar da Fifa estabelece que:<\/p>\n<ul data-start=\"378\">\n<li data-start=\"378\"><strong>\u201cJogadores e oficiais ser\u00e3o suspensos por m\u00e1 conduta por ao menos tr\u00eas jogos ou um per\u00edodo apropriado por agress\u00e3o, incluindo cotoveladas, socos, chutes, mordidas ou cuspidas.\u201d<\/strong><\/li>\n<\/ul>\n<p>Esta foi a primeira expuls\u00e3o de Cristiano Ronaldo com a camisa de Portugal. O craque, de 40 anos, \u00e9 o maior artilheiro de sele\u00e7\u00f5es da hist\u00f3ria, com 143 gols em 226 jogos.<\/p>\n<div class=\"article-share_buttons2 article-share\">\n<div class=\"share_buttons\">\n<div class=\"buttons\">\n<p>&nbsp;<\/p>\n<p>Fonte: Portal MeioNews.<br \/>\nConfira esta e outras mat\u00e9rias na \u00edntegra pelo link: https:\/\/www.meionews.com\/esportes\/cristiano-ronaldo-corre-risco-de-perder-jogos-da-copa-apos-expulsao-entenda-547003<\/p>\n<\/div>\n<\/div>\n<\/div>\n<\/div>\n<\/div>\n","protected":false},"excerpt":{"rendered":"<p>Expulso contra a Irlanda nas eliminat\u00f3rias, atacante pode pegar at\u00e9 tr\u00eas jogos de suspens\u00e3o e teria que cumprir parte deles no Mundial &nbsp; Cristiano Ronaldo | Foto: Imagem: Reprodu\u00e7\u00e3o A expuls\u00e3o de\u00a0Cristiano Ronaldo\u00a0contra a\u00a0Irlanda\u00a0pode custar caro ao atacante. O craque, que j\u00e1 deixou a concentra\u00e7\u00e3o de\u00a0Portugal\u00a0ap\u00f3s a partida, corre o risco de\u00a0perder os primeiros jogos [&hellip;]<\/p>\n","protected":false},"author":3,"featured_media":12715,"comment_status":"open","ping_status":"open","sticky":false,"template":"","format":"standard","meta":{"om_disable_all_campaigns":false,"_monsterinsights_skip_tracking":false,"_monsterinsights_sitenote_active":false,"_monsterinsights_sitenote_note":"","_monsterinsights_sitenote_category":0,"footnotes":""},"categories":[48],"tags":[],"class_list":["post-12714","post","type-post","status-publish","format-standard","has-post-thumbnail","hentry","category-esportes"],"jetpack_featured_media_url":"https:\/\/fatoelado.com\/wp-content\/uploads\/2025\/11\/cristiano-ronaldo-1e963be7361ff277.jpg","_links":{"self":[{"href":"https:\/\/fatoelado.com\/index.php?rest_route=\/wp\/v2\/posts\/12714","targetHints":{"allow":["GET"]}}],"collection":[{"href":"https:\/\/fatoelado.com\/index.php?rest_route=\/wp\/v2\/posts"}],"about":[{"href":"https:\/\/fatoelado.com\/index.php?rest_route=\/wp\/v2\/types\/post"}],"author":[{"embeddable":true,"href":"https:\/\/fatoelado.com\/index.php?rest_route=\/wp\/v2\/users\/3"}],"replies":[{"embeddable":true,"href":"https:\/\/fatoelado.com\/index.php?rest_route=%2Fwp%2Fv2%2Fcomments&post=12714"}],"version-history":[{"count":1,"href":"https:\/\/fatoelado.com\/index.php?rest_route=\/wp\/v2\/posts\/12714\/revisions"}],"predecessor-version":[{"id":12716,"href":"https:\/\/fatoelado.com\/index.php?rest_route=\/wp\/v2\/posts\/12714\/revisions\/12716"}],"wp:featuredmedia":[{"embeddable":true,"href":"https:\/\/fatoelado.com\/index.php?rest_route=\/wp\/v2\/media\/12715"}],"wp:attachment":[{"href":"https:\/\/fatoelado.com\/index.php?rest_route=%2Fwp%2Fv2%2Fmedia&parent=12714"}],"wp:term":[{"taxonomy":"category","embeddable":true,"href":"https:\/\/fatoelado.com\/index.php?rest_route=%2Fwp%2Fv2%2Fcategories&post=12714"},{"taxonomy":"post_tag","embeddable":true,"href":"https:\/\/fatoelado.com\/index.php?rest_route=%2Fwp%2Fv2%2Ftags&post=12714"}],"curies":[{"name":"wp","href":"https:\/\/api.w.org\/{rel}","templated":true}]}}