{"id":12677,"date":"2025-11-13T10:18:18","date_gmt":"2025-11-13T13:18:18","guid":{"rendered":"https:\/\/fatoelado.com\/?p=12677"},"modified":"2025-11-13T10:18:18","modified_gmt":"2025-11-13T13:18:18","slug":"governador-rafael-fonteles-inaugura-nova-sede-do-instituto-de-dna-forense-do-piaui-nesta-sexta-14","status":"publish","type":"post","link":"https:\/\/fatoelado.com\/?p=12677","title":{"rendered":"Governador Rafael Fonteles inaugura nova sede do Instituto de DNA Forense do Piau\u00ed nesta sexta (14)"},"content":{"rendered":"<h2 class=\"elementor-heading-title elementor-size-default\" style=\"text-align: center;\">Representando um marco para a per\u00edcia criminal piauiense, o novo pr\u00e9dio conta com um investimento superior a R$ 4,1 milh\u00f5es.<\/h2>\n<p>&nbsp;<\/p>\n<p>O governador Rafael Fonteles inaugura, nesta sexta-feira (14), o novo Instituto de DNA Forense do Piau\u00ed (IDNA-PI) \u2013 Perito Criminal Raimundo Jorge de Andrade J\u00fanior. A solenidade ser\u00e1 a partir das 7h, na unidade, localizada na Rua Francisca de Melo Lobo, bairro Saci, zona sul de Teresina.<\/p>\n<p>Representando um marco para a per\u00edcia criminal piauiense, o novo pr\u00e9dio conta com um investimento superior a R$ 4,1 milh\u00f5es e foi projetado pela Secretaria da Seguran\u00e7a P\u00fablica (SSP-PI) para atender \u00e0s demandas mais complexas da investiga\u00e7\u00e3o cient\u00edfica, com infraestrutura moderna e equipamentos de \u00faltima gera\u00e7\u00e3o.<\/p>\n<p>Com \u00e1rea constru\u00edda de 546,45 m\u00b2, a sede \u00e9 contempla ambientes amplos e integrados, como recep\u00e7\u00e3o, cart\u00f3rio, sala de laudos, setor administrativo, Banco Estadual de Perfis Gen\u00e9ticos (BEPG), Sistema de Gest\u00e3o da Qualidade (SGQ), salas de cust\u00f3dia, repouso masculino e feminino, copa e dep\u00f3sito de materiais. Al\u00e9m disso, atende integralmente \u00e0s normas de acessibilidade e seguran\u00e7a, incluindo medidas de combate a inc\u00eandio.<\/p>\n<p><img loading=\"lazy\" decoding=\"async\" class=\"alignnone size-full wp-image-98693\" src=\"https:\/\/www.pi.gov.br\/wp-content\/uploads\/2025\/11\/nstituto-de-DNA-Forense-do-Piaui-1.jpeg\" sizes=\"auto, (max-width: 1280px) 100vw, 1280px\" srcset=\"https:\/\/www.pi.gov.br\/wp-content\/uploads\/2025\/11\/nstituto-de-DNA-Forense-do-Piaui-1.jpeg 1280w, https:\/\/www.pi.gov.br\/wp-content\/uploads\/2025\/11\/nstituto-de-DNA-Forense-do-Piaui-1-300x122.jpeg 300w, https:\/\/www.pi.gov.br\/wp-content\/uploads\/2025\/11\/nstituto-de-DNA-Forense-do-Piaui-1-1024x417.jpeg 1024w, https:\/\/www.pi.gov.br\/wp-content\/uploads\/2025\/11\/nstituto-de-DNA-Forense-do-Piaui-1-768x313.jpeg 768w\" alt=\"\" width=\"1280\" height=\"521\" \/><\/p>\n<p>J\u00e1 o Setor de Gen\u00e9tica Forense foi estruturado conforme as exig\u00eancias t\u00e9cnicas e de biosseguran\u00e7a, contando com salas espec\u00edficas de extra\u00e7\u00e3o (refer\u00eancia e questionada), solu\u00e7\u00f5es, pr\u00e9-PCR, p\u00f3s-PCR, qualifica\u00e7\u00e3o e amplia\u00e7\u00e3o.<\/p>\n<p><strong>Avan\u00e7o para a investiga\u00e7\u00e3o criminal<\/strong><\/p>\n<p>Criado em novembro de 2019, o Instituto de DNA Forense do Piau\u00ed \u00e9 respons\u00e1vel pela an\u00e1lise gen\u00e9tica de vest\u00edgios criminais, identifica\u00e7\u00e3o humana e exames de v\u00ednculo gen\u00e9tico. Inicialmente, ele funcionava em uma sede provis\u00f3ria na zona Norte de Teresina, como parte do Projeto de Fortalecimento da Rede Integrada de Bancos de Perfis Gen\u00e9ticos, que ampliou a capacidade da Pol\u00edcia Cient\u00edfica em apoiar as investiga\u00e7\u00f5es da Pol\u00edcia Civil (PC-PI).<\/p>\n<p>Com a nova estrutura, o IDNA-PI passa a dispor das condi\u00e7\u00f5es ideais para realizar exames com ainda mais precis\u00e3o e agilidade, contribuindo para a elucida\u00e7\u00e3o de crimes e a efetividade da Justi\u00e7a. Ele atua em parceria com os demais \u00f3rg\u00e3os do Departamento de Pol\u00edcia Cient\u00edfica (Depoc).<\/p>\n<p>\u201c\u00c9 uma honra testemunhar o nascimento de uma estrutura moderna, equipada com equipamentos de ponta e preparada para atender \u00e0s demandas mais complexas, que muitas vezes norteiam a investiga\u00e7\u00e3o criminal definindo autoria e materialidade atrav\u00e9s de exames de identifica\u00e7\u00e3o gen\u00e9tica. A nova sede deste Instituto representa, al\u00e9m de um avan\u00e7o t\u00e9cnico, um compromisso \u00e9tico do DEPOC com a verdade\u201d, celebra a perita-criminal Adilana Soares, gestora do IDNA-PI.<\/p>\n<p>&nbsp;<\/p>\n<p>Fonte: Portal pi.Gov<br \/>\nConfira esta e outras mat\u00e9rias na \u00edntegra pelo link: https:\/\/www.pi.gov.br\/governo-inaugura-nova-sede-do-instituto-de-dna-forense-do-piaui-nesta-sexta-14\/<\/p>\n","protected":false},"excerpt":{"rendered":"<p>Representando um marco para a per\u00edcia criminal piauiense, o novo pr\u00e9dio conta com um investimento superior a R$ 4,1 milh\u00f5es. &nbsp; O governador Rafael Fonteles inaugura, nesta sexta-feira (14), o novo Instituto de DNA Forense do Piau\u00ed (IDNA-PI) \u2013 Perito Criminal Raimundo Jorge de Andrade J\u00fanior. A solenidade ser\u00e1 a partir das 7h, na unidade, [&hellip;]<\/p>\n","protected":false},"author":3,"featured_media":12678,"comment_status":"open","ping_status":"open","sticky":false,"template":"","format":"standard","meta":{"om_disable_all_campaigns":false,"_monsterinsights_skip_tracking":false,"_monsterinsights_sitenote_active":false,"_monsterinsights_sitenote_note":"","_monsterinsights_sitenote_category":0,"footnotes":""},"categories":[33],"tags":[],"class_list":["post-12677","post","type-post","status-publish","format-standard","has-post-thumbnail","hentry","category-piaui"],"jetpack_featured_media_url":"https:\/\/fatoelado.com\/wp-content\/uploads\/2025\/11\/nstituto-de-DNA-Forense-do-Piaui-1.jpeg","_links":{"self":[{"href":"https:\/\/fatoelado.com\/index.php?rest_route=\/wp\/v2\/posts\/12677","targetHints":{"allow":["GET"]}}],"collection":[{"href":"https:\/\/fatoelado.com\/index.php?rest_route=\/wp\/v2\/posts"}],"about":[{"href":"https:\/\/fatoelado.com\/index.php?rest_route=\/wp\/v2\/types\/post"}],"author":[{"embeddable":true,"href":"https:\/\/fatoelado.com\/index.php?rest_route=\/wp\/v2\/users\/3"}],"replies":[{"embeddable":true,"href":"https:\/\/fatoelado.com\/index.php?rest_route=%2Fwp%2Fv2%2Fcomments&post=12677"}],"version-history":[{"count":1,"href":"https:\/\/fatoelado.com\/index.php?rest_route=\/wp\/v2\/posts\/12677\/revisions"}],"predecessor-version":[{"id":12679,"href":"https:\/\/fatoelado.com\/index.php?rest_route=\/wp\/v2\/posts\/12677\/revisions\/12679"}],"wp:featuredmedia":[{"embeddable":true,"href":"https:\/\/fatoelado.com\/index.php?rest_route=\/wp\/v2\/media\/12678"}],"wp:attachment":[{"href":"https:\/\/fatoelado.com\/index.php?rest_route=%2Fwp%2Fv2%2Fmedia&parent=12677"}],"wp:term":[{"taxonomy":"category","embeddable":true,"href":"https:\/\/fatoelado.com\/index.php?rest_route=%2Fwp%2Fv2%2Fcategories&post=12677"},{"taxonomy":"post_tag","embeddable":true,"href":"https:\/\/fatoelado.com\/index.php?rest_route=%2Fwp%2Fv2%2Ftags&post=12677"}],"curies":[{"name":"wp","href":"https:\/\/api.w.org\/{rel}","templated":true}]}}