{"id":12671,"date":"2025-11-13T10:16:33","date_gmt":"2025-11-13T13:16:33","guid":{"rendered":"https:\/\/fatoelado.com\/?p=12671"},"modified":"2025-11-13T10:16:33","modified_gmt":"2025-11-13T13:16:33","slug":"porto-piaui-recebe-presidente-da-zpe-do-maranhao-e-apresenta-potenciais-da-planicie-litoranea","status":"publish","type":"post","link":"https:\/\/fatoelado.com\/?p=12671","title":{"rendered":"Porto Piau\u00ed recebe presidente da ZPE do Maranh\u00e3o e apresenta potenciais da Plan\u00edcie Litor\u00e2nea"},"content":{"rendered":"<h2 class=\"elementor-heading-title elementor-size-default\" style=\"text-align: center;\">Al\u00e9m do Porto de Lu\u00eds Correia, Rakel Murad foi \u00e0 ZPE de Parna\u00edba e conheceu de perto o cluster log\u00edstico da Plan\u00edcie Litor\u00e2nea do Piau\u00ed.<\/h2>\n<p>&nbsp;<\/p>\n<p>A presidente da Zona de Processamento de Exporta\u00e7\u00e3o (ZPE) do Maranh\u00e3o, Rakel Murad, fez uma visita \u00e0 Companhia Porto Piau\u00ed nessa quarta-feira (12), para conhecer as instala\u00e7\u00f5es e as oportunidades que se abrir\u00e3o com o porto em opera\u00e7\u00e3o.<\/p>\n<p>Localizada no munic\u00edpio de Bacabeira, a 61 km de S\u00e3o Lu\u00eds, a ZPE Maranh\u00e3o \u00e9 uma empresa de economia mista controlada pelo Governo do Estado, e com foco em setores como siderurgia, metalurgia, petroqu\u00edmica, tecnologia e agroind\u00fastria.<\/p>\n<p><img loading=\"lazy\" decoding=\"async\" class=\"alignnone wp-image-98641 size-full\" src=\"https:\/\/www.pi.gov.br\/wp-content\/uploads\/2025\/11\/WhatsApp-Image-2025-11-12-at-18.51.00.jpeg\" sizes=\"auto, (max-width: 1280px) 100vw, 1280px\" srcset=\"https:\/\/www.pi.gov.br\/wp-content\/uploads\/2025\/11\/WhatsApp-Image-2025-11-12-at-18.51.00.jpeg 1280w, https:\/\/www.pi.gov.br\/wp-content\/uploads\/2025\/11\/WhatsApp-Image-2025-11-12-at-18.51.00-300x225.jpeg 300w, https:\/\/www.pi.gov.br\/wp-content\/uploads\/2025\/11\/WhatsApp-Image-2025-11-12-at-18.51.00-1024x768.jpeg 1024w, https:\/\/www.pi.gov.br\/wp-content\/uploads\/2025\/11\/WhatsApp-Image-2025-11-12-at-18.51.00-768x576.jpeg 768w\" alt=\"\" width=\"1280\" height=\"960\" \/><\/p>\n<p>A presidente sua equipe foram recebidos pela diretor de Desenvolvimento de Neg\u00f3cios da Porto Piau\u00ed, Brunno Gon\u00e7alves, e pelo gerente de planejamento estrat\u00e9gico e desenvolvimento portu\u00e1rio, T\u00e9rcio M\u00e1ximo, que apresentaram os programas de opera\u00e7\u00e3o e todo o potencial do porto em atender todo o Nordeste.<\/p>\n<p>Al\u00e9m do Porto de Lu\u00eds Correia, a presidente foi tamb\u00e9m \u00e0 Zona de Processamento de Exporta\u00e7\u00e3o (ZPE) Piau\u00ed, em Parna\u00edba, e conheceu de perto o cluster log\u00edstico do Territ\u00f3rio Plan\u00edcie Litor\u00e2nea, e como a ZPE e o Porto se conectam.<\/p>\n<p><img loading=\"lazy\" decoding=\"async\" class=\"alignnone wp-image-98640 size-full\" src=\"https:\/\/www.pi.gov.br\/wp-content\/uploads\/2025\/11\/WhatsApp-Image-2025-11-12-at-18.51.02.jpeg\" sizes=\"auto, (max-width: 1280px) 100vw, 1280px\" srcset=\"https:\/\/www.pi.gov.br\/wp-content\/uploads\/2025\/11\/WhatsApp-Image-2025-11-12-at-18.51.02.jpeg 1280w, https:\/\/www.pi.gov.br\/wp-content\/uploads\/2025\/11\/WhatsApp-Image-2025-11-12-at-18.51.02-300x225.jpeg 300w, https:\/\/www.pi.gov.br\/wp-content\/uploads\/2025\/11\/WhatsApp-Image-2025-11-12-at-18.51.02-1024x768.jpeg 1024w, https:\/\/www.pi.gov.br\/wp-content\/uploads\/2025\/11\/WhatsApp-Image-2025-11-12-at-18.51.02-768x576.jpeg 768w\" alt=\"\" width=\"1280\" height=\"960\" \/><\/p>\n<p>Segundo Rakel Murad, a visita ao Porto Piau\u00ed trouxe surpresas e inspira\u00e7\u00f5es para Maranh\u00e3o, al\u00e9m da expectativa de parcerias futuras.<\/p>\n<p>\u201cFoi uma imensa honra, prazer e surpresa ao ver como o Porto est\u00e1 sendo constru\u00eddo de forma t\u00e3o c\u00e9lere, e trazendo resultados t\u00e3o consistentes. Conhecemos hoje um porto que vai ser muito importante n\u00e3o s\u00f3 para o Maranh\u00e3o e o Piau\u00ed, mas para todo o Nordeste do Brasil\u201d, comentou Rakel Murad.<\/p>\n<p>&nbsp;<\/p>\n<p>Fonte: Portal pi.Gov<br \/>\nConfira esta e outras mat\u00e9rias na \u00edntegra pelo link: https:\/\/www.pi.gov.br\/porto-piaui-recebe-presidente-da-zpe-do-maranhao-e-apresenta-potenciais-da-planicie-litoranea\/<\/p>\n","protected":false},"excerpt":{"rendered":"<p>Al\u00e9m do Porto de Lu\u00eds Correia, Rakel Murad foi \u00e0 ZPE de Parna\u00edba e conheceu de perto o cluster log\u00edstico da Plan\u00edcie Litor\u00e2nea do Piau\u00ed. &nbsp; A presidente da Zona de Processamento de Exporta\u00e7\u00e3o (ZPE) do Maranh\u00e3o, Rakel Murad, fez uma visita \u00e0 Companhia Porto Piau\u00ed nessa quarta-feira (12), para conhecer as instala\u00e7\u00f5es e as [&hellip;]<\/p>\n","protected":false},"author":3,"featured_media":12672,"comment_status":"open","ping_status":"open","sticky":false,"template":"","format":"standard","meta":{"om_disable_all_campaigns":false,"_monsterinsights_skip_tracking":false,"_monsterinsights_sitenote_active":false,"_monsterinsights_sitenote_note":"","_monsterinsights_sitenote_category":0,"footnotes":""},"categories":[33],"tags":[],"class_list":["post-12671","post","type-post","status-publish","format-standard","has-post-thumbnail","hentry","category-piaui"],"jetpack_featured_media_url":"https:\/\/fatoelado.com\/wp-content\/uploads\/2025\/11\/WhatsApp-Image-2025-11-12-at-18.51.02.jpeg","_links":{"self":[{"href":"https:\/\/fatoelado.com\/index.php?rest_route=\/wp\/v2\/posts\/12671","targetHints":{"allow":["GET"]}}],"collection":[{"href":"https:\/\/fatoelado.com\/index.php?rest_route=\/wp\/v2\/posts"}],"about":[{"href":"https:\/\/fatoelado.com\/index.php?rest_route=\/wp\/v2\/types\/post"}],"author":[{"embeddable":true,"href":"https:\/\/fatoelado.com\/index.php?rest_route=\/wp\/v2\/users\/3"}],"replies":[{"embeddable":true,"href":"https:\/\/fatoelado.com\/index.php?rest_route=%2Fwp%2Fv2%2Fcomments&post=12671"}],"version-history":[{"count":1,"href":"https:\/\/fatoelado.com\/index.php?rest_route=\/wp\/v2\/posts\/12671\/revisions"}],"predecessor-version":[{"id":12673,"href":"https:\/\/fatoelado.com\/index.php?rest_route=\/wp\/v2\/posts\/12671\/revisions\/12673"}],"wp:featuredmedia":[{"embeddable":true,"href":"https:\/\/fatoelado.com\/index.php?rest_route=\/wp\/v2\/media\/12672"}],"wp:attachment":[{"href":"https:\/\/fatoelado.com\/index.php?rest_route=%2Fwp%2Fv2%2Fmedia&parent=12671"}],"wp:term":[{"taxonomy":"category","embeddable":true,"href":"https:\/\/fatoelado.com\/index.php?rest_route=%2Fwp%2Fv2%2Fcategories&post=12671"},{"taxonomy":"post_tag","embeddable":true,"href":"https:\/\/fatoelado.com\/index.php?rest_route=%2Fwp%2Fv2%2Ftags&post=12671"}],"curies":[{"name":"wp","href":"https:\/\/api.w.org\/{rel}","templated":true}]}}