{"id":12665,"date":"2025-11-13T10:11:57","date_gmt":"2025-11-13T13:11:57","guid":{"rendered":"https:\/\/fatoelado.com\/?p=12665"},"modified":"2025-11-13T10:11:57","modified_gmt":"2025-11-13T13:11:57","slug":"americas-perdem-status-de-regiao-livre-do-sarampo-doenca-e-altamente-transmissivel-e-pode-matar","status":"publish","type":"post","link":"https:\/\/fatoelado.com\/?p=12665","title":{"rendered":"Am\u00e9ricas perdem status de regi\u00e3o livre do sarampo; doen\u00e7a \u00e9 altamente transmiss\u00edvel e pode matar"},"content":{"rendered":"<h2 class=\"content-head__subtitle\" style=\"text-align: center;\">OPAS confirmou a volta da transmiss\u00e3o end\u00eamica no Canad\u00e1 e alertou que a baixa cobertura vacinal pode reacender surtos. Brasil registrou 34 casos em 2025 \u2014 a maioria em Tocantins.<\/h2>\n<p>&nbsp;<\/p>\n<div id=\"chunk-2vp7d\">\n<div class=\"mc-column content-text active-extra-styles \" data-block-type=\"unstyled\" data-block-weight=\"44\" data-block-id=\"3\">\n<p class=\" content-text__container \" data-track-category=\"Link no Texto\" data-track-links=\"\" data-mrf-recirculation=\"Mat\u00e9ria - Links no Texto\">O sarampo voltou a preocupar as autoridades sanit\u00e1rias das Am\u00e9ricas. A Organiza\u00e7\u00e3o Pan-Americana da Sa\u00fade (OPAS) anunciou, nesta semana, que\u00a0<strong>a regi\u00e3o perdeu o status de \u00e1rea livre de transmiss\u00e3o end\u00eamica<\/strong>, ap\u00f3s o Canad\u00e1 registrar circula\u00e7\u00e3o cont\u00ednua do v\u00edrus por mais de 12 meses.<\/p>\n<\/div>\n<\/div>\n<div class=\"wall protected-content\">\n<div id=\"chunk-f3q9o\">\n<div class=\"mc-column content-text active-extra-styles \" data-block-type=\"unstyled\" data-block-weight=\"38\" data-block-id=\"5\">\n<p class=\" content-text__container \" data-track-category=\"Link no Texto\" data-track-links=\"\" data-mrf-recirculation=\"Mat\u00e9ria - Links no Texto\">O Brasil, segundo o Minist\u00e9rio da Sa\u00fade, mant\u00e9m a certifica\u00e7\u00e3o de elimina\u00e7\u00e3o, obtida novamente em 2024. Mas o\u00a0<strong>pa\u00eds voltou a registrar surtos localizados em 2025<\/strong>, com 34 casos confirmados at\u00e9 setembro, a maioria no estado do Tocantins.<\/p>\n<\/div>\n<\/div>\n<div id=\"chunk-987c6\">\n<div class=\"mc-column content-text active-extra-styles\" data-block-type=\"raw\" data-block-weight=\"35\" data-block-id=\"6\">\n<blockquote class=\"content-blockquote theme-border-color-primary-before\"><p>\u201c\u00c9 um grande retrocesso para as Am\u00e9ricas e um alerta para o Brasil. Mostra que todo o esfor\u00e7o para eliminar o sarampo precisa ser renovado\u201d, afirma Isabella Ballalai, diretora da Sociedade Brasileira de Imuniza\u00e7\u00f5es (SBIm).<\/p><\/blockquote>\n<\/div>\n<\/div>\n<div id=\"chunk-1buqk\">\n<div class=\"mc-column content-text active-extra-styles \" data-block-type=\"unstyled\" data-block-weight=\"20\" data-block-id=\"8\">\n<p class=\" content-text__container \" data-track-category=\"Link no Texto\" data-track-links=\"\" data-mrf-recirculation=\"Mat\u00e9ria - Links no Texto\">Embora o v\u00edrus ainda n\u00e3o tenha retomado circula\u00e7\u00e3o sustentada no Brasil, a desinforma\u00e7\u00e3o e a queda vacinal continuam abrindo brechas.<\/p>\n<\/div>\n<\/div>\n<div id=\"chunk-9vone\">\n<div class=\"mc-column content-text active-extra-styles \" data-block-type=\"unstyled\" data-block-weight=\"29\" data-block-id=\"9\">\n<p class=\" content-text__container \" data-track-category=\"Link no Texto\" data-track-links=\"\" data-mrf-recirculation=\"Mat\u00e9ria - Links no Texto\">Um\u00a0levantamento\u00a0da Funda\u00e7\u00e3o Getulio Vargas (FGV), publicado pelo\u00a0<strong>g1<\/strong>\u00a0em outubro, mostrou que o pa\u00eds concentra\u00a0<strong>40% de toda a desinforma\u00e7\u00e3o antivacina da Am\u00e9rica Latina e Caribe<\/strong>.<\/p>\n<\/div>\n<\/div>\n<div id=\"chunk-41g3r\">\n<div class=\"mc-column content-text active-extra-styles \" data-block-type=\"unstyled\" data-block-weight=\"31\" data-block-id=\"10\">\n<p class=\" content-text__container \" data-track-category=\"Link no Texto\" data-track-links=\"\" data-mrf-recirculation=\"Mat\u00e9ria - Links no Texto\">A pesquisa mapeou 1,47 milh\u00e3o de mensagens falsas publicadas entre 2019 e 2025 em 1.785 comunidades do Telegram,\u00a0<span class=\"highlight highlighted\">com alega\u00e7\u00f5es que v\u00e3o de \u201cdanos neurol\u00f3gicos\u201d a supostos \u201cant\u00eddotos naturais\u201d contra vacinas.<\/span><\/p>\n<\/div>\n<\/div>\n<div id=\"chunk-6aded\">\n<div class=\"row medium-uncollapsed content-media content-photo\" data-block-type=\"backstage-photo\" data-block-id=\"11\">\n<div class=\" mc-column  content-media__container\">\n<div class=\"content-media-container glb-skeleton-box\">\n<figure class=\"content-media-figure\"><img decoding=\"async\" class=\"i-amphtml-fill-content i-amphtml-replaced-content\" src=\"https:\/\/s2-g1.glbimg.com\/BwDoIqB-RvwJWdq9U02bSAOLbis=\/0x0:2048x1367\/984x0\/smart\/filters:strip_icc()\/i.s3.glbimg.com\/v1\/AUTH_59edd422c0c84a879bd37670ae4f538a\/internal_photos\/bs\/2025\/D\/M\/dHMsUSTICZq3EYXRC1jw\/vacinacao-contra-o-sarampo-semuc-4-.jpg\" sizes=\"(max-width: 1280px) 648px, 100vw\" srcset=\"https:\/\/s2-g1.glbimg.com\/k0sXPYBRDtAOoQf7jx17GCay6VM=\/0x0:2048x1367\/1000x0\/smart\/filters:strip_icc()\/i.s3.glbimg.com\/v1\/AUTH_59edd422c0c84a879bd37670ae4f538a\/internal_photos\/bs\/2025\/D\/M\/dHMsUSTICZq3EYXRC1jw\/vacinacao-contra-o-sarampo-semuc-4-.jpg 1000w, https:\/\/s2-g1.glbimg.com\/BwDoIqB-RvwJWdq9U02bSAOLbis=\/0x0:2048x1367\/984x0\/smart\/filters:strip_icc()\/i.s3.glbimg.com\/v1\/AUTH_59edd422c0c84a879bd37670ae4f538a\/internal_photos\/bs\/2025\/D\/M\/dHMsUSTICZq3EYXRC1jw\/vacinacao-contra-o-sarampo-semuc-4-.jpg 984w, https:\/\/s2-g1.glbimg.com\/lLQu0DKybR2pTdiLI2z4l90Lp0A=\/0x0:2048x1367\/640x0\/smart\/filters:strip_icc()\/i.s3.glbimg.com\/v1\/AUTH_59edd422c0c84a879bd37670ae4f538a\/internal_photos\/bs\/2025\/D\/M\/dHMsUSTICZq3EYXRC1jw\/vacinacao-contra-o-sarampo-semuc-4-.jpg 640w, https:\/\/s2-g1.glbimg.com\/NTTHIW3TFTIAAh6RSOW8Z3FPeOs=\/0x0:2048x1367\/600x0\/smart\/filters:strip_icc()\/i.s3.glbimg.com\/v1\/AUTH_59edd422c0c84a879bd37670ae4f538a\/internal_photos\/bs\/2025\/D\/M\/dHMsUSTICZq3EYXRC1jw\/vacinacao-contra-o-sarampo-semuc-4-.jpg 600w\" alt=\"Vacina tr\u00edplice viral imuniza contra rub\u00e9ola, sarampo e caxumba \u2014 Foto: PMBV\/Divulga\u00e7\u00e3o\" \/>Vacina tr\u00edplice viral imuniza contra rub\u00e9ola, sarampo e caxumba \u2014 Foto: PMBV\/Divulga\u00e7\u00e3o<\/figure>\n<\/div>\n<p>&nbsp;<\/p>\n<\/div>\n<\/div>\n<\/div>\n<div id=\"chunk-v7c7\">\n<div class=\"mc-column content-text active-extra-styles\" data-block-type=\"raw\" data-block-weight=\"5\" data-block-id=\"12\">\n<div class=\"content-intertitle\">\n<h2>Casos recentes e surtos pontuais<\/h2>\n<\/div>\n<\/div>\n<\/div>\n<div id=\"chunk-39lvk\">\n<div class=\"mc-column content-text active-extra-styles \" data-block-type=\"unstyled\" data-block-weight=\"59\" data-block-id=\"13\">\n<p class=\" content-text__container \" data-track-category=\"Link no Texto\" data-track-links=\"\" data-mrf-recirculation=\"Mat\u00e9ria - Links no Texto\">De acordo com o Painel Epidemiol\u00f3gico do Minist\u00e9rio da Sa\u00fade,\u00a0<strong>o pa\u00eds confirmou 34 casos de sarampo entre janeiro e setembro de 2025<\/strong>, distribu\u00eddos em sete unidades da federa\u00e7\u00e3o: Tocantins (25), Mato Grosso (3), Rio de Janeiro (2), Maranh\u00e3o (1), S\u00e3o Paulo (1), Distrito Federal (1) e Rio Grande do Sul (1). Desde ent\u00e3o, novos casos j\u00e1 foram registrados.<\/p>\n<\/div>\n<\/div>\n<div id=\"chunk-bb9jt\">\n<div class=\"mc-column content-text active-extra-styles \" data-block-type=\"unstyled\" data-block-weight=\"33\" data-block-id=\"15\">\n<p class=\" content-text__container \" data-track-category=\"Link no Texto\" data-track-links=\"\" data-mrf-recirculation=\"Mat\u00e9ria - Links no Texto\">O surto mais expressivo ocorreu em Campos Lindos (TO),\u00a0<strong>ap\u00f3s quatro brasileiros voltarem da Bol\u00edvia infectados<\/strong>.\u00a0<span class=\"highlight highlighted\">O epis\u00f3dio resultou em 25 infec\u00e7\u00f5es, sendo 22 dentro da pr\u00f3pria comunidade e tr\u00eas na popula\u00e7\u00e3o geral<\/span>.<\/p>\n<\/div>\n<\/div>\n<div id=\"chunk-435j5\">\n<div class=\"mc-column content-text active-extra-styles \" data-block-type=\"unstyled\" data-block-weight=\"23\" data-block-id=\"16\">\n<p class=\" content-text__container \" data-track-category=\"Link no Texto\" data-track-links=\"\" data-mrf-recirculation=\"Mat\u00e9ria - Links no Texto\">No Rio de Janeiro,\u00a0<strong>dois beb\u00eas menores de um ano, sem hist\u00f3rico vacinal, tamb\u00e9m foram diagnosticados<\/strong> \u2014 ambos sem origem conhecida da infec\u00e7\u00e3o.<\/p>\n<\/div>\n<\/div>\n<div id=\"chunk-e1pvk\">\n<div class=\"mc-column content-text active-extra-styles\" data-block-type=\"raw\" data-block-weight=\"27\" data-block-id=\"17\">\n<blockquote class=\"content-blockquote theme-border-color-primary-before\"><p>\u201cCasos espor\u00e1dicos como esses n\u00e3o significam retorno da transmiss\u00e3o end\u00eamica, mas indicam que o v\u00edrus ainda encontra brechas entre os n\u00e3o vacinados\u201d, informa o Minist\u00e9rio da Sa\u00fade.<\/p><\/blockquote>\n<\/div>\n<\/div>\n<div id=\"chunk-429af\">\n<div class=\"mc-column content-text active-extra-styles\" data-block-type=\"raw\" data-block-weight=\"7\" data-block-id=\"18\">\n<p class=\"content-text__container\" data-mrf-recirculation=\"Mat\u00e9ria - Links no Texto\">\n<div class=\"content-intertitle\">\n<h2>Uma das doen\u00e7as mais contagiosas do mundo<\/h2>\n<\/div>\n<\/div>\n<\/div>\n<div id=\"chunk-fotks\">\n<div class=\"mc-column content-text active-extra-styles \" data-block-type=\"unstyled\" data-block-weight=\"9\" data-block-id=\"19\">\n<p class=\" content-text__container \" data-track-category=\"Link no Texto\" data-track-links=\"\" data-mrf-recirculation=\"Mat\u00e9ria - Links no Texto\">O sarampo \u00e9\u00a0<strong>uma das infec\u00e7\u00f5es mais contagiosas conhecidas.<\/strong><\/p>\n<\/div>\n<\/div>\n<div id=\"chunk-8d78s\">\n<div class=\"mc-column content-text active-extra-styles \" data-block-type=\"unstyled\" data-block-weight=\"29\" data-block-id=\"20\">\n<p class=\" content-text__container \" data-track-category=\"Link no Texto\" data-track-links=\"\" data-mrf-recirculation=\"Mat\u00e9ria - Links no Texto\">Transmitido por via respirat\u00f3ria, o v\u00edrus pode permanecer suspenso no ar por at\u00e9 duas horas, o que facilita a dissemina\u00e7\u00e3o mesmo em ambientes fechados ap\u00f3s a sa\u00edda do infectado.<\/p>\n<\/div>\n<\/div>\n<div id=\"chunk-7pdiu\">\n<div class=\"mc-column content-text active-extra-styles\" data-block-type=\"raw\" data-block-weight=\"53\" data-block-id=\"21\">\n<blockquote class=\"content-blockquote theme-border-color-primary-before\"><p>\u201cO v\u00edrus do sarampo fica em suspens\u00e3o no ar \u2013\u00e9 um aerosol. Se dez pessoas entram em contato com algu\u00e9m infectado e n\u00e3o est\u00e3o vacinadas, nove v\u00e3o se contaminar. O sarampo n\u00e3o poupa suscet\u00edveis\u201d, explica Renato Kfouri, vice-presidente da SBIm e presidente da C\u00e2mara T\u00e9cnica de Elimina\u00e7\u00e3o do Sarampo do Minist\u00e9rio da Sa\u00fade.<\/p><\/blockquote>\n<\/div>\n<\/div>\n<div id=\"chunk-9fqsq\">\n<div class=\"mc-column content-text active-extra-styles \" data-block-type=\"unstyled\" data-block-weight=\"35\" data-block-id=\"22\">\n<p class=\" content-text__container \" data-track-category=\"Link no Texto\" data-track-links=\"\" data-mrf-recirculation=\"Mat\u00e9ria - Links no Texto\">Os sintomas incluem febre alta, manchas avermelhadas da cabe\u00e7a aos p\u00e9s, irrita\u00e7\u00e3o nos olhos e conjuntivite. Em casos graves, a doen\u00e7a pode evoluir para\u00a0<span class=\"highlight highlighted\">pneumonia, encefalite e at\u00e9 cegueira.<\/span>\u00a0<strong>Em crian\u00e7as, pode levar \u00e0 morte.<\/strong><\/p>\n<\/div>\n<\/div>\n<div id=\"chunk-79o2j\">\n<div class=\"mc-column content-text active-extra-styles\" data-block-type=\"raw\" data-block-weight=\"32\" data-block-id=\"24\">\n<blockquote class=\"content-blockquote theme-border-color-primary-before\"><p>\u201cMesmo depois da cura, h\u00e1 um efeito imunol\u00f3gico que deixa o organismo mais vulner\u00e1vel a outras infec\u00e7\u00f5es. Por isso o sarampo \u00e9 t\u00e3o perigoso, especialmente para crian\u00e7as pequenas e desnutridas\u201d, diz Kfouri.<\/p><\/blockquote>\n<\/div>\n<\/div>\n<div id=\"chunk-39fmc\">\n<div class=\"row medium-uncollapsed content-media content-photo\" data-block-type=\"backstage-photo\" data-block-id=\"25\">\n<div class=\" mc-column  content-media__container\">\n<div class=\"content-media-container glb-skeleton-box\">\n<figure class=\"content-media-figure\"><img decoding=\"async\" class=\"i-amphtml-fill-content i-amphtml-replaced-content\" src=\"https:\/\/s2-g1.glbimg.com\/iDBdN_uC0YrSq0z8g_9byfnPk8Q=\/0x0:6240x4160\/984x0\/smart\/filters:strip_icc()\/i.s3.glbimg.com\/v1\/AUTH_59edd422c0c84a879bd37670ae4f538a\/internal_photos\/bs\/2025\/5\/8\/B47xp1RAG5NXB0BlhaoQ\/adobestock-810865328-1-.jpeg\" sizes=\"(max-width: 1280px) 648px, 100vw\" srcset=\"https:\/\/s2-g1.glbimg.com\/QFDlicB7Ra9EV-hTLP4vT11ChNc=\/0x0:6240x4160\/1000x0\/smart\/filters:strip_icc()\/i.s3.glbimg.com\/v1\/AUTH_59edd422c0c84a879bd37670ae4f538a\/internal_photos\/bs\/2025\/5\/8\/B47xp1RAG5NXB0BlhaoQ\/adobestock-810865328-1-.jpeg 1000w, https:\/\/s2-g1.glbimg.com\/iDBdN_uC0YrSq0z8g_9byfnPk8Q=\/0x0:6240x4160\/984x0\/smart\/filters:strip_icc()\/i.s3.glbimg.com\/v1\/AUTH_59edd422c0c84a879bd37670ae4f538a\/internal_photos\/bs\/2025\/5\/8\/B47xp1RAG5NXB0BlhaoQ\/adobestock-810865328-1-.jpeg 984w, https:\/\/s2-g1.glbimg.com\/Huk902sDljpUiTMta4LeBEWaWAU=\/0x0:6240x4160\/640x0\/smart\/filters:strip_icc()\/i.s3.glbimg.com\/v1\/AUTH_59edd422c0c84a879bd37670ae4f538a\/internal_photos\/bs\/2025\/5\/8\/B47xp1RAG5NXB0BlhaoQ\/adobestock-810865328-1-.jpeg 640w, https:\/\/s2-g1.glbimg.com\/vFiIZ3sYmogeKDrIJ3gBQjyyVg8=\/0x0:6240x4160\/600x0\/smart\/filters:strip_icc()\/i.s3.glbimg.com\/v1\/AUTH_59edd422c0c84a879bd37670ae4f538a\/internal_photos\/bs\/2025\/5\/8\/B47xp1RAG5NXB0BlhaoQ\/adobestock-810865328-1-.jpeg 600w\" alt=\"Surto de sarampo na Bol\u00edvia preocupa o Brasil. Manchas no corpo est\u00e3o entre os sintomas da doen\u00e7a. \u2014 Foto: Adobe Stock\" \/>Surto de sarampo na Bol\u00edvia preocupa o Brasil. Manchas no corpo est\u00e3o entre os sintomas da doen\u00e7a. \u2014 Foto: Adobe Stock<\/figure>\n<\/div>\n<\/div>\n<\/div>\n<\/div>\n<div id=\"chunk-8j75a\">\n<div class=\"mc-column content-text active-extra-styles\" data-block-type=\"raw\" data-block-weight=\"8\" data-block-id=\"26\">\n<p class=\"content-text__container\" data-mrf-recirculation=\"Mat\u00e9ria - Links no Texto\">\n<div class=\"content-intertitle\">\n<h2>Cobertura vacinal em queda \u00e9 o principal fator<\/h2>\n<\/div>\n<\/div>\n<\/div>\n<div id=\"chunk-4049v\">\n<div class=\"mc-column content-text active-extra-styles \" data-block-type=\"unstyled\" data-block-weight=\"36\" data-block-id=\"27\">\n<p class=\" content-text__container \" data-track-category=\"Link no Texto\" data-track-links=\"\" data-mrf-recirculation=\"Mat\u00e9ria - Links no Texto\">Segundo a Organiza\u00e7\u00e3o Pan-Americana da Sa\u00fade (OPAS), a cobertura m\u00e9dia da segunda dose da vacina tr\u00edplice viral (sarampo, caxumba e rub\u00e9ola) nas Am\u00e9ricas<strong>\u00a0foi de 79% em 2024<\/strong>,\u00a0<span class=\"highlight highlighted\">bem abaixo dos 95% recomendados para impedir surtos.<\/span><\/p>\n<\/div>\n<\/div>\n<div id=\"chunk-6v4ka\">\n<div class=\"mc-column content-text active-extra-styles \" data-block-type=\"unstyled\" data-block-weight=\"12\" data-block-id=\"28\">\n<p class=\" content-text__container \" data-track-category=\"Link no Texto\" data-track-links=\"\" data-mrf-recirculation=\"Mat\u00e9ria - Links no Texto\">No Brasil, a queda hist\u00f3rica das coberturas evidencia a fragilidade da imuniza\u00e7\u00e3o.<\/p>\n<\/div>\n<\/div>\n<div id=\"chunk-btn6m\">\n<div class=\"mc-column content-text active-extra-styles \" data-block-type=\"unstyled\" data-block-weight=\"30\" data-block-id=\"29\">\n<p class=\" content-text__container \" data-track-category=\"Link no Texto\" data-track-links=\"\" data-mrf-recirculation=\"Mat\u00e9ria - Links no Texto\">Dados do Minist\u00e9rio da Sa\u00fade mostram que a\u00a0<strong>primeira dose (D1) da tr\u00edplice viral caiu de 96,0% em 2015 para 80,7% em 2022<\/strong>\u00a0&#8212;<span class=\"highlight highlighted\">o menor \u00edndice em quase uma d\u00e9cada.<\/span><\/p>\n<\/div>\n<\/div>\n<div id=\"chunk-efafn\">\n<div class=\"mc-column content-text active-extra-styles \" data-block-type=\"unstyled\" data-block-weight=\"15\" data-block-id=\"31\">\n<p class=\" content-text__container \" data-track-category=\"Link no Texto\" data-track-links=\"\" data-mrf-recirculation=\"Mat\u00e9ria - Links no Texto\"><strong>Desde ent\u00e3o, houve recupera\u00e7\u00e3o parcial<\/strong>: 90,5% em 2023, 95,8% em 2024 e 91,5% em 2025.<\/p>\n<\/div>\n<\/div>\n<div id=\"chunk-7rcrj\">\n<div class=\"mc-column content-text active-extra-styles \" data-block-type=\"unstyled\" data-block-weight=\"38\" data-block-id=\"32\">\n<p class=\" content-text__container \" data-track-category=\"Link no Texto\" data-track-links=\"\" data-mrf-recirculation=\"Mat\u00e9ria - Links no Texto\">J\u00e1 a segunda dose (D2), que \u00e9 essencial para consolidar a prote\u00e7\u00e3o, manteve trajet\u00f3ria mais preocupante:\u00a0<strong>79,9% em 2015, despencando para 57,6% em 2022, e subindo apenas para 68,5% em 2023, 80,4% em 2024 e 75,5% em 2025<\/strong>.<\/p>\n<\/div>\n<\/div>\n<div id=\"chunk-f9fvf\">\n<div class=\"row medium-uncollapsed content-text\" data-block-type=\"table-plugin\" data-block-id=\"33\">\n<div class=\"column medium-centered medium-22 large-20\">\n<div class=\"show-table content-media content-media--normal\">\n<p class=\"mc-column show-table__title\">Cobertura vacinal de tr\u00edplice viral no Brasil<\/p>\n<div class=\"show-table__centralized\">\n<div class=\"show-table__container\">\n<table class=\"show-table__content\n show-table__content--highlight-top        \"><\/p>\n<tbody>\n<tr>\n<td>Ano<\/td>\n<td>Tr\u00edplice Viral (dose 1)<\/td>\n<td>Tr\u00edplice Viral (dose 2)<\/td>\n<\/tr>\n<tr>\n<td>2015<\/td>\n<td>96,07%<\/td>\n<td>79,94%<\/td>\n<\/tr>\n<tr>\n<td>2016<\/td>\n<td>95,41%<\/td>\n<td>76,71%<\/td>\n<\/tr>\n<tr>\n<td>2017<\/td>\n<td>86,24%<\/td>\n<td>72,94%<\/td>\n<\/tr>\n<tr>\n<td>2018<\/td>\n<td>92,61%<\/td>\n<td>76,89%<\/td>\n<\/tr>\n<tr>\n<td>2019<\/td>\n<td>93,12%<\/td>\n<td>81,55%<\/td>\n<\/tr>\n<tr>\n<td>2020<\/td>\n<td>80,88%<\/td>\n<td>64,27%<\/td>\n<\/tr>\n<tr>\n<td>2021<\/td>\n<td>74,94%<\/td>\n<td>53,20%<\/td>\n<\/tr>\n<tr>\n<td>2022<\/td>\n<td>80,70%<\/td>\n<td>57,64%<\/td>\n<\/tr>\n<tr>\n<td>2023<\/td>\n<td>90,54%<\/td>\n<td>68,51%<\/td>\n<\/tr>\n<tr>\n<td>2024<\/td>\n<td>95,80%<\/td>\n<td>80,42%<\/td>\n<\/tr>\n<tr>\n<td>2025 (at\u00e9 1\u00ba de set)<\/td>\n<td>91,53%<\/td>\n<td>75,55%<\/td>\n<\/tr>\n<\/tbody>\n<\/table>\n<\/div>\n<div class=\"show-table__footer\">\n<div class=\"show-table__source\">Fonte: DataSUS\/Minist\u00e9rio da sa\u00fade<\/div>\n<\/div>\n<\/div>\n<\/div>\n<\/div>\n<\/div>\n<\/div>\n<div id=\"chunk-6iqt5\">\n<div class=\"mc-column content-text active-extra-styles\" data-block-type=\"raw\" data-block-weight=\"41\" data-block-id=\"34\">\n<blockquote class=\"content-blockquote theme-border-color-primary-before\"><p>\u201cA queda da cobertura vacinal \u00e9 o principal fator. N\u00e3o h\u00e1 outro motivo para o retorno do sarampo. Quando a imuniza\u00e7\u00e3o cai, os suscet\u00edveis se acumulam, e o v\u00edrus encontra espa\u00e7o\u201d, alerta Isabella Ballalai, diretora da Sociedade Brasileira de Imuniza\u00e7\u00f5es (SBIm).<\/p><\/blockquote>\n<\/div>\n<\/div>\n<div id=\"chunk-4och2\">\n<div class=\"mc-column content-text active-extra-styles \" data-block-type=\"unstyled\" data-block-weight=\"11\" data-block-id=\"35\">\n<p class=\" content-text__container \" data-track-category=\"Link no Texto\" data-track-links=\"\" data-mrf-recirculation=\"Mat\u00e9ria - Links no Texto\">A recupera\u00e7\u00e3o recente ainda \u00e9 considerada insuficiente para garantir imunidade populacional.<\/p>\n<\/div>\n<\/div>\n<div id=\"chunk-5r2p1\">\n<div class=\"mc-column content-text active-extra-styles\" data-block-type=\"raw\" data-block-weight=\"47\" data-block-id=\"37\">\n<blockquote class=\"content-blockquote theme-border-color-primary-before\"><p>\u201cO desafio agora \u00e9 manter dois pilares: vigil\u00e2ncia e vacina\u00e7\u00e3o. O Brasil tem feito bloqueios eficientes, mas precisa elevar a segunda dose. \u00c9 o que garante prote\u00e7\u00e3o duradoura\u201d, refor\u00e7a Renato Kfouri, vice-presidente da SBIm e presidente da C\u00e2mara T\u00e9cnica de Elimina\u00e7\u00e3o do Sarampo do Minist\u00e9rio da Sa\u00fade.<\/p><\/blockquote>\n<p>&nbsp;<\/p>\n<\/div>\n<\/div>\n<div id=\"chunk-2enie\">\n<div class=\"mc-column content-text active-extra-styles\" data-block-type=\"raw\" data-block-weight=\"4\" data-block-id=\"38\">\n<div class=\"content-intertitle\">\n<h2>Desinforma\u00e7\u00e3o e cansa\u00e7o p\u00f3s-pandemia<\/h2>\n<\/div>\n<\/div>\n<\/div>\n<div id=\"chunk-3vq4p\">\n<div class=\"mc-column content-text active-extra-styles \" data-block-type=\"unstyled\" data-block-weight=\"16\" data-block-id=\"39\">\n<p class=\" content-text__container \" data-track-category=\"Link no Texto\" data-track-links=\"\" data-mrf-recirculation=\"Mat\u00e9ria - Links no Texto\">Para os imunologistas, a hesita\u00e7\u00e3o vacinal tem v\u00e1rias causas \u2013e a desinforma\u00e7\u00e3o digital apenas uma delas.<\/p>\n<\/div>\n<\/div>\n<div id=\"chunk-59rkq\">\n<div class=\"mc-column content-text active-extra-styles \" data-block-type=\"unstyled\" data-block-weight=\"26\" data-block-id=\"40\">\n<p class=\" content-text__container \" data-track-category=\"Link no Texto\" data-track-links=\"\" data-mrf-recirculation=\"Mat\u00e9ria - Links no Texto\">\u201cA vida corrida e a falsa sensa\u00e7\u00e3o de seguran\u00e7a fazem com que fam\u00edlias posterguem doses. A desinforma\u00e7\u00e3o entra nesse cen\u00e1rio e amplifica o medo\u201d, diz Ballalai.<\/p>\n<\/div>\n<\/div>\n<div id=\"chunk-4fdnm\">\n<div class=\"mc-column content-text active-extra-styles \" data-block-type=\"unstyled\" data-block-weight=\"30\" data-block-id=\"41\">\n<p class=\" content-text__container \" data-track-category=\"Link no Texto\" data-track-links=\"\" data-mrf-recirculation=\"Mat\u00e9ria - Links no Texto\">O estudo da FGV mostrou que\u00a0<strong>o Brasil \u00e9 o epicentro da desinforma\u00e7\u00e3o antivacina na Am\u00e9rica Latina<\/strong>, com redes organizadas que espalham boatos sobre infertilidade, autismo e teorias de conspira\u00e7\u00e3o.<\/p>\n<\/div>\n<\/div>\n<div id=\"chunk-ms8a\">\n<div class=\"mc-column content-text active-extra-styles\" data-block-type=\"raw\" data-block-weight=\"32\" data-block-id=\"42\">\n<blockquote class=\"content-blockquote theme-border-color-primary-before\"><p>\u201cA pandemia piorou a percep\u00e7\u00e3o de risco. As vacinas ca\u00edram no esquecimento e viraram alvo f\u00e1cil. Quando a popula\u00e7\u00e3o deixa de ver a doen\u00e7a, acha que ela n\u00e3o existe mais\u201d, avalia Kfouri.<\/p><\/blockquote>\n<p>&nbsp;<\/p>\n<\/div>\n<\/div>\n<div id=\"chunk-119gm\">\n<div class=\"mc-column content-text active-extra-styles\" data-block-type=\"raw\" data-block-weight=\"6\" data-block-id=\"43\">\n<div class=\"content-intertitle\">\n<h2>Como funciona a certifica\u00e7\u00e3o de elimina\u00e7\u00e3o<\/h2>\n<\/div>\n<\/div>\n<\/div>\n<div id=\"chunk-f8oj9\">\n<div class=\"mc-column content-text active-extra-styles \" data-block-type=\"unstyled\" data-block-weight=\"36\" data-block-id=\"44\">\n<p class=\" content-text__container \" data-track-category=\"Link no Texto\" data-track-links=\"\" data-mrf-recirculation=\"Mat\u00e9ria - Links no Texto\">O pa\u00eds s\u00f3 recebe a certifica\u00e7\u00e3o de elimina\u00e7\u00e3o do sarampo quando\u00a0<strong>documenta um ano inteiro sem transmiss\u00e3o local<\/strong>, mas, segundo Kfouri, n\u00e3o basta dizer que n\u00e3o h\u00e1 casos:\u00a0<span class=\"highlight highlighted\">\u00e9 preciso provar que est\u00e1 procurando e testando.<\/span><\/p>\n<\/div>\n<\/div>\n<div id=\"chunk-ffibq\">\n<div class=\"mc-column content-text active-extra-styles \" data-block-type=\"unstyled\" data-block-weight=\"38\" data-block-id=\"45\">\n<p class=\" content-text__container \" data-track-category=\"Link no Texto\" data-track-links=\"\" data-mrf-recirculation=\"Mat\u00e9ria - Links no Texto\">\u201cExistem crit\u00e9rios t\u00e9cnicos claros: vigil\u00e2ncia cl\u00ednica, laboratorial e de fronteira. \u00c9 preciso mostrar que voc\u00ea investigou casos suspeitos, coletou amostras no prazo certo, fez a segunda amostra confirmat\u00f3ria e atingiu os indicadores m\u00ednimos de vigil\u00e2ncia\u201d, explica o imunologista.<\/p>\n<\/div>\n<\/div>\n<div id=\"chunk-5mndm\">\n<div class=\"mc-column content-text active-extra-styles \" data-block-type=\"unstyled\" data-block-weight=\"17\" data-block-id=\"47\">\n<p class=\" content-text__container \" data-track-category=\"Link no Texto\" data-track-links=\"\" data-mrf-recirculation=\"Mat\u00e9ria - Links no Texto\">Essas evid\u00eancias s\u00e3o avaliadas por c\u00e2maras t\u00e9cnicas e comit\u00eas internacionais antes de a OPAS confirmar a certifica\u00e7\u00e3o.<\/p>\n<\/div>\n<\/div>\n<div id=\"chunk-11b4d\">\n<div class=\"mc-column content-text active-extra-styles\" data-block-type=\"raw\" data-block-weight=\"26\" data-block-id=\"48\">\n<blockquote class=\"content-blockquote theme-border-color-primary-before\"><p>\u201cQuando o pa\u00eds diz que n\u00e3o tem sarampo, precisa demonstrar que procurou e n\u00e3o encontrou. S\u00f3 assim se comprova que n\u00e3o h\u00e1 circula\u00e7\u00e3o do v\u00edrus\u201d, refor\u00e7a.<\/p><\/blockquote>\n<\/div>\n<\/div>\n<div id=\"chunk-agf5h\">\n<div class=\"mc-column content-text active-extra-styles \" data-block-type=\"unstyled\" data-block-weight=\"29\" data-block-id=\"49\">\n<p class=\" content-text__container \" data-track-category=\"Link no Texto\" data-track-links=\"\" data-mrf-recirculation=\"Mat\u00e9ria - Links no Texto\">Casos importados ou secund\u00e1rios \u2013como familiares de um infectado que voltou do exterior\u2013 n<strong>\u00e3o configuram transmiss\u00e3o sustentada<\/strong>, desde que o v\u00edrus n\u00e3o circule livremente por mais de 12 meses.<\/p>\n<\/div>\n<\/div>\n<div id=\"chunk-50mjp\">\n<div class=\"mc-column content-text active-extra-styles \" data-block-type=\"unstyled\" data-block-weight=\"26\" data-block-id=\"50\">\n<p class=\" content-text__container \" data-track-category=\"Link no Texto\" data-track-links=\"\" data-mrf-recirculation=\"Mat\u00e9ria - Links no Texto\">\u201c\u00c9 o que diferencia o Brasil do Canad\u00e1 hoje. L\u00e1, o v\u00edrus circula h\u00e1 um ano sem precisar de viagem para se manter ativo\u201d, compara Kfouri.<\/p>\n<\/div>\n<\/div>\n<div id=\"chunk-3eg8d\">\n<div class=\"row medium-uncollapsed content-media content-photo\" data-block-type=\"backstage-photo\" data-block-id=\"51\">\n<div class=\" mc-column  content-media__container\">\n<div class=\"content-media-container glb-skeleton-box\">\n<figure class=\"content-media-figure\"><img decoding=\"async\" class=\"i-amphtml-fill-content i-amphtml-replaced-content\" src=\"https:\/\/s2-g1.glbimg.com\/3SrtP84Y322F_eptbK2f7aEeFv0=\/0x0:1300x900\/984x0\/smart\/filters:strip_icc()\/i.s3.glbimg.com\/v1\/AUTH_59edd422c0c84a879bd37670ae4f538a\/internal_photos\/bs\/2025\/0\/4\/e9FFhvQ7efu7c5NcYqwQ\/foto-e-montagem-vertical-11-.png\" sizes=\"(max-width: 1280px) 648px, 100vw\" srcset=\"https:\/\/s2-g1.glbimg.com\/qA5b7P8_R6RFO99kJeBRcLiGcAY=\/0x0:1300x900\/1000x0\/smart\/filters:strip_icc()\/i.s3.glbimg.com\/v1\/AUTH_59edd422c0c84a879bd37670ae4f538a\/internal_photos\/bs\/2025\/0\/4\/e9FFhvQ7efu7c5NcYqwQ\/foto-e-montagem-vertical-11-.png 1000w, https:\/\/s2-g1.glbimg.com\/3SrtP84Y322F_eptbK2f7aEeFv0=\/0x0:1300x900\/984x0\/smart\/filters:strip_icc()\/i.s3.glbimg.com\/v1\/AUTH_59edd422c0c84a879bd37670ae4f538a\/internal_photos\/bs\/2025\/0\/4\/e9FFhvQ7efu7c5NcYqwQ\/foto-e-montagem-vertical-11-.png 984w, https:\/\/s2-g1.glbimg.com\/g_h9Ii7LhniQ3AGx-6pQeFVk6rc=\/0x0:1300x900\/640x0\/smart\/filters:strip_icc()\/i.s3.glbimg.com\/v1\/AUTH_59edd422c0c84a879bd37670ae4f538a\/internal_photos\/bs\/2025\/0\/4\/e9FFhvQ7efu7c5NcYqwQ\/foto-e-montagem-vertical-11-.png 640w, https:\/\/s2-g1.glbimg.com\/8b_S1DeLjyQm8cmi0tAkTyRO1Xo=\/0x0:1300x900\/600x0\/smart\/filters:strip_icc()\/i.s3.glbimg.com\/v1\/AUTH_59edd422c0c84a879bd37670ae4f538a\/internal_photos\/bs\/2025\/0\/4\/e9FFhvQ7efu7c5NcYqwQ\/foto-e-montagem-vertical-11-.png 600w\" alt=\"Vacina contra o sarampo \u2014 Foto: Divulga\u00e7\u00e3o\/SES-TO\" \/>Vacina contra o sarampo \u2014 Foto: Divulga\u00e7\u00e3o\/SES-TO<\/figure>\n<p>&nbsp;<\/p>\n<\/div>\n<\/div>\n<\/div>\n<\/div>\n<div id=\"chunk-2lki1\">\n<div class=\"mc-column content-text active-extra-styles\" data-block-type=\"raw\" data-block-weight=\"3\" data-block-id=\"52\">\n<div class=\"content-intertitle\">\n<h2>Um retrocesso revers\u00edvel<\/h2>\n<\/div>\n<\/div>\n<\/div>\n<div id=\"chunk-fhd7f\">\n<div class=\"mc-column content-text active-extra-styles \" data-block-type=\"unstyled\" data-block-weight=\"17\" data-block-id=\"54\">\n<p class=\" content-text__container \" data-track-category=\"Link no Texto\" data-track-links=\"\" data-mrf-recirculation=\"Mat\u00e9ria - Links no Texto\">Apesar do alerta da OPAS, os especialistas consideram que o cen\u00e1rio brasileiro ainda \u00e9 controlado e revers\u00edvel.<\/p>\n<\/div>\n<\/div>\n<div id=\"chunk-alm3e\">\n<div class=\"mc-column content-text active-extra-styles \" data-block-type=\"unstyled\" data-block-weight=\"24\" data-block-id=\"55\">\n<blockquote>\n<p class=\" content-text__container \" data-track-category=\"Link no Texto\" data-track-links=\"\" data-mrf-recirculation=\"Mat\u00e9ria - Links no Texto\">\u201cO Brasil tem experi\u00eancia e estrutura para conter o sarampo rapidamente, como j\u00e1 fez antes\u201d, afirma Ballalai. \u201cMas precisamos agir com rapidez e confian\u00e7a.\u201d<\/p>\n<\/blockquote>\n<\/div>\n<\/div>\n<div id=\"chunk-49nes\">\n<div class=\"mc-column content-text active-extra-styles \" data-block-type=\"unstyled\" data-block-weight=\"28\" data-block-id=\"56\">\n<blockquote>\n<p class=\" content-text__container \" data-track-category=\"Link no Texto\" data-track-links=\"\" data-mrf-recirculation=\"Mat\u00e9ria - Links no Texto\">\u201cCom vacina\u00e7\u00e3o cont\u00ednua e vigil\u00e2ncia ativa, podemos eliminar o sarampo pela terceira vez. Mas isso depende de mobilizar a popula\u00e7\u00e3o e combater a desinforma\u00e7\u00e3o com ci\u00eancia\u201d, refor\u00e7a Kfouri.<\/p>\n<\/blockquote>\n<\/div>\n<p data-track-category=\"Link no Texto\" data-track-links=\"\" data-mrf-recirculation=\"Mat\u00e9ria - Links no Texto\">\n<p data-track-category=\"Link no Texto\" data-track-links=\"\" data-mrf-recirculation=\"Mat\u00e9ria - Links no Texto\">Fonte: Portal G1.<br \/>\nConfira esta e outras mat\u00e9rias na \u00edntegra pelo link: https:\/\/g1.globo.com\/saude\/noticia\/2025\/11\/13\/americas-perdem-status-de-regiao-livre-do-sarampo-doenca-e-altamente-transmissivel-e-pode-matar.ghtml<\/p>\n<\/div>\n<\/div>\n","protected":false},"excerpt":{"rendered":"<p>OPAS confirmou a volta da transmiss\u00e3o end\u00eamica no Canad\u00e1 e alertou que a baixa cobertura vacinal pode reacender surtos. Brasil registrou 34 casos em 2025 \u2014 a maioria em Tocantins. &nbsp; O sarampo voltou a preocupar as autoridades sanit\u00e1rias das Am\u00e9ricas. A Organiza\u00e7\u00e3o Pan-Americana da Sa\u00fade (OPAS) anunciou, nesta semana, que\u00a0a regi\u00e3o perdeu o status [&hellip;]<\/p>\n","protected":false},"author":3,"featured_media":12666,"comment_status":"open","ping_status":"open","sticky":false,"template":"","format":"standard","meta":{"om_disable_all_campaigns":false,"_monsterinsights_skip_tracking":false,"_monsterinsights_sitenote_active":false,"_monsterinsights_sitenote_note":"","_monsterinsights_sitenote_category":0,"footnotes":""},"categories":[42],"tags":[],"class_list":["post-12665","post","type-post","status-publish","format-standard","has-post-thumbnail","hentry","category-saude"],"jetpack_featured_media_url":"https:\/\/fatoelado.com\/wp-content\/uploads\/2025\/11\/vacinacao-contra-o-sarampo-semuc-4-.avif","_links":{"self":[{"href":"https:\/\/fatoelado.com\/index.php?rest_route=\/wp\/v2\/posts\/12665","targetHints":{"allow":["GET"]}}],"collection":[{"href":"https:\/\/fatoelado.com\/index.php?rest_route=\/wp\/v2\/posts"}],"about":[{"href":"https:\/\/fatoelado.com\/index.php?rest_route=\/wp\/v2\/types\/post"}],"author":[{"embeddable":true,"href":"https:\/\/fatoelado.com\/index.php?rest_route=\/wp\/v2\/users\/3"}],"replies":[{"embeddable":true,"href":"https:\/\/fatoelado.com\/index.php?rest_route=%2Fwp%2Fv2%2Fcomments&post=12665"}],"version-history":[{"count":1,"href":"https:\/\/fatoelado.com\/index.php?rest_route=\/wp\/v2\/posts\/12665\/revisions"}],"predecessor-version":[{"id":12667,"href":"https:\/\/fatoelado.com\/index.php?rest_route=\/wp\/v2\/posts\/12665\/revisions\/12667"}],"wp:featuredmedia":[{"embeddable":true,"href":"https:\/\/fatoelado.com\/index.php?rest_route=\/wp\/v2\/media\/12666"}],"wp:attachment":[{"href":"https:\/\/fatoelado.com\/index.php?rest_route=%2Fwp%2Fv2%2Fmedia&parent=12665"}],"wp:term":[{"taxonomy":"category","embeddable":true,"href":"https:\/\/fatoelado.com\/index.php?rest_route=%2Fwp%2Fv2%2Fcategories&post=12665"},{"taxonomy":"post_tag","embeddable":true,"href":"https:\/\/fatoelado.com\/index.php?rest_route=%2Fwp%2Fv2%2Ftags&post=12665"}],"curies":[{"name":"wp","href":"https:\/\/api.w.org\/{rel}","templated":true}]}}