{"id":12638,"date":"2025-11-13T09:57:07","date_gmt":"2025-11-13T12:57:07","guid":{"rendered":"https:\/\/fatoelado.com\/?p=12638"},"modified":"2025-11-13T09:57:07","modified_gmt":"2025-11-13T12:57:07","slug":"finais-da-libertadores-e-sul-americana-terao-impedimento-semiautomatico","status":"publish","type":"post","link":"https:\/\/fatoelado.com\/?p=12638","title":{"rendered":"Finais da Libertadores e Sul-Americana ter\u00e3o impedimento semiautom\u00e1tico"},"content":{"rendered":"<p>A Conmebol anunciou nesta quarta-feira (12) que as finais das Copas Libertadores e Sul-Americana contar\u00e3o com impedimento semiautom\u00e1tico.<\/p>\n<p><em><strong>Ta\u00e7a da Libertadores e Sul-Americana &#8211; Divulga\u00e7\u00e3o \/ Conmebol<\/strong><\/em><\/p>\n<p><img decoding=\"async\" src=\"https:\/\/cidadeverde.com\/assets\/uploads\/colecoes\/2\/2025\/11\/1ababa1,11.jpg\" alt=\"\" \/><\/p>\n<p>A tecnologia estar\u00e1 nas decis\u00f5es de t\u00edtulo pelo segundo ano consecutivo. Ela tamb\u00e9m foi utilizada na final da Recopa Sul-Americana.<\/p>\n<p>Tamb\u00e9m ser\u00e1 utilizada a checagem da linha do gol. Ambos os sistemas ser\u00e3o produzidos de forma integral pela Conmebol.<\/p>\n<p>Ser\u00e3o instaladas 24 c\u00e2meras especializadas ao redor dos est\u00e1dios. O sistema utiliza um rastreamento \u00f3ptico automatizado que registra em tempo real a posi\u00e7\u00e3o de cada jogador e da bola.<\/p>\n<p><em><strong>AS DATAS E HOR\u00c1RIOS DAS FINAIS<\/strong><\/em><\/p>\n<p><em><strong>Sul-Americana<\/strong><\/em><\/p>\n<p>22\/11, \u00e0s 17h (de Bras\u00edlia) &#8211; Lan\u00fas x Atl\u00e9tico-MG<\/p>\n<p><em><strong>Libertadores<\/strong><\/em><\/p>\n<p>29\/11, \u00e0s 18h (de Bras\u00edlia) &#8211; Palmeiras x Flamengo<\/p>\n<p>&nbsp;<\/p>\n<p>Fonte: Portal CidadeVerde.<br \/>\nConfira esta e outras mat\u00e9rias na \u00edntegra pelo link: https:\/\/cidadeverde.com\/noticias\/445471\/finais-da-libertadores-e-sul-americana-terao-impedimento-semiautomatico<\/p>\n","protected":false},"excerpt":{"rendered":"<p>A Conmebol anunciou nesta quarta-feira (12) que as finais das Copas Libertadores e Sul-Americana contar\u00e3o com impedimento semiautom\u00e1tico. Ta\u00e7a da Libertadores e Sul-Americana &#8211; Divulga\u00e7\u00e3o \/ Conmebol A tecnologia estar\u00e1 nas decis\u00f5es de t\u00edtulo pelo segundo ano consecutivo. Ela tamb\u00e9m foi utilizada na final da Recopa Sul-Americana. Tamb\u00e9m ser\u00e1 utilizada a checagem da linha do [&hellip;]<\/p>\n","protected":false},"author":3,"featured_media":12639,"comment_status":"open","ping_status":"open","sticky":false,"template":"","format":"standard","meta":{"om_disable_all_campaigns":false,"_monsterinsights_skip_tracking":false,"_monsterinsights_sitenote_active":false,"_monsterinsights_sitenote_note":"","_monsterinsights_sitenote_category":0,"footnotes":""},"categories":[48],"tags":[],"class_list":["post-12638","post","type-post","status-publish","format-standard","has-post-thumbnail","hentry","category-esportes"],"jetpack_featured_media_url":"https:\/\/fatoelado.com\/wp-content\/uploads\/2025\/11\/1ababa111.jpg","_links":{"self":[{"href":"https:\/\/fatoelado.com\/index.php?rest_route=\/wp\/v2\/posts\/12638","targetHints":{"allow":["GET"]}}],"collection":[{"href":"https:\/\/fatoelado.com\/index.php?rest_route=\/wp\/v2\/posts"}],"about":[{"href":"https:\/\/fatoelado.com\/index.php?rest_route=\/wp\/v2\/types\/post"}],"author":[{"embeddable":true,"href":"https:\/\/fatoelado.com\/index.php?rest_route=\/wp\/v2\/users\/3"}],"replies":[{"embeddable":true,"href":"https:\/\/fatoelado.com\/index.php?rest_route=%2Fwp%2Fv2%2Fcomments&post=12638"}],"version-history":[{"count":1,"href":"https:\/\/fatoelado.com\/index.php?rest_route=\/wp\/v2\/posts\/12638\/revisions"}],"predecessor-version":[{"id":12640,"href":"https:\/\/fatoelado.com\/index.php?rest_route=\/wp\/v2\/posts\/12638\/revisions\/12640"}],"wp:featuredmedia":[{"embeddable":true,"href":"https:\/\/fatoelado.com\/index.php?rest_route=\/wp\/v2\/media\/12639"}],"wp:attachment":[{"href":"https:\/\/fatoelado.com\/index.php?rest_route=%2Fwp%2Fv2%2Fmedia&parent=12638"}],"wp:term":[{"taxonomy":"category","embeddable":true,"href":"https:\/\/fatoelado.com\/index.php?rest_route=%2Fwp%2Fv2%2Fcategories&post=12638"},{"taxonomy":"post_tag","embeddable":true,"href":"https:\/\/fatoelado.com\/index.php?rest_route=%2Fwp%2Fv2%2Ftags&post=12638"}],"curies":[{"name":"wp","href":"https:\/\/api.w.org\/{rel}","templated":true}]}}