{"id":12635,"date":"2025-11-13T09:56:18","date_gmt":"2025-11-13T12:56:18","guid":{"rendered":"https:\/\/fatoelado.com\/?p=12635"},"modified":"2025-11-13T09:56:18","modified_gmt":"2025-11-13T12:56:18","slug":"enem-2025-inep-divulga-gabarito-oficial-do-1o-dia-de-prova-nesta-quinta-13","status":"publish","type":"post","link":"https:\/\/fatoelado.com\/?p=12635","title":{"rendered":"Enem 2025: Inep divulga gabarito oficial do 1\u00ba dia de prova nesta quinta (13)"},"content":{"rendered":"<p><img decoding=\"async\" src=\"https:\/\/cidadeverde.com\/assets\/uploads\/colecoes\/2\/2025\/11\/caderno-enem-2025.jpeg\" alt=\"\" \/><\/p>\n<p>O gabarito oficial da prova de Linguagens e Ci\u00eancias Humanas do Exame Nacional do Ensino M\u00e9dio (Enem) 2025, aplicada em 9 de novembro, ser\u00e1 divulgado nesta quinta-feira (13). O documento estar\u00e1 dispon\u00edvel na p\u00e1gina do Instituto Nacional de Estudos e Pesquisas Educacionais An\u00edsio Teixeira (Inep), respons\u00e1vel pelo exame.<\/p>\n<p>Essa \u00e9 a primeira vez que os gabaritos ser\u00e3o divulgados separadamente. At\u00e9 o ano passado, as respostas dos dois dias de exame eram publicados juntos, uma semana ap\u00f3s a aplica\u00e7\u00e3o da segunda prova. Com a novidade, espera-se que o caderno de respostas da prova de Ci\u00eancias da Natureza e Matem\u00e1tica seja disponibilizado a partir de 17 de novembro.<\/p>\n<p>Apesar do gabarito, o resultado oficial das provas ser\u00e1 divulgado apenas em janeiro de 2026. Isso porque os corretores usam a Teoria de Resposta ao Item (TRI) para chegar \u00e0 nota final. A tese, aplicada em cada \u00e1rea da prova (Ci\u00eancias Humanas, Ci\u00eancias da Natureza, Linguagens e Matem\u00e1tica), \u00e9 calculada a partir de uma escala, que \u00e9 como uma r\u00e9gua que mede o n\u00edvel de conhecimento do participante.<\/p>\n<p>O desempenho m\u00e9dio dos candidatos encontra-se no meio dessa r\u00e9gua, os 500 pontos. Dessa forma, as quest\u00f5es da prova ocupam uma posi\u00e7\u00e3o diferente, de acordo com o n\u00edvel de dificuldade. Nesse sentido, as perguntas situadas abaixo de 500 t\u00eam um n\u00edvel de dificuldade menor para a maioria dos estudantes e as acima de 500, maior.<\/p>\n<p>&#8220;O m\u00e9todo busca priorizar a coer\u00eancia no desempenho dos estudantes. Se algu\u00e9m acerta as quest\u00f5es mais dif\u00edceis, mas erra aquelas consideradas f\u00e1ceis, provavelmente &#8216;chutou&#8217; as respostas. Por isso, ter\u00e1 uma nota inferior \u00e0 de um estudante que acertou o mesmo n\u00famero de quest\u00f5es consideradas mais f\u00e1ceis, mas errou as mais complexas. Assim, duas pessoas que fizeram a mesma edi\u00e7\u00e3o do Enem e tiveram n\u00famero igual de acertos podem ter notas diferentes&#8221;, explica o Minist\u00e9rio da Educa\u00e7\u00e3o.<\/p>\n<p>A nota da reda\u00e7\u00e3o, por sua vez, n\u00e3o \u00e9 calculada pelo TRI. Os textos s\u00e3o corrigidos um a um por milh\u00f5es de avaliadores. Cada um recebe at\u00e9 200 reda\u00e7\u00f5es por dia, com o compromisso de analisar mais de 150 textos a cada tr\u00eas dias.<\/p>\n<p>Todas as reda\u00e7\u00f5es s\u00e3o avaliadas por dois professores em plataforma online, com texto sem identifica\u00e7\u00e3o. Cada um desconhece a nota atribu\u00edda pelo outro. Se a discrep\u00e2ncia das notas for superior a 100 pontos, no total, ou 80 pontos em uma das cinco compet\u00eancias avaliadas, um terceiro professor far\u00e1 a corre\u00e7\u00e3o. A nota final da reda\u00e7\u00e3o, que pode chegar at\u00e9 1.000, \u00e9 a m\u00e9dia aritm\u00e9tica das duas notas totais que mais se aproximam.<\/p>\n<p>Confira as cinco compet\u00eancias avaliadas na hora da corre\u00e7\u00e3o da reda\u00e7\u00e3o:<\/p>\n<ul>\n<li>Dom\u00ednio da escrita formal;<\/li>\n<li>Desenvolvimento do tema em estilo dissertativo-argumentativo;<\/li>\n<li>Relacionar, organizar e interpretar informa\u00e7\u00f5es e argumentos em defesa de uma opini\u00e3o;<\/li>\n<li>Conhecimento de mecanismos lingu\u00edsticos para construir a argumenta\u00e7\u00e3o;<\/li>\n<li>Elabora\u00e7\u00e3o de proposta de interven\u00e7\u00e3o para o problema proposto, com respeito aos direitos humanos.<\/li>\n<\/ul>\n<p>Em caso de textos com at\u00e9 sete linhas ou que fogem ao tema proposto, a reda\u00e7\u00e3o \u00e9 zerada pelos avaliadores. O mesmo pode acontecer no caso de texto ineleg\u00edvel, folha de reda\u00e7\u00e3o em branco ou c\u00f3pia de texto(s) da prova de reda\u00e7\u00e3o e\/ou do caderno de quest\u00f5es sem haver pelo menos oito linhas de produ\u00e7\u00e3o pr\u00f3pria do participante.<\/p>\n<p>Ao todo, 73% dos mais de 4,8 milh\u00f5es de inscritos no Enem 2025 participaram do primeiro dia de provas, no \u00faltimo domingo (9). O exame, aplicado em 1.805 munic\u00edpios, contou com 90 quest\u00f5es de linguagens e ci\u00eancias humanas, al\u00e9m da reda\u00e7\u00e3o, com o tema \u201cPerspectivas acerca do envelhecimento na sociedade brasileira\u201d.<\/p>\n<p>A pr\u00f3xima etapa acontece neste domingo (16), quando os candidatos far\u00e3o a prova de Ci\u00eancias da Natureza e Matem\u00e1tica. Assim como no primeiro dia, ser\u00e3o 90 quest\u00f5es, divididas entre as disciplinas. No total, os alunos ter\u00e3o cinco horas para concluir o exame (das 13h30 \u00e0s 18h30).<\/p>\n<h2><strong>O que \u00e9 o Enem?<\/strong><\/h2>\n<p>O Enem \u00e9 respons\u00e1vel por avaliar o desempenho escolar dos alunos ao t\u00e9rmino da educa\u00e7\u00e3o b\u00e1sica. A nota do exame \u00e9 a principal porta de entrada para o ensino superior no Brasil, por meio de iniciativas do governo federal, como o Programa Universidade para Todos (Prouni). Os resultados ainda podem ser aproveitados em processos seletivos de institui\u00e7\u00f5es portuguesas.<\/p>\n<p>Neste ano, as provas ser\u00e3o aplicadas nos dias 9 e 16 de novembro, com exce\u00e7\u00e3o das cidades paraenses de Bel\u00e9m, Ananindeua e Marituba, que ter\u00e3o aplica\u00e7\u00e3o nos dias 30 de novembro e 7 de dezembro em fun\u00e7\u00e3o 30\u00aa Confer\u00eancia das Na\u00e7\u00f5es Unidas sobre Mudan\u00e7as Clim\u00e1ticas (COP30). O exame ainda ser\u00e1 reaplicado na cidade de Rio Bonito do Igua\u00e7u (PR), atingida por um tornado neste m\u00eas, nos 16 e 17 de dezembro.<\/p>\n<p>Ao todo, mais de 4,8 milh\u00f5es de pessoas se inscreveram para realizar o Enem, superando o n\u00famero de 2024, quando 4,3 milh\u00f5es se cadastraram para fazer a prova. O n\u00famero de inscritos tamb\u00e9m \u00e9 38% maior quando comparado ao registrado em 2022.<\/p>\n<p><strong>Confira o cronograma completo:<\/strong><\/p>\n<ul>\n<li>Aplica\u00e7\u00e3o de prova: 09 e 16\/11<\/li>\n<li>Aplica\u00e7\u00e3o de prova em Bel\u00e9m, Ananindeua e Marituba, no estado do Par\u00e1: 30\/11 e 07\/12<\/li>\n<li>Aplica\u00e7\u00e3o de prova em Rio Bonito do Igua\u00e7u: 16 e 17\/12<\/li>\n<li>Reaplica\u00e7\u00e3o da prova (apenas para participantes que faltaram por problemas log\u00edsticos ou doen\u00e7as infectocontagiosas): 16 e 17\/12<\/li>\n<li>Divulga\u00e7\u00e3o do resultado: 16\/01\/26<\/li>\n<\/ul>\n<p>&nbsp;<\/p>\n<p>Fonte: Portal CidadeVerde.<br \/>\nConfira esta e outras mat\u00e9rias na \u00edntegra pelo link: https:\/\/cidadeverde.com\/noticias\/445487\/enem-2025-inep-divulga-gabarito-oficial-do-1o-dia-de-prova-nesta-quinta-13<\/p>\n","protected":false},"excerpt":{"rendered":"<p>O gabarito oficial da prova de Linguagens e Ci\u00eancias Humanas do Exame Nacional do Ensino M\u00e9dio (Enem) 2025, aplicada em 9 de novembro, ser\u00e1 divulgado nesta quinta-feira (13). O documento estar\u00e1 dispon\u00edvel na p\u00e1gina do Instituto Nacional de Estudos e Pesquisas Educacionais An\u00edsio Teixeira (Inep), respons\u00e1vel pelo exame. Essa \u00e9 a primeira vez que os [&hellip;]<\/p>\n","protected":false},"author":3,"featured_media":12636,"comment_status":"open","ping_status":"open","sticky":false,"template":"","format":"standard","meta":{"om_disable_all_campaigns":false,"_monsterinsights_skip_tracking":false,"_monsterinsights_sitenote_active":false,"_monsterinsights_sitenote_note":"","_monsterinsights_sitenote_category":0,"footnotes":""},"categories":[32,47],"tags":[],"class_list":["post-12635","post","type-post","status-publish","format-standard","has-post-thumbnail","hentry","category-educacao","category-nacionais"],"jetpack_featured_media_url":"https:\/\/fatoelado.com\/wp-content\/uploads\/2025\/11\/caderno-enem-2025.jpeg","_links":{"self":[{"href":"https:\/\/fatoelado.com\/index.php?rest_route=\/wp\/v2\/posts\/12635","targetHints":{"allow":["GET"]}}],"collection":[{"href":"https:\/\/fatoelado.com\/index.php?rest_route=\/wp\/v2\/posts"}],"about":[{"href":"https:\/\/fatoelado.com\/index.php?rest_route=\/wp\/v2\/types\/post"}],"author":[{"embeddable":true,"href":"https:\/\/fatoelado.com\/index.php?rest_route=\/wp\/v2\/users\/3"}],"replies":[{"embeddable":true,"href":"https:\/\/fatoelado.com\/index.php?rest_route=%2Fwp%2Fv2%2Fcomments&post=12635"}],"version-history":[{"count":1,"href":"https:\/\/fatoelado.com\/index.php?rest_route=\/wp\/v2\/posts\/12635\/revisions"}],"predecessor-version":[{"id":12637,"href":"https:\/\/fatoelado.com\/index.php?rest_route=\/wp\/v2\/posts\/12635\/revisions\/12637"}],"wp:featuredmedia":[{"embeddable":true,"href":"https:\/\/fatoelado.com\/index.php?rest_route=\/wp\/v2\/media\/12636"}],"wp:attachment":[{"href":"https:\/\/fatoelado.com\/index.php?rest_route=%2Fwp%2Fv2%2Fmedia&parent=12635"}],"wp:term":[{"taxonomy":"category","embeddable":true,"href":"https:\/\/fatoelado.com\/index.php?rest_route=%2Fwp%2Fv2%2Fcategories&post=12635"},{"taxonomy":"post_tag","embeddable":true,"href":"https:\/\/fatoelado.com\/index.php?rest_route=%2Fwp%2Fv2%2Ftags&post=12635"}],"curies":[{"name":"wp","href":"https:\/\/api.w.org\/{rel}","templated":true}]}}