{"id":12632,"date":"2025-11-13T09:55:29","date_gmt":"2025-11-13T12:55:29","guid":{"rendered":"https:\/\/fatoelado.com\/?p=12632"},"modified":"2025-11-13T09:55:29","modified_gmt":"2025-11-13T12:55:29","slug":"dia-mundial-do-diabetes-alerta-para-riscos-de-cegueira-e-doenca-renal","status":"publish","type":"post","link":"https:\/\/fatoelado.com\/?p=12632","title":{"rendered":"Dia Mundial do Diabetes alerta para riscos de cegueira e doen\u00e7a renal"},"content":{"rendered":"<p><img decoding=\"async\" src=\"https:\/\/cidadeverde.com\/assets\/uploads\/colecoes\/2\/2025\/11\/diabetes.jpg\" alt=\"\" \/><\/p>\n<p>Neste Dia Mundial do Diabetes (14\/11), especialistas alertam para os cuidados da sa\u00fade para al\u00e9m do controle da glicose: a condi\u00e7\u00e3o \u00e9 uma das principais causas de cegueira e de doen\u00e7a renal cr\u00f4nica (DRC) no mundo e, embora os sintomas sejam silenciosos, o diagn\u00f3stico e o tratamento precoces podem evitar complica\u00e7\u00f5es graves.<\/p>\n<p>Nos olhos, o Edema Macular Diab\u00e9tico (EMD) \u00e9 uma das principais causas de perda visual entre pessoas com diabetes. Uma pesquisa recente realizada pelo Ipec (Intelig\u00eancia em Pesquisa e Consultoria Estrat\u00e9gica), sob pedido da farmac\u00eautica alem\u00e3 Bayer, revelou que, apesar da gravidade da doen\u00e7a, a falta de conhecimento afeta 76% da popula\u00e7\u00e3o latina-americana, que n\u00e3o sabem o que \u00e9 a retinopatia diab\u00e9tica, causa do EMD. O Edema Macular Diab\u00e9tico compromete a vis\u00e3o central, devido ao ac\u00famulo de l\u00edquido na m\u00e1cula &#8211; regi\u00e3o central da retina. Os pacientes costumam ter a vis\u00e3o borrada ou distorcida e altera\u00e7\u00f5es na percep\u00e7\u00e3o das cores.<\/p>\n<p>O tratamento de refer\u00eancia hoje \u00e9 o aflibercepte 2mg, uma terapia anti-VEGF aplicada por meio de inje\u00e7\u00f5es intraoculares que ajudam a reduzir o incha\u00e7o na retina e preservar a vis\u00e3o. Uma evolu\u00e7\u00e3o deste tratamento passou a ser ofertada em 2024, em dosagem de 8 mg por inje\u00e7\u00e3o, que permite mais espa\u00e7amento entre as sess\u00f5es de tratamento \u2013 o que foi comprovado em estudos que melhora a ades\u00e3o ao tratamento.<\/p>\n<p>Nos rins, o grande desafio decorrente do diabetes \u00e9 a doen\u00e7a renal cr\u00f4nica. A condi\u00e7\u00e3o est\u00e1 diretamente ligada ao impacto da glicose elevada nos vasos sangu\u00edneos dos rins, que, ao longo do tempo, prejudica a filtragem do sangue e favorece a progress\u00e3o da doen\u00e7a renal.<\/p>\n<p>Estima-se que at\u00e9 40% dos brasileiros que vivem com diabetes possam desenvolver a doen\u00e7a renal cr\u00f4nica ao longo da vida. Atualmente, a finerenona, uma mol\u00e9cula de nova gera\u00e7\u00e3o, \u00e9 capaz de reduzir a progress\u00e3o da DRC e os riscos cardiovasculares em pessoas com diabetes tipo 2. Mais recentemente, resultados do estudo FINE-ONE tamb\u00e9m apontaram efic\u00e1cia da mol\u00e9cula em pacientes com diabetes tipo 1, um marco importante ap\u00f3s mais de 30 anos sem novas op\u00e7\u00f5es terap\u00eauticas para essa popula\u00e7\u00e3o.<\/p>\n<p>&nbsp;<\/p>\n<p>Fonte: Portal CidadeVerde.<br \/>\nConfira esta e outras mat\u00e9rias na \u00edntegra pelo link: https:\/\/cidadeverde.com\/noticias\/445497\/dia-mundial-do-diabetes-alerta-para-riscos-de-cegueira-e-doenca-renal<\/p>\n","protected":false},"excerpt":{"rendered":"<p>Neste Dia Mundial do Diabetes (14\/11), especialistas alertam para os cuidados da sa\u00fade para al\u00e9m do controle da glicose: a condi\u00e7\u00e3o \u00e9 uma das principais causas de cegueira e de doen\u00e7a renal cr\u00f4nica (DRC) no mundo e, embora os sintomas sejam silenciosos, o diagn\u00f3stico e o tratamento precoces podem evitar complica\u00e7\u00f5es graves. Nos olhos, o [&hellip;]<\/p>\n","protected":false},"author":3,"featured_media":12633,"comment_status":"open","ping_status":"open","sticky":false,"template":"","format":"standard","meta":{"om_disable_all_campaigns":false,"_monsterinsights_skip_tracking":false,"_monsterinsights_sitenote_active":false,"_monsterinsights_sitenote_note":"","_monsterinsights_sitenote_category":0,"footnotes":""},"categories":[42],"tags":[],"class_list":["post-12632","post","type-post","status-publish","format-standard","has-post-thumbnail","hentry","category-saude"],"jetpack_featured_media_url":"https:\/\/fatoelado.com\/wp-content\/uploads\/2025\/11\/diabetes-2.jpg","_links":{"self":[{"href":"https:\/\/fatoelado.com\/index.php?rest_route=\/wp\/v2\/posts\/12632","targetHints":{"allow":["GET"]}}],"collection":[{"href":"https:\/\/fatoelado.com\/index.php?rest_route=\/wp\/v2\/posts"}],"about":[{"href":"https:\/\/fatoelado.com\/index.php?rest_route=\/wp\/v2\/types\/post"}],"author":[{"embeddable":true,"href":"https:\/\/fatoelado.com\/index.php?rest_route=\/wp\/v2\/users\/3"}],"replies":[{"embeddable":true,"href":"https:\/\/fatoelado.com\/index.php?rest_route=%2Fwp%2Fv2%2Fcomments&post=12632"}],"version-history":[{"count":1,"href":"https:\/\/fatoelado.com\/index.php?rest_route=\/wp\/v2\/posts\/12632\/revisions"}],"predecessor-version":[{"id":12634,"href":"https:\/\/fatoelado.com\/index.php?rest_route=\/wp\/v2\/posts\/12632\/revisions\/12634"}],"wp:featuredmedia":[{"embeddable":true,"href":"https:\/\/fatoelado.com\/index.php?rest_route=\/wp\/v2\/media\/12633"}],"wp:attachment":[{"href":"https:\/\/fatoelado.com\/index.php?rest_route=%2Fwp%2Fv2%2Fmedia&parent=12632"}],"wp:term":[{"taxonomy":"category","embeddable":true,"href":"https:\/\/fatoelado.com\/index.php?rest_route=%2Fwp%2Fv2%2Fcategories&post=12632"},{"taxonomy":"post_tag","embeddable":true,"href":"https:\/\/fatoelado.com\/index.php?rest_route=%2Fwp%2Fv2%2Ftags&post=12632"}],"curies":[{"name":"wp","href":"https:\/\/api.w.org\/{rel}","templated":true}]}}