{"id":12626,"date":"2025-11-12T15:21:52","date_gmt":"2025-11-12T18:21:52","guid":{"rendered":"https:\/\/fatoelado.com\/?p=12626"},"modified":"2025-11-12T15:21:52","modified_gmt":"2025-11-12T18:21:52","slug":"governo-do-piaui-consolida-parceria-com-a-embratur-para-promocao-internacional-do-turismo-estadual","status":"publish","type":"post","link":"https:\/\/fatoelado.com\/?p=12626","title":{"rendered":"Governo do Piau\u00ed consolida parceria com a Embratur para promo\u00e7\u00e3o internacional do turismo estadual"},"content":{"rendered":"<h2 class=\"elementor-heading-title elementor-size-default\" style=\"text-align: center;\">A Setur, em parceria com a Embratur, realizar\u00e1 a\u00e7\u00f5es estrat\u00e9gicas para ampliar a visibilidade do Piau\u00ed no cen\u00e1rio mundial.<\/h2>\n<p>&nbsp;<\/p>\n<p>O Governo do Piau\u00ed, por interm\u00e9dio da Secret\u00e1ria do Turismo (Setur), reafirmou parcerias institucionais com a\u00a0<span class=\"s1\">Embratur (Ag\u00eancia Brasileira de Promo\u00e7\u00e3o Internacional do Turismo), durante encontro, em Bras\u00edlia, entre o\u00a0<\/span><span class=\"s1\">secret\u00e1rio da Setur, Daniel Oliveira, e o presidente da Embratur, Marcelo Freixo. O encontro visava ainda ampliar as estrat\u00e9gias de promo\u00e7\u00e3o do Piau\u00ed como destino tur\u00edstico em n\u00edveis nacional e internacional.<\/span><\/p>\n<p class=\"p1\"><span class=\"s1\">Durante a reuni\u00e3o, foram discutidas a\u00e7\u00f5es conjuntas voltadas \u00e0 divulga\u00e7\u00e3o dos atrativos tur\u00edsticos piauienses, a qualifica\u00e7\u00e3o dos profissionais do setor e a integra\u00e7\u00e3o de pol\u00edticas p\u00fablicas para o desenvolvimento sustent\u00e1vel do turismo no Piau\u00ed.<\/span><\/p>\n<figure id=\"attachment_98495\" class=\"wp-caption alignnone\" aria-describedby=\"caption-attachment-98495\"><img loading=\"lazy\" decoding=\"async\" class=\"wp-image-98495 size-full\" src=\"https:\/\/www.pi.gov.br\/wp-content\/uploads\/2025\/11\/IMG_4654-scaled.jpeg\" sizes=\"auto, (max-width: 2560px) 100vw, 2560px\" srcset=\"https:\/\/www.pi.gov.br\/wp-content\/uploads\/2025\/11\/IMG_4654-scaled.jpeg 2560w, https:\/\/www.pi.gov.br\/wp-content\/uploads\/2025\/11\/IMG_4654-300x200.jpeg 300w, https:\/\/www.pi.gov.br\/wp-content\/uploads\/2025\/11\/IMG_4654-1024x683.jpeg 1024w, https:\/\/www.pi.gov.br\/wp-content\/uploads\/2025\/11\/IMG_4654-768x512.jpeg 768w, https:\/\/www.pi.gov.br\/wp-content\/uploads\/2025\/11\/IMG_4654-1536x1024.jpeg 1536w, https:\/\/www.pi.gov.br\/wp-content\/uploads\/2025\/11\/IMG_4654-2048x1365.jpeg 2048w\" alt=\"\" width=\"2560\" height=\"1707\" \/><figcaption id=\"caption-attachment-98495\" class=\"wp-caption-text\">Foto: Renato Vaz<\/figcaption><\/figure>\n<p class=\"p1\"><span class=\"s1\">Segundo o secret\u00e1rio Daniel Oliveira, o momento representa uma etapa importante na consolida\u00e7\u00e3o da imagem do Piau\u00ed como um dos grandes destinos tur\u00edsticos do pa\u00eds.\u00a0<\/span><span class=\"s1\">\u201cTemos trabalhado para que o Piau\u00ed ocupe o lugar de destaque que merece no mapa do turismo brasileiro. A parceria com a Embratur \u00e9 essencial para fortalecer a promo\u00e7\u00e3o dos nossos destinos e atrair cada vez mais visitantes, impulsionando a economia e gerando oportunidades em todas as regi\u00f5es do estado\u201d, destacou o gestor.<\/span><\/p>\n<p class=\"p1\"><span class=\"s1\">O secret\u00e1rio ressaltou ainda o compromisso da Setur em dar continuidade a pol\u00edticas p\u00fablicas que valorizem o potencial natural, cultural e hist\u00f3rico do Piau\u00ed, refor\u00e7ando a imagem do Piaui como um destino encantador, aut\u00eantico e cheio de diversidade.<\/span><\/p>\n<p class=\"p1\"><span class=\"s1\">Como resultado da reuni\u00e3o, ficou definido um evento conjunto entre o Governo do Piau\u00ed e a Embratur, a ser realizado em janeiro de 2026, para formalizar oficialmente a parceria e lan\u00e7ar as a\u00e7\u00f5es estrat\u00e9gicas de promo\u00e7\u00e3o internacional do estado.<\/span><\/p>\n<p class=\"p1\"><img loading=\"lazy\" decoding=\"async\" class=\"alignnone size-full wp-image-98496\" src=\"https:\/\/www.pi.gov.br\/wp-content\/uploads\/2025\/11\/IMG_4651-scaled-e1762964150883.jpeg\" alt=\"\" width=\"1707\" height=\"1434\" \/><\/p>\n<p>&nbsp;<\/p>\n<p>Fonte: Portal pi.Gov<br \/>\nConfira esta e outras mat\u00e9rias na \u00edntegra pelo link: https:\/\/www.pi.gov.br\/governo-do-piaui-firma-parceria-com-a-embratur-para-promocao-internacional-do-turismo-estadual\/<\/p>\n","protected":false},"excerpt":{"rendered":"<p>A Setur, em parceria com a Embratur, realizar\u00e1 a\u00e7\u00f5es estrat\u00e9gicas para ampliar a visibilidade do Piau\u00ed no cen\u00e1rio mundial. &nbsp; O Governo do Piau\u00ed, por interm\u00e9dio da Secret\u00e1ria do Turismo (Setur), reafirmou parcerias institucionais com a\u00a0Embratur (Ag\u00eancia Brasileira de Promo\u00e7\u00e3o Internacional do Turismo), durante encontro, em Bras\u00edlia, entre o\u00a0secret\u00e1rio da Setur, Daniel Oliveira, e o [&hellip;]<\/p>\n","protected":false},"author":3,"featured_media":12627,"comment_status":"open","ping_status":"open","sticky":false,"template":"","format":"standard","meta":{"om_disable_all_campaigns":false,"_monsterinsights_skip_tracking":false,"_monsterinsights_sitenote_active":false,"_monsterinsights_sitenote_note":"","_monsterinsights_sitenote_category":0,"footnotes":""},"categories":[33],"tags":[],"class_list":["post-12626","post","type-post","status-publish","format-standard","has-post-thumbnail","hentry","category-piaui"],"jetpack_featured_media_url":"https:\/\/fatoelado.com\/wp-content\/uploads\/2025\/11\/IMG_4651-scaled-e1762964150883.jpeg","_links":{"self":[{"href":"https:\/\/fatoelado.com\/index.php?rest_route=\/wp\/v2\/posts\/12626","targetHints":{"allow":["GET"]}}],"collection":[{"href":"https:\/\/fatoelado.com\/index.php?rest_route=\/wp\/v2\/posts"}],"about":[{"href":"https:\/\/fatoelado.com\/index.php?rest_route=\/wp\/v2\/types\/post"}],"author":[{"embeddable":true,"href":"https:\/\/fatoelado.com\/index.php?rest_route=\/wp\/v2\/users\/3"}],"replies":[{"embeddable":true,"href":"https:\/\/fatoelado.com\/index.php?rest_route=%2Fwp%2Fv2%2Fcomments&post=12626"}],"version-history":[{"count":1,"href":"https:\/\/fatoelado.com\/index.php?rest_route=\/wp\/v2\/posts\/12626\/revisions"}],"predecessor-version":[{"id":12628,"href":"https:\/\/fatoelado.com\/index.php?rest_route=\/wp\/v2\/posts\/12626\/revisions\/12628"}],"wp:featuredmedia":[{"embeddable":true,"href":"https:\/\/fatoelado.com\/index.php?rest_route=\/wp\/v2\/media\/12627"}],"wp:attachment":[{"href":"https:\/\/fatoelado.com\/index.php?rest_route=%2Fwp%2Fv2%2Fmedia&parent=12626"}],"wp:term":[{"taxonomy":"category","embeddable":true,"href":"https:\/\/fatoelado.com\/index.php?rest_route=%2Fwp%2Fv2%2Fcategories&post=12626"},{"taxonomy":"post_tag","embeddable":true,"href":"https:\/\/fatoelado.com\/index.php?rest_route=%2Fwp%2Fv2%2Ftags&post=12626"}],"curies":[{"name":"wp","href":"https:\/\/api.w.org\/{rel}","templated":true}]}}