{"id":12620,"date":"2025-11-12T15:19:28","date_gmt":"2025-11-12T18:19:28","guid":{"rendered":"https:\/\/fatoelado.com\/?p=12620"},"modified":"2025-11-12T15:19:28","modified_gmt":"2025-11-12T18:19:28","slug":"der-e-defesa-civil-planejam-acoes-preventivas-nas-rodovias-do-piaui-para-o-periodo-chuvoso","status":"publish","type":"post","link":"https:\/\/fatoelado.com\/?p=12620","title":{"rendered":"DER e Defesa Civil planejam a\u00e7\u00f5es preventivas nas rodovias do Piau\u00ed para o per\u00edodo chuvoso"},"content":{"rendered":"<h2 class=\"elementor-heading-title elementor-size-default\" style=\"text-align: center;\">Equipes do DER est\u00e3o executando o plano de preven\u00e7\u00e3o com servi\u00e7os de limpeza de acostamentos, melhoria dos dispositivos de sinaliza\u00e7\u00e3o e desobstru\u00e7\u00e3o de bueiros.<\/h2>\n<p>&nbsp;<\/p>\n<p>O Departamento de Estradas de Rodagem do Piau\u00ed (DER-PI) e a Secretaria de Estado da Defesa Civil (Sedec-PI) est\u00e3o realizando a\u00e7\u00f5es preventivas e integradas para garantir a seguran\u00e7a e a trafegabilidade nas rodovias do estado durante o per\u00edodo chuvoso, que j\u00e1 iniciou em algumas regi\u00f5es.<\/p>\n<p>Em reuni\u00e3o realizada nesta quarta-feira (12), na sede da Defesa Civil, respons\u00e1vel pelo monitoramento dos eventos clim\u00e1ticos no estado, foi apresentada a previs\u00e3o para o per\u00edodo chuvoso de 2025\/2026. O objetivo foi planejar a\u00e7\u00f5es preventivas, garantindo monitoramento cont\u00ednuo e respostas r\u00e1pidas diante de poss\u00edveis ocorr\u00eancias na malha rodovi\u00e1ria.<\/p>\n<p>\u201cNosso objetivo \u00e9 atuar de forma integrada e garantir a\u00e7\u00f5es eficientes com foco na seguran\u00e7a da popula\u00e7\u00e3o. Com os estudos dos t\u00e9cnicos da Defesa Civil e a an\u00e1lise de dados \u00e9 poss\u00edvel executar a\u00e7\u00f5es de conserva\u00e7\u00e3o e manuten\u00e7\u00e3o, para que possamos atuar de forma ainda mais assertiva neste per\u00edodo que antecede chuvas mais intensas, e assim garantir uma boa trafegabilidade\u201d, destaca Leo Sobral, diretor-geral do DER-PI.<\/p>\n<figure id=\"attachment_98512\" class=\"wp-caption alignnone\" aria-describedby=\"caption-attachment-98512\"><img loading=\"lazy\" decoding=\"async\" class=\"wp-image-98512 size-full\" src=\"https:\/\/www.pi.gov.br\/wp-content\/uploads\/2025\/11\/DER-E-DEFESA-CIVIL-1.jpeg\" sizes=\"auto, (max-width: 1280px) 100vw, 1280px\" srcset=\"https:\/\/www.pi.gov.br\/wp-content\/uploads\/2025\/11\/DER-E-DEFESA-CIVIL-1.jpeg 1280w, https:\/\/www.pi.gov.br\/wp-content\/uploads\/2025\/11\/DER-E-DEFESA-CIVIL-1-300x182.jpeg 300w, https:\/\/www.pi.gov.br\/wp-content\/uploads\/2025\/11\/DER-E-DEFESA-CIVIL-1-1024x622.jpeg 1024w, https:\/\/www.pi.gov.br\/wp-content\/uploads\/2025\/11\/DER-E-DEFESA-CIVIL-1-768x467.jpeg 768w\" alt=\"\" width=\"1280\" height=\"778\" \/><figcaption id=\"caption-attachment-98512\" class=\"wp-caption-text\">Foto: Ascom DER-PI<\/figcaption><\/figure>\n<p>O gestor adiantou que as equipes est\u00e3o em pista com a execu\u00e7\u00e3o do plano de preven\u00e7\u00e3o que abrange servi\u00e7os de limpeza de acostamentos, melhoria dos dispositivos de sinaliza\u00e7\u00e3o e desobstru\u00e7\u00e3o de bueiros, para garantir a drenagem adequada e prevenir ocorr\u00eancias de interrup\u00e7\u00e3o de fluxo nas estradas.<\/p>\n<p>De acordo com o diretor de preven\u00e7\u00e3o e mitiga\u00e7\u00e3o da Defesa Civil, o climatologista Werton Costa, as chuvas j\u00e1 come\u00e7aram na regi\u00e3o sul do estado e entre esse m\u00eas de novembro e dezembro devem ganhar ainda mais intensidade.<\/p>\n<p>\u201cJ\u00e1 temos chuvas concentradas at\u00e9 o final de novembro, no sul do estado. E, com o trabalho de monitoramento, estamos emitindo os alertas e orienta\u00e7\u00f5es \u00e0 popula\u00e7\u00e3o. At\u00e9 dezembro teremos essas precipita\u00e7\u00f5es que devem atingir as demais \u00e1reas junto ao norte do estado\u201d.<\/p>\n<figure id=\"attachment_98513\" class=\"wp-caption alignnone\" aria-describedby=\"caption-attachment-98513\"><img loading=\"lazy\" decoding=\"async\" class=\"wp-image-98513 size-full\" src=\"https:\/\/www.pi.gov.br\/wp-content\/uploads\/2025\/11\/DER-E-DEFESA-CIVIL-2.jpeg\" sizes=\"auto, (max-width: 1280px) 100vw, 1280px\" srcset=\"https:\/\/www.pi.gov.br\/wp-content\/uploads\/2025\/11\/DER-E-DEFESA-CIVIL-2.jpeg 1280w, https:\/\/www.pi.gov.br\/wp-content\/uploads\/2025\/11\/DER-E-DEFESA-CIVIL-2-300x225.jpeg 300w, https:\/\/www.pi.gov.br\/wp-content\/uploads\/2025\/11\/DER-E-DEFESA-CIVIL-2-1024x768.jpeg 1024w, https:\/\/www.pi.gov.br\/wp-content\/uploads\/2025\/11\/DER-E-DEFESA-CIVIL-2-768x576.jpeg 768w\" alt=\"\" width=\"1280\" height=\"960\" \/><figcaption id=\"caption-attachment-98513\" class=\"wp-caption-text\">Foto: Ascom DER-PI<\/p>\n<p>Fonte: Portal pi.Gov<br \/>\nConfira esta e outras mat\u00e9rias na \u00edntegra pelo link: https:\/\/www.pi.gov.br\/der-e-defesa-civil-planejam-acoes-preventivas-nas-rodovias-do-piaui-para-o-periodo-chuvoso\/<\/figcaption><\/figure>\n","protected":false},"excerpt":{"rendered":"<p>Equipes do DER est\u00e3o executando o plano de preven\u00e7\u00e3o com servi\u00e7os de limpeza de acostamentos, melhoria dos dispositivos de sinaliza\u00e7\u00e3o e desobstru\u00e7\u00e3o de bueiros. &nbsp; O Departamento de Estradas de Rodagem do Piau\u00ed (DER-PI) e a Secretaria de Estado da Defesa Civil (Sedec-PI) est\u00e3o realizando a\u00e7\u00f5es preventivas e integradas para garantir a seguran\u00e7a e a [&hellip;]<\/p>\n","protected":false},"author":3,"featured_media":12621,"comment_status":"open","ping_status":"open","sticky":false,"template":"","format":"standard","meta":{"om_disable_all_campaigns":false,"_monsterinsights_skip_tracking":false,"_monsterinsights_sitenote_active":false,"_monsterinsights_sitenote_note":"","_monsterinsights_sitenote_category":0,"footnotes":""},"categories":[33],"tags":[],"class_list":["post-12620","post","type-post","status-publish","format-standard","has-post-thumbnail","hentry","category-piaui"],"jetpack_featured_media_url":"https:\/\/fatoelado.com\/wp-content\/uploads\/2025\/11\/DER-E-DEFESA-CIVIL-2.jpeg","_links":{"self":[{"href":"https:\/\/fatoelado.com\/index.php?rest_route=\/wp\/v2\/posts\/12620","targetHints":{"allow":["GET"]}}],"collection":[{"href":"https:\/\/fatoelado.com\/index.php?rest_route=\/wp\/v2\/posts"}],"about":[{"href":"https:\/\/fatoelado.com\/index.php?rest_route=\/wp\/v2\/types\/post"}],"author":[{"embeddable":true,"href":"https:\/\/fatoelado.com\/index.php?rest_route=\/wp\/v2\/users\/3"}],"replies":[{"embeddable":true,"href":"https:\/\/fatoelado.com\/index.php?rest_route=%2Fwp%2Fv2%2Fcomments&post=12620"}],"version-history":[{"count":1,"href":"https:\/\/fatoelado.com\/index.php?rest_route=\/wp\/v2\/posts\/12620\/revisions"}],"predecessor-version":[{"id":12622,"href":"https:\/\/fatoelado.com\/index.php?rest_route=\/wp\/v2\/posts\/12620\/revisions\/12622"}],"wp:featuredmedia":[{"embeddable":true,"href":"https:\/\/fatoelado.com\/index.php?rest_route=\/wp\/v2\/media\/12621"}],"wp:attachment":[{"href":"https:\/\/fatoelado.com\/index.php?rest_route=%2Fwp%2Fv2%2Fmedia&parent=12620"}],"wp:term":[{"taxonomy":"category","embeddable":true,"href":"https:\/\/fatoelado.com\/index.php?rest_route=%2Fwp%2Fv2%2Fcategories&post=12620"},{"taxonomy":"post_tag","embeddable":true,"href":"https:\/\/fatoelado.com\/index.php?rest_route=%2Fwp%2Fv2%2Ftags&post=12620"}],"curies":[{"name":"wp","href":"https:\/\/api.w.org\/{rel}","templated":true}]}}