{"id":12617,"date":"2025-11-12T15:18:30","date_gmt":"2025-11-12T18:18:30","guid":{"rendered":"https:\/\/fatoelado.com\/?p=12617"},"modified":"2025-11-12T15:18:30","modified_gmt":"2025-11-12T18:18:30","slug":"gestores-que-inspiram-o-papel-dos-diretores-na-universalizacao-do-ensino-de-tempo-integral-no-piaui","status":"publish","type":"post","link":"https:\/\/fatoelado.com\/?p=12617","title":{"rendered":"Gestores que inspiram: o papel dos diretores na universaliza\u00e7\u00e3o do ensino de tempo integral no Piau\u00ed"},"content":{"rendered":"<h2 class=\"elementor-heading-title elementor-size-default\" style=\"text-align: center;\">Por tr\u00e1s dos bons resultados que colocam o Piau\u00ed entre os melhores do Brasil est\u00e3o gestores que lideram equipes, acolhem estudantes, aproximam as fam\u00edlias da escola e garantem que o tempo integral seja mais do que a amplia\u00e7\u00e3o da jornada.<\/h2>\n<p>&nbsp;<\/p>\n<p>O Piau\u00ed celebra, nesta quarta-feira (12), o Dia do Diretor Escolar, reconhecendo o papel essencial desses profissionais que est\u00e3o \u00e0 frente da maior transforma\u00e7\u00e3o da educa\u00e7\u00e3o p\u00fablica do Estado: a universaliza\u00e7\u00e3o do ensino m\u00e9dio em tempo integral. Por tr\u00e1s dos bons resultados que colocam o Piau\u00ed entre os melhores do Brasil est\u00e3o gestores que lideram equipes, acolhem estudantes, aproximam as fam\u00edlias da escola e garantem que o tempo integral seja mais do que a amplia\u00e7\u00e3o da jornada, seja uma experi\u00eancia que transforma vidas.<\/p>\n<p>No Centro Estadual de Tempo Integral (Ceti) Liceu Parnaibano, em Parna\u00edba, o diretor Fernando Lima conta que a chegada do modelo de tempo\u00a0integral, em 2024, impulsionou uma nova din\u00e2mica na comunidade escolar.\u00a0\u201cA rotina mudou completamente. Os estudantes agora t\u00eam mais tempo na escola e participam de projetos, oficinas e atividades que ampliam horizontes. Alguns deles chegaram at\u00e9 a participar de interc\u00e2mbios depois de vencer o Seduckathon. \u00c9 gratificante ver o quanto cresceram\u201d, afirma.<\/p>\n<figure id=\"attachment_98552\" class=\"wp-caption alignnone\" aria-describedby=\"caption-attachment-98552\"><img loading=\"lazy\" decoding=\"async\" class=\"wp-image-98552 size-full\" src=\"https:\/\/www.pi.gov.br\/wp-content\/uploads\/2025\/11\/Fernando-Lima-Ceti-Liceu-Parnaibano.jpg\" sizes=\"auto, (max-width: 1080px) 100vw, 1080px\" srcset=\"https:\/\/www.pi.gov.br\/wp-content\/uploads\/2025\/11\/Fernando-Lima-Ceti-Liceu-Parnaibano.jpg 1080w, https:\/\/www.pi.gov.br\/wp-content\/uploads\/2025\/11\/Fernando-Lima-Ceti-Liceu-Parnaibano-300x169.jpg 300w, https:\/\/www.pi.gov.br\/wp-content\/uploads\/2025\/11\/Fernando-Lima-Ceti-Liceu-Parnaibano-1024x576.jpg 1024w, https:\/\/www.pi.gov.br\/wp-content\/uploads\/2025\/11\/Fernando-Lima-Ceti-Liceu-Parnaibano-768x432.jpg 768w\" alt=\"\" width=\"1080\" height=\"608\" \/><figcaption id=\"caption-attachment-98552\" class=\"wp-caption-text\"><em>Foto: Ascom Seduc<\/em><\/figcaption><\/figure>\n<p>Em Teresina, a gestora Deusenira Sousa, do Ceti Jo\u00e3o Henrique de Almeida Sousa, uma das primeiras escolas de tempo integral do Piau\u00ed, destaca que o trabalho do diretor em uma escola com esse modelo exige um olhar ainda mais atento e integrado.<\/p>\n<p>\u201cGerir uma escola de tempo integral \u00e9 diferente de uma escola regular, porque estamos presentes em todos os momentos da rotina dos estudantes, do acolhimento \u00e0s atividades pedag\u00f3gicas, culturais, esportivas e at\u00e9 na alimenta\u00e7\u00e3o. \u00c9 um trabalho de acompanhamento constante, que envolve toda a comunidade escolar\u201d, explica Deusenira. Para ela, o segredo est\u00e1 na for\u00e7a da gest\u00e3o e na uni\u00e3o da equipe. \u201cNada disso seria poss\u00edvel sem o comprometimento dos professores e de todos que fazem parte da escola.\u201d<\/p>\n<p>Em Cocal dos Alves, o diretor Darkson Vieira, do Ceti Augustinho Brand\u00e3o, refer\u00eancia nacional em resultados, destaca que o envolvimento da comunidade escolar \u00e9 o que faz o trabalho da gest\u00e3o dar certo. \u201cO diretor \u00e9 o elo entre alunos, professores e fam\u00edlias. Quando todos compreendem o valor do tempo integral, a escola se transforma em um espa\u00e7o de pertencimento e oportunidades\u201d, afirma.<\/p>\n<figure id=\"attachment_98544\" class=\"wp-caption alignnone\" aria-describedby=\"caption-attachment-98544\"><img loading=\"lazy\" decoding=\"async\" class=\"wp-image-98544 size-full\" src=\"https:\/\/www.pi.gov.br\/wp-content\/uploads\/2025\/11\/deusenira-e-alunos.jpeg\" sizes=\"auto, (max-width: 2048px) 100vw, 2048px\" srcset=\"https:\/\/www.pi.gov.br\/wp-content\/uploads\/2025\/11\/deusenira-e-alunos.jpeg 2048w, https:\/\/www.pi.gov.br\/wp-content\/uploads\/2025\/11\/deusenira-e-alunos-300x225.jpeg 300w, https:\/\/www.pi.gov.br\/wp-content\/uploads\/2025\/11\/deusenira-e-alunos-1024x768.jpeg 1024w, https:\/\/www.pi.gov.br\/wp-content\/uploads\/2025\/11\/deusenira-e-alunos-768x576.jpeg 768w, https:\/\/www.pi.gov.br\/wp-content\/uploads\/2025\/11\/deusenira-e-alunos-1536x1152.jpeg 1536w\" alt=\"\" width=\"2048\" height=\"1536\" \/><figcaption id=\"caption-attachment-98544\" class=\"wp-caption-text\"><em>Foto: Ascom Seduc<\/em><\/figcaption><\/figure>\n<p>O secret\u00e1rio de Estado da Educa\u00e7\u00e3o, Washington Bandeira, refor\u00e7a que os diretores s\u00e3o pe\u00e7as-chave na revolu\u00e7\u00e3o educacional que o Piau\u00ed vive. \u201cO tempo integral \u00e9 muito mais do que uma mudan\u00e7a de hor\u00e1rio. \u00c9 uma transforma\u00e7\u00e3o profunda no jeito de ensinar e aprender. Nossos diretores s\u00e3o l\u00edderes dessa mudan\u00e7a. Com dedica\u00e7\u00e3o e amor pela Educa\u00e7\u00e3o, eles transformam cada escola em um espa\u00e7o de acolhimento, inova\u00e7\u00e3o e esperan\u00e7a. Essa \u00e9 a verdadeira revolu\u00e7\u00e3o educacional que o Piau\u00ed est\u00e1 realizando\u201d, destacou.<br \/>\nEm reconhecimento ao trabalho desses profissionais, o Governo do Estado reajustou, em 2025, a gratifica\u00e7\u00e3o dos diretores das Escolas de Tempo Integral, que passou de R$ 1.500,00 para R$ 2.000,00 para aqueles que atuam em regime de dedica\u00e7\u00e3o exclusiva.<\/p>\n<p>Os resultados j\u00e1 refletem esse esfor\u00e7o coletivo: o Piau\u00ed ocupa o 1\u00ba lugar no Nordeste e o 4\u00ba lugar no Brasil no \u00cdndice de Desenvolvimento da Educa\u00e7\u00e3o B\u00e1sica\u00a0\u2013 Ideb 2023, um marco hist\u00f3rico que traduz o trabalho de uma rede unida em torno do prop\u00f3sito comum de transformar vidas de crian\u00e7as, jovens e adultos por meio da Educa\u00e7\u00e3o.<\/p>\n<figure id=\"attachment_98553\" class=\"wp-caption alignnone\" aria-describedby=\"caption-attachment-98553\"><img loading=\"lazy\" decoding=\"async\" class=\"wp-image-98553 size-full\" src=\"https:\/\/www.pi.gov.br\/wp-content\/uploads\/2025\/11\/Darkson-Gestor-do-Ceti-Augustinho-Brandao-em-Cocal-dos-Alves-1.jpeg\" sizes=\"auto, (max-width: 1107px) 100vw, 1107px\" srcset=\"https:\/\/www.pi.gov.br\/wp-content\/uploads\/2025\/11\/Darkson-Gestor-do-Ceti-Augustinho-Brandao-em-Cocal-dos-Alves-1.jpeg 1107w, https:\/\/www.pi.gov.br\/wp-content\/uploads\/2025\/11\/Darkson-Gestor-do-Ceti-Augustinho-Brandao-em-Cocal-dos-Alves-1-300x195.jpeg 300w, https:\/\/www.pi.gov.br\/wp-content\/uploads\/2025\/11\/Darkson-Gestor-do-Ceti-Augustinho-Brandao-em-Cocal-dos-Alves-1-1024x666.jpeg 1024w, https:\/\/www.pi.gov.br\/wp-content\/uploads\/2025\/11\/Darkson-Gestor-do-Ceti-Augustinho-Brandao-em-Cocal-dos-Alves-1-768x500.jpeg 768w\" alt=\"\" width=\"1107\" height=\"720\" \/><figcaption id=\"caption-attachment-98553\" class=\"wp-caption-text\"><em>Foto: Ascom Seduc<\/em><\/figcaption><\/figure>\n<p>&nbsp;<\/p>\n<p>Fonte: Portal pi.Gov<br \/>\nConfira esta e outras mat\u00e9rias na \u00edntegra pelo link: https:\/\/www.pi.gov.br\/gestores-que-inspiram-o-papel-dos-diretores-na-universalizacao-do-ensino-de-tempo-integral-no-piaui\/<\/p>\n","protected":false},"excerpt":{"rendered":"<p>Por tr\u00e1s dos bons resultados que colocam o Piau\u00ed entre os melhores do Brasil est\u00e3o gestores que lideram equipes, acolhem estudantes, aproximam as fam\u00edlias da escola e garantem que o tempo integral seja mais do que a amplia\u00e7\u00e3o da jornada. &nbsp; O Piau\u00ed celebra, nesta quarta-feira (12), o Dia do Diretor Escolar, reconhecendo o papel [&hellip;]<\/p>\n","protected":false},"author":3,"featured_media":12618,"comment_status":"open","ping_status":"open","sticky":false,"template":"","format":"standard","meta":{"om_disable_all_campaigns":false,"_monsterinsights_skip_tracking":false,"_monsterinsights_sitenote_active":false,"_monsterinsights_sitenote_note":"","_monsterinsights_sitenote_category":0,"footnotes":""},"categories":[32,33],"tags":[],"class_list":["post-12617","post","type-post","status-publish","format-standard","has-post-thumbnail","hentry","category-educacao","category-piaui"],"jetpack_featured_media_url":"https:\/\/fatoelado.com\/wp-content\/uploads\/2025\/11\/deusenira-e-alunos.jpeg","_links":{"self":[{"href":"https:\/\/fatoelado.com\/index.php?rest_route=\/wp\/v2\/posts\/12617","targetHints":{"allow":["GET"]}}],"collection":[{"href":"https:\/\/fatoelado.com\/index.php?rest_route=\/wp\/v2\/posts"}],"about":[{"href":"https:\/\/fatoelado.com\/index.php?rest_route=\/wp\/v2\/types\/post"}],"author":[{"embeddable":true,"href":"https:\/\/fatoelado.com\/index.php?rest_route=\/wp\/v2\/users\/3"}],"replies":[{"embeddable":true,"href":"https:\/\/fatoelado.com\/index.php?rest_route=%2Fwp%2Fv2%2Fcomments&post=12617"}],"version-history":[{"count":1,"href":"https:\/\/fatoelado.com\/index.php?rest_route=\/wp\/v2\/posts\/12617\/revisions"}],"predecessor-version":[{"id":12619,"href":"https:\/\/fatoelado.com\/index.php?rest_route=\/wp\/v2\/posts\/12617\/revisions\/12619"}],"wp:featuredmedia":[{"embeddable":true,"href":"https:\/\/fatoelado.com\/index.php?rest_route=\/wp\/v2\/media\/12618"}],"wp:attachment":[{"href":"https:\/\/fatoelado.com\/index.php?rest_route=%2Fwp%2Fv2%2Fmedia&parent=12617"}],"wp:term":[{"taxonomy":"category","embeddable":true,"href":"https:\/\/fatoelado.com\/index.php?rest_route=%2Fwp%2Fv2%2Fcategories&post=12617"},{"taxonomy":"post_tag","embeddable":true,"href":"https:\/\/fatoelado.com\/index.php?rest_route=%2Fwp%2Fv2%2Ftags&post=12617"}],"curies":[{"name":"wp","href":"https:\/\/api.w.org\/{rel}","templated":true}]}}