{"id":12614,"date":"2025-11-12T15:17:41","date_gmt":"2025-11-12T18:17:41","guid":{"rendered":"https:\/\/fatoelado.com\/?p=12614"},"modified":"2025-11-12T15:17:41","modified_gmt":"2025-11-12T18:17:41","slug":"banco-mundial-inicia-missao-de-apoio-a-implementacao-do-progestao-piaui","status":"publish","type":"post","link":"https:\/\/fatoelado.com\/?p=12614","title":{"rendered":"Banco Mundial inicia miss\u00e3o de apoio \u00e0 implementa\u00e7\u00e3o do Progest\u00e3o Piau\u00ed"},"content":{"rendered":"<h2 class=\"elementor-heading-title elementor-size-default\" style=\"text-align: center;\">A previs\u00e3o da execu\u00e7\u00e3o do programa \u00e9 de 05 anos, mas a meta \u00e9 executar 70% dos projetos at\u00e9 2027.<\/h2>\n<p>&nbsp;<\/p>\n<p>Come\u00e7ou nesta ter\u00e7a-feira (12), a visita da miss\u00e3o de apoio \u00e0 implementa\u00e7\u00e3o do Progest\u00e3o Piau\u00ed, realizada pelo Banco Mundial (BIRD). O objetivo \u00e9 acompanhar o avan\u00e7o dos 36 projetos em andamento ou j\u00e1 executados pelo Estado, visando promover a sustentabilidade fiscal e a efici\u00eancia do gasto p\u00fablico. O programa prev\u00ea investimentos de US$ 55 milh\u00f5es (R$ 291,35 milh\u00f5es) nos \u00f3rg\u00e3os: Sefaz, Sead, Seduc, Sesapi, PiauiPrev, Sasc e PGE. A visita prossegue at\u00e9 a pr\u00f3xima sexta-feira (14).<\/p>\n<p>A previs\u00e3o da execu\u00e7\u00e3o do programa \u00e9 de cinco anos, mas a meta \u00e9 executar 70% dos projetos at\u00e9 2027, visando priorizar o compromisso do estado do Piau\u00ed com a otimiza\u00e7\u00e3o dos gastos p\u00fablicos e a melhoria da efici\u00eancia fiscal.<\/p>\n<p>\u201cEste momento \u00e9 de an\u00e1lise e supervis\u00e3o dos projetos que est\u00e3o sendo executados pelo Progest\u00e3o. Um passo significativo para assegurar que os recursos sejam empregados de forma respons\u00e1vel, promovendo o desenvolvimento sustent\u00e1vel e beneficiando diretamente a popula\u00e7\u00e3o piauiense\u201d,\u00a0 afirma o superintendente de Gest\u00e3o da Sefaz, Cristovam Cruz.<\/p>\n<figure id=\"attachment_98548\" class=\"wp-caption alignnone\" aria-describedby=\"caption-attachment-98548\"><img loading=\"lazy\" decoding=\"async\" class=\"wp-image-98548 size-full\" src=\"https:\/\/www.pi.gov.br\/wp-content\/uploads\/2025\/11\/9ac9977c-d9fe-43c8-b460-b417e720cd0c-scaled.jpg\" sizes=\"auto, (max-width: 2560px) 100vw, 2560px\" srcset=\"https:\/\/www.pi.gov.br\/wp-content\/uploads\/2025\/11\/9ac9977c-d9fe-43c8-b460-b417e720cd0c-scaled.jpg 2560w, https:\/\/www.pi.gov.br\/wp-content\/uploads\/2025\/11\/9ac9977c-d9fe-43c8-b460-b417e720cd0c-300x169.jpg 300w, https:\/\/www.pi.gov.br\/wp-content\/uploads\/2025\/11\/9ac9977c-d9fe-43c8-b460-b417e720cd0c-1024x576.jpg 1024w, https:\/\/www.pi.gov.br\/wp-content\/uploads\/2025\/11\/9ac9977c-d9fe-43c8-b460-b417e720cd0c-768x432.jpg 768w, https:\/\/www.pi.gov.br\/wp-content\/uploads\/2025\/11\/9ac9977c-d9fe-43c8-b460-b417e720cd0c-1536x864.jpg 1536w, https:\/\/www.pi.gov.br\/wp-content\/uploads\/2025\/11\/9ac9977c-d9fe-43c8-b460-b417e720cd0c-2048x1152.jpg 2048w\" alt=\"\" width=\"2560\" height=\"1440\" \/><figcaption id=\"caption-attachment-98548\" class=\"wp-caption-text\">Foto: Ascom Sefaz<\/figcaption><\/figure>\n<p>Participaram da abertura da miss\u00e3o, o superintendente de Gest\u00e3o da Sefaz, Cristovam Cruz, que tamb\u00e9m coordena a Unidade de Gest\u00e3o de Projetos (UGP), o diretor Moreira Neto, os secret\u00e1rios de Estado da Administra\u00e7\u00e3o, Samuel Nascimento, e da Sasc, Jo\u00e3o de Deus Sousa, al\u00e9m do secret\u00e1rio adjunto da Seduc, Rodrigo Torres.<\/p>\n<p>Pelo BIRD, participaram a co-gerente do projeto, Sadia Afolabi, e a especialista s\u00eanior em Gerenciamento Financeiro, Viviane Lantyer. A reuni\u00e3o contou ainda com a participa\u00e7\u00e3o virtual da gerente do projeto, Rovane Schwengber.<\/p>\n<figure id=\"attachment_98549\" class=\"wp-caption alignnone\" aria-describedby=\"caption-attachment-98549\"><img loading=\"lazy\" decoding=\"async\" class=\"wp-image-98549 size-full\" src=\"https:\/\/www.pi.gov.br\/wp-content\/uploads\/2025\/11\/adf4c17e-5aff-4c82-a6a5-c08cf95bf051-scaled.jpg\" sizes=\"auto, (max-width: 2560px) 100vw, 2560px\" srcset=\"https:\/\/www.pi.gov.br\/wp-content\/uploads\/2025\/11\/adf4c17e-5aff-4c82-a6a5-c08cf95bf051-scaled.jpg 2560w, https:\/\/www.pi.gov.br\/wp-content\/uploads\/2025\/11\/adf4c17e-5aff-4c82-a6a5-c08cf95bf051-300x169.jpg 300w, https:\/\/www.pi.gov.br\/wp-content\/uploads\/2025\/11\/adf4c17e-5aff-4c82-a6a5-c08cf95bf051-1024x576.jpg 1024w, https:\/\/www.pi.gov.br\/wp-content\/uploads\/2025\/11\/adf4c17e-5aff-4c82-a6a5-c08cf95bf051-768x432.jpg 768w, https:\/\/www.pi.gov.br\/wp-content\/uploads\/2025\/11\/adf4c17e-5aff-4c82-a6a5-c08cf95bf051-1536x864.jpg 1536w, https:\/\/www.pi.gov.br\/wp-content\/uploads\/2025\/11\/adf4c17e-5aff-4c82-a6a5-c08cf95bf051-2048x1152.jpg 2048w\" alt=\"\" width=\"2560\" height=\"1440\" \/><figcaption id=\"caption-attachment-98549\" class=\"wp-caption-text\">Foto: Ascom Sefaz<\/p>\n<p>Fonte: Portal pi.Gov<br \/>\nConfira esta e outras mat\u00e9rias na \u00edntegra pelo link: https:\/\/www.pi.gov.br\/banco-mundial-inicia-missao-de-apoio-a-implementacao-do-progestao-piaui\/<\/figcaption><\/figure>\n","protected":false},"excerpt":{"rendered":"<p>A previs\u00e3o da execu\u00e7\u00e3o do programa \u00e9 de 05 anos, mas a meta \u00e9 executar 70% dos projetos at\u00e9 2027. &nbsp; Come\u00e7ou nesta ter\u00e7a-feira (12), a visita da miss\u00e3o de apoio \u00e0 implementa\u00e7\u00e3o do Progest\u00e3o Piau\u00ed, realizada pelo Banco Mundial (BIRD). O objetivo \u00e9 acompanhar o avan\u00e7o dos 36 projetos em andamento ou j\u00e1 executados [&hellip;]<\/p>\n","protected":false},"author":3,"featured_media":12615,"comment_status":"open","ping_status":"open","sticky":false,"template":"","format":"standard","meta":{"om_disable_all_campaigns":false,"_monsterinsights_skip_tracking":false,"_monsterinsights_sitenote_active":false,"_monsterinsights_sitenote_note":"","_monsterinsights_sitenote_category":0,"footnotes":""},"categories":[33],"tags":[],"class_list":["post-12614","post","type-post","status-publish","format-standard","has-post-thumbnail","hentry","category-piaui"],"jetpack_featured_media_url":"https:\/\/fatoelado.com\/wp-content\/uploads\/2025\/11\/9ac9977c-d9fe-43c8-b460-b417e720cd0c-2048x1152-1.jpg","_links":{"self":[{"href":"https:\/\/fatoelado.com\/index.php?rest_route=\/wp\/v2\/posts\/12614","targetHints":{"allow":["GET"]}}],"collection":[{"href":"https:\/\/fatoelado.com\/index.php?rest_route=\/wp\/v2\/posts"}],"about":[{"href":"https:\/\/fatoelado.com\/index.php?rest_route=\/wp\/v2\/types\/post"}],"author":[{"embeddable":true,"href":"https:\/\/fatoelado.com\/index.php?rest_route=\/wp\/v2\/users\/3"}],"replies":[{"embeddable":true,"href":"https:\/\/fatoelado.com\/index.php?rest_route=%2Fwp%2Fv2%2Fcomments&post=12614"}],"version-history":[{"count":1,"href":"https:\/\/fatoelado.com\/index.php?rest_route=\/wp\/v2\/posts\/12614\/revisions"}],"predecessor-version":[{"id":12616,"href":"https:\/\/fatoelado.com\/index.php?rest_route=\/wp\/v2\/posts\/12614\/revisions\/12616"}],"wp:featuredmedia":[{"embeddable":true,"href":"https:\/\/fatoelado.com\/index.php?rest_route=\/wp\/v2\/media\/12615"}],"wp:attachment":[{"href":"https:\/\/fatoelado.com\/index.php?rest_route=%2Fwp%2Fv2%2Fmedia&parent=12614"}],"wp:term":[{"taxonomy":"category","embeddable":true,"href":"https:\/\/fatoelado.com\/index.php?rest_route=%2Fwp%2Fv2%2Fcategories&post=12614"},{"taxonomy":"post_tag","embeddable":true,"href":"https:\/\/fatoelado.com\/index.php?rest_route=%2Fwp%2Fv2%2Ftags&post=12614"}],"curies":[{"name":"wp","href":"https:\/\/api.w.org\/{rel}","templated":true}]}}