{"id":12446,"date":"2025-11-09T13:50:17","date_gmt":"2025-11-09T16:50:17","guid":{"rendered":"https:\/\/fatoelado.com\/?p=12446"},"modified":"2025-11-09T13:50:17","modified_gmt":"2025-11-09T16:50:17","slug":"com-mais-de-1400-alunos-escola-estadual-de-musica-promove-inclusao-no-piaui","status":"publish","type":"post","link":"https:\/\/fatoelado.com\/?p=12446","title":{"rendered":"Com mais de 1400 alunos, Escola Estadual de M\u00fasica promove inclus\u00e3o no Piau\u00ed"},"content":{"rendered":"<h2 class=\"elementor-heading-title elementor-size-default\" style=\"text-align: center;\">Escola Possid\u00f4nio Queiroz democratiza o acesso ao ensino musical e revela talentos.<\/h2>\n<p>&nbsp;<\/p>\n<p>A Escola Estadual de M\u00fasica Possid\u00f4nio Queiroz \u00e9 mantida pelo Governo do Estado do Piau\u00ed, por meio da Secretaria de Estado da Cultura (Secult), e \u00e9 reconhecida como um dos mais tradicionais centros de forma\u00e7\u00e3o musical do estado. Com d\u00e9cadas de atua\u00e7\u00e3o, a escola se consolidou como refer\u00eancia no ensino da m\u00fasica, promovendo inclus\u00e3o, acessibilidade e o desenvolvimento de talentos em diversas gera\u00e7\u00f5es.<\/p>\n<p>Atualmente, a escola conta com mais de 1.400 alunos matriculados e oferece 27 cursos diferentes, com mensalidades acess\u00edveis e gratuidade para estudantes da rede p\u00fablica estadual. O atendimento \u00e9 de segunda a sexta-feira, das 8h \u00e0s 18h50min, e a faixa et\u00e1ria dos alunos \u00e9 ampla, acolhendo desde crian\u00e7as a partir dos seis anos at\u00e9 pessoas da terceira idade.<\/p>\n<figure id=\"attachment_70984\" class=\"wp-caption alignnone\" aria-describedby=\"caption-attachment-70984\"><img loading=\"lazy\" decoding=\"async\" class=\"wp-image-70984 size-full\" src=\"https:\/\/www.pi.gov.br\/wp-content\/uploads\/2025\/07\/Escola-de-Musica-1.jpeg\" sizes=\"auto, (max-width: 1280px) 100vw, 1280px\" srcset=\"https:\/\/www.pi.gov.br\/wp-content\/uploads\/2025\/07\/Escola-de-Musica-1.jpeg 1280w, https:\/\/www.pi.gov.br\/wp-content\/uploads\/2025\/07\/Escola-de-Musica-1-300x200.jpeg 300w, https:\/\/www.pi.gov.br\/wp-content\/uploads\/2025\/07\/Escola-de-Musica-1-1024x682.jpeg 1024w, https:\/\/www.pi.gov.br\/wp-content\/uploads\/2025\/07\/Escola-de-Musica-1-768x512.jpeg 768w\" alt=\"\" width=\"1280\" height=\"853\" \/><figcaption id=\"caption-attachment-70984\" class=\"wp-caption-text\">Foto: Leandro Soares<\/figcaption><\/figure>\n<p>Entre os cursos dispon\u00edveis, est\u00e3o: piano, flauta, violino, guitarra, bateria, acordeon, canto, pr\u00e1tica de conjunto, musicaliza\u00e7\u00e3o infantil e muitos outros. No total, s\u00e3o 27 op\u00e7\u00f5es de forma\u00e7\u00e3o, com instrumentos dispon\u00edveis para os alunos que ainda n\u00e3o possuem o pr\u00f3prio, o que facilita o in\u00edcio da jornada musical.<\/p>\n<p>A diretora Gislene Daniele, que iniciou sua trajet\u00f3ria como aluna da escola no curso de flauta doce, destaca o papel social da institui\u00e7\u00e3o. \u201c\u00c9 um espa\u00e7o que acolhe pessoas de todas as idades e origens, com professores experientes e estrutura que permite ao aluno aprender mesmo sem ter um instrumento em casa. Isso torna o acesso \u00e0 m\u00fasica mais democr\u00e1tico e transformador\u201d, explica.<\/p>\n<figure id=\"attachment_97346\" class=\"wp-caption alignnone\" aria-describedby=\"caption-attachment-97346\"><img loading=\"lazy\" decoding=\"async\" class=\"wp-image-97346 size-full\" src=\"https:\/\/www.pi.gov.br\/wp-content\/uploads\/2025\/11\/large_Escola_de_Musica_9_6d8b344577-fotoRegis-Falcao.jpeg\" sizes=\"auto, (max-width: 1000px) 100vw, 1000px\" srcset=\"https:\/\/www.pi.gov.br\/wp-content\/uploads\/2025\/11\/large_Escola_de_Musica_9_6d8b344577-fotoRegis-Falcao.jpeg 1000w, https:\/\/www.pi.gov.br\/wp-content\/uploads\/2025\/11\/large_Escola_de_Musica_9_6d8b344577-fotoRegis-Falcao-300x200.jpeg 300w, https:\/\/www.pi.gov.br\/wp-content\/uploads\/2025\/11\/large_Escola_de_Musica_9_6d8b344577-fotoRegis-Falcao-768x512.jpeg 768w\" alt=\"\" width=\"1000\" height=\"667\" \/><figcaption id=\"caption-attachment-97346\" class=\"wp-caption-text\">Foto: Regis Falc\u00e3o<\/figcaption><\/figure>\n<p><strong>Como se inscrever<\/strong><\/p>\n<p>As matr\u00edculas s\u00e3o realizadas presencialmente na sede da escola, localizada na Central de Artesanato Mestre Dezinho, na Rua Paissandu, n\u00ba 1276, Centro de Teresina. Para novos alunos, \u00e9 necess\u00e1rio apresentar CPF, carteira de identidade e declara\u00e7\u00e3o da escola onde estuda. As datas de matr\u00edcula s\u00e3o divulgadas semestralmente pelas redes sociais da Escola de M\u00fasica (@em.possidonioqueiroz).<\/p>\n<p>As matr\u00edculas seguem uma pol\u00edtica inclusiva: o p\u00fablico geral paga R$ 30,00 de matr\u00edcula e cinco parcelas de R$ 35,00 como taxa de manuten\u00e7\u00e3o. Estudantes da rede estadual pagam apenas R$ 25,00 de matr\u00edcula, sem mensalidade. J\u00e1 alunos da rede municipal, federal ou filantr\u00f3pica pagam matr\u00edcula de R$ 25,00 e quatro parcelas de R$ 25,00.<\/p>\n<p>Para mais informa\u00e7\u00f5es, os interessados podem entrar em contato pelo telefone (86) 98893-9303.<\/p>\n<p><img loading=\"lazy\" decoding=\"async\" class=\"alignnone size-full wp-image-97341\" src=\"https:\/\/www.pi.gov.br\/wp-content\/uploads\/2025\/11\/Design-sem-nome.jpg\" sizes=\"auto, (max-width: 1920px) 100vw, 1920px\" srcset=\"https:\/\/www.pi.gov.br\/wp-content\/uploads\/2025\/11\/Design-sem-nome.jpg 1920w, https:\/\/www.pi.gov.br\/wp-content\/uploads\/2025\/11\/Design-sem-nome-300x169.jpg 300w, https:\/\/www.pi.gov.br\/wp-content\/uploads\/2025\/11\/Design-sem-nome-1024x576.jpg 1024w, https:\/\/www.pi.gov.br\/wp-content\/uploads\/2025\/11\/Design-sem-nome-768x432.jpg 768w, https:\/\/www.pi.gov.br\/wp-content\/uploads\/2025\/11\/Design-sem-nome-1536x864.jpg 1536w\" alt=\"\" width=\"1920\" height=\"1080\" \/><\/p>\n<p>&nbsp;<\/p>\n<p>Fonte: Portal pi.Gov<br \/>\nConfira esta e outras mat\u00e9rias na \u00edntegra pelo link: https:\/\/www.pi.gov.br\/com-mais-de-1400-alunos-escola-estadual-de-musica-promove-inclusao-no-piaui\/<\/p>\n","protected":false},"excerpt":{"rendered":"<p>Escola Possid\u00f4nio Queiroz democratiza o acesso ao ensino musical e revela talentos. &nbsp; A Escola Estadual de M\u00fasica Possid\u00f4nio Queiroz \u00e9 mantida pelo Governo do Estado do Piau\u00ed, por meio da Secretaria de Estado da Cultura (Secult), e \u00e9 reconhecida como um dos mais tradicionais centros de forma\u00e7\u00e3o musical do estado. Com d\u00e9cadas de atua\u00e7\u00e3o, [&hellip;]<\/p>\n","protected":false},"author":3,"featured_media":12447,"comment_status":"open","ping_status":"open","sticky":false,"template":"","format":"standard","meta":{"om_disable_all_campaigns":false,"_monsterinsights_skip_tracking":false,"_monsterinsights_sitenote_active":false,"_monsterinsights_sitenote_note":"","_monsterinsights_sitenote_category":0,"footnotes":""},"categories":[33],"tags":[],"class_list":["post-12446","post","type-post","status-publish","format-standard","has-post-thumbnail","hentry","category-piaui"],"jetpack_featured_media_url":"https:\/\/fatoelado.com\/wp-content\/uploads\/2025\/11\/Captura-de-tela-2025-11-09-131119.png","_links":{"self":[{"href":"https:\/\/fatoelado.com\/index.php?rest_route=\/wp\/v2\/posts\/12446","targetHints":{"allow":["GET"]}}],"collection":[{"href":"https:\/\/fatoelado.com\/index.php?rest_route=\/wp\/v2\/posts"}],"about":[{"href":"https:\/\/fatoelado.com\/index.php?rest_route=\/wp\/v2\/types\/post"}],"author":[{"embeddable":true,"href":"https:\/\/fatoelado.com\/index.php?rest_route=\/wp\/v2\/users\/3"}],"replies":[{"embeddable":true,"href":"https:\/\/fatoelado.com\/index.php?rest_route=%2Fwp%2Fv2%2Fcomments&post=12446"}],"version-history":[{"count":1,"href":"https:\/\/fatoelado.com\/index.php?rest_route=\/wp\/v2\/posts\/12446\/revisions"}],"predecessor-version":[{"id":12448,"href":"https:\/\/fatoelado.com\/index.php?rest_route=\/wp\/v2\/posts\/12446\/revisions\/12448"}],"wp:featuredmedia":[{"embeddable":true,"href":"https:\/\/fatoelado.com\/index.php?rest_route=\/wp\/v2\/media\/12447"}],"wp:attachment":[{"href":"https:\/\/fatoelado.com\/index.php?rest_route=%2Fwp%2Fv2%2Fmedia&parent=12446"}],"wp:term":[{"taxonomy":"category","embeddable":true,"href":"https:\/\/fatoelado.com\/index.php?rest_route=%2Fwp%2Fv2%2Fcategories&post=12446"},{"taxonomy":"post_tag","embeddable":true,"href":"https:\/\/fatoelado.com\/index.php?rest_route=%2Fwp%2Fv2%2Ftags&post=12446"}],"curies":[{"name":"wp","href":"https:\/\/api.w.org\/{rel}","templated":true}]}}