{"id":12443,"date":"2025-11-09T13:49:28","date_gmt":"2025-11-09T16:49:28","guid":{"rendered":"https:\/\/fatoelado.com\/?p=12443"},"modified":"2025-11-09T13:49:28","modified_gmt":"2025-11-09T16:49:28","slug":"programa-juventude-rural-transformadora-muda-realidades-no-campo-e-tera-o-dobro-de-vagas-em-2026","status":"publish","type":"post","link":"https:\/\/fatoelado.com\/?p=12443","title":{"rendered":"Programa Juventude Rural Transformadora muda realidades no campo e ter\u00e1 o dobro de vagas em 2026"},"content":{"rendered":"<h2 class=\"elementor-heading-title elementor-size-default\" style=\"text-align: center;\">O programa atualmente beneficia 100 jovens de 18 a 25 anos em todos os territ\u00f3rios do estado.<\/h2>\n<p>&nbsp;<\/p>\n<p>O Programa Juventude Rural Transformadora tem levado conhecimento, inclus\u00e3o e novas oportunidades a jovens do campo em todo o Piau\u00ed. A iniciativa, que forma e incentiva jovens empreendedores rurais, j\u00e1 apresenta resultados concretos na gera\u00e7\u00e3o de renda, no fortalecimento da agricultura familiar e na valoriza\u00e7\u00e3o da vida no campo. Diante dos bons resultados, o governador Rafael Fonteles anunciou, no fim de outubro, a amplia\u00e7\u00e3o do programa, que passar\u00e1 de 100 para 200 vagas em 2026.<\/p>\n<p>Atualmente, o programa beneficia jovens de 18 a 25 anos, distribu\u00eddos nos 12 territ\u00f3rios de desenvolvimento do estado. O Juventude Rural Transformadora \u00e9 uma a\u00e7\u00e3o conjunta da Secretaria da Agricultura Familiar (SAF), Secretaria da Educa\u00e7\u00e3o (Seduc), Instituto Federal do Piau\u00ed (IFPI) e Centro Brasileiro de An\u00e1lise e Planejamento (Cebrap), com recursos do Minist\u00e9rio do Desenvolvimento e Assist\u00eancia Social, Fam\u00edlia e Combate \u00e0 Fome (MDS).<\/p>\n<p>\u201c\u00c9 um programa que, ainda mais agora com a amplia\u00e7\u00e3o, reafirma o compromisso do Governo do Estado e da Secretaria da Agricultura Familiar com o desenvolvimento sustent\u00e1vel, a educa\u00e7\u00e3o e a valoriza\u00e7\u00e3o da juventude rural, consolidando o campo como um espa\u00e7o de inova\u00e7\u00e3o, renda e qualidade de vida\u201d, afirmou a secret\u00e1ria da Agricultura Familiar, Rejane Tavares.<\/p>\n<figure id=\"attachment_70237\" class=\"wp-caption alignnone\" aria-describedby=\"caption-attachment-70237\"><img loading=\"lazy\" decoding=\"async\" class=\"wp-image-70237 size-full\" src=\"https:\/\/www.pi.gov.br\/wp-content\/uploads\/2025\/07\/IMG_0872-scaled.jpg\" sizes=\"auto, (max-width: 2560px) 100vw, 2560px\" srcset=\"https:\/\/www.pi.gov.br\/wp-content\/uploads\/2025\/07\/IMG_0872-scaled.jpg 2560w, https:\/\/www.pi.gov.br\/wp-content\/uploads\/2025\/07\/IMG_0872-300x200.jpg 300w, https:\/\/www.pi.gov.br\/wp-content\/uploads\/2025\/07\/IMG_0872-1024x683.jpg 1024w, https:\/\/www.pi.gov.br\/wp-content\/uploads\/2025\/07\/IMG_0872-768x512.jpg 768w, https:\/\/www.pi.gov.br\/wp-content\/uploads\/2025\/07\/IMG_0872-1536x1024.jpg 1536w, https:\/\/www.pi.gov.br\/wp-content\/uploads\/2025\/07\/IMG_0872-2048x1365.jpg 2048w\" alt=\"\" width=\"2560\" height=\"1707\" \/><figcaption id=\"caption-attachment-70237\" class=\"wp-caption-text\">Foto: Geirlys Silva \/ SAF<\/figcaption><\/figure>\n<p>De acordo com o professor do IFPI e coordenador institucional do programa, Thiago Soares da Silva, a iniciativa tem conseguido despertar o protagonismo da juventude rural e promover transforma\u00e7\u00f5es efetivas nas comunidades. \u201cO Juventude Rural Transformadora \u00e9 uma a\u00e7\u00e3o que envolve v\u00e1rias institui\u00e7\u00f5es, todas com o mesmo objetivo de transformar o campo atrav\u00e9s do conhecimento. Estamos formando 100 jovens em temas de gest\u00e3o, tecnologia, sociedade e empreendedorismo, e j\u00e1 percebemos resultados concretos. Esses jovens est\u00e3o estimulados, levando aprendizado e aplicando na pr\u00e1tica as pol\u00edticas p\u00fablicas da agricultura familiar, o que tem trazido mudan\u00e7as reais nas comunidades\u201d, destaca o coordenador.<\/p>\n<p>Thiago explica que o programa alia forma\u00e7\u00e3o te\u00f3rica e pr\u00e1tica, com atividades de campo e integra\u00e7\u00e3o entre ensino, inova\u00e7\u00e3o e pol\u00edticas p\u00fablicas. \u201cEssa uni\u00e3o de esfor\u00e7os entre SAF, Seduc, IFPI, Cebrap e MDS tem sido essencial para que o programa aconte\u00e7a. \u00c9 um trabalho conjunto que tem promovido essa transforma\u00e7\u00e3o no campo e mostrado que o campo \u00e9 fonte de renda e de vida\u201d, completa o professor.<\/p>\n<p>Ele refor\u00e7a que a decis\u00e3o do Governo do Estado de ampliar o n\u00famero de vagas refor\u00e7a a consolida\u00e7\u00e3o do projeto. \u201cSe vamos aumentar para 200 vagas \u00e9 porque o programa est\u00e1 dando certo. Os jovens est\u00e3o gostando, participando e j\u00e1 produzindo. Temos alunos que j\u00e1 est\u00e3o produzindo carne, caju\u00edna e outros produtos, mostrando na pr\u00e1tica que a educa\u00e7\u00e3o rural voltada \u00e0 inova\u00e7\u00e3o e \u00e0 tecnologia transforma a realidade do nosso estado\u201d, afirma o coordenador.<\/p>\n<figure id=\"attachment_96267\" class=\"wp-caption alignnone\" aria-describedby=\"caption-attachment-96267\"><img loading=\"lazy\" decoding=\"async\" class=\"wp-image-96267 size-full\" src=\"https:\/\/www.pi.gov.br\/wp-content\/uploads\/2025\/11\/WhatsApp-Image-2025-11-04-at-09.40.29-scaled.jpeg\" sizes=\"auto, (max-width: 2560px) 100vw, 2560px\" srcset=\"https:\/\/www.pi.gov.br\/wp-content\/uploads\/2025\/11\/WhatsApp-Image-2025-11-04-at-09.40.29-scaled.jpeg 2560w, https:\/\/www.pi.gov.br\/wp-content\/uploads\/2025\/11\/WhatsApp-Image-2025-11-04-at-09.40.29-300x169.jpeg 300w, https:\/\/www.pi.gov.br\/wp-content\/uploads\/2025\/11\/WhatsApp-Image-2025-11-04-at-09.40.29-1024x576.jpeg 1024w, https:\/\/www.pi.gov.br\/wp-content\/uploads\/2025\/11\/WhatsApp-Image-2025-11-04-at-09.40.29-768x432.jpeg 768w, https:\/\/www.pi.gov.br\/wp-content\/uploads\/2025\/11\/WhatsApp-Image-2025-11-04-at-09.40.29-1536x864.jpeg 1536w, https:\/\/www.pi.gov.br\/wp-content\/uploads\/2025\/11\/WhatsApp-Image-2025-11-04-at-09.40.29-2048x1152.jpeg 2048w\" alt=\"\" width=\"2560\" height=\"1440\" \/><figcaption id=\"caption-attachment-96267\" class=\"wp-caption-text\">Foto: Clayton Gomes \/ SECOM<\/figcaption><\/figure>\n<p>Entre os formandos, Jo\u00e3o Henrique Santos, de 21 anos, do munic\u00edpio de Wall Ferraz, conta que o programa ampliou seus horizontes e oportunizou novas possibilidades de atua\u00e7\u00e3o no campo. \u201cO programa me deu a oportunidade de conhecer outras realidades, trocar experi\u00eancias e ajudar outras pessoas. \u00c9 uma forma de incluir jovens, levar conhecimento e apoiar a agricultura familiar. N\u00f3s acompanhamos os t\u00e9cnicos em outros munic\u00edpios, levando informa\u00e7\u00e3o e ajudando a desenvolver os territ\u00f3rios, ao mesmo tempo em aprendemos bastante\u201d, relata o estudante.<\/p>\n<p>Os jovens participantes ainda recebem um incentivo financeiro mensal de R$ 1.000,00, al\u00e9m de ajuda de custo para transporte e alimenta\u00e7\u00e3o, o que permite dedica\u00e7\u00e3o integral \u00e0s atividades do programa. \u201cEssa bolsa \u00e9 fundamental para que possamos nos deslocar, participar das atividades e nos dedicarmos ao Juventude Rural. \u00c9 um incentivo que ajuda muito e faz diferen\u00e7a\u201d, completa Jo\u00e3o Henrique.<\/p>\n<p>&nbsp;<\/p>\n<p>Fonte: Portal pi.Gov<br \/>\nConfira esta e outras mat\u00e9rias na \u00edntegra pelo link: https:\/\/www.pi.gov.br\/juventude-rural-transformadora-muda-realidades-no-campo-e-tera-o-dobro-de-vagas-em-2026\/<\/p>\n","protected":false},"excerpt":{"rendered":"<p>O programa atualmente beneficia 100 jovens de 18 a 25 anos em todos os territ\u00f3rios do estado. &nbsp; O Programa Juventude Rural Transformadora tem levado conhecimento, inclus\u00e3o e novas oportunidades a jovens do campo em todo o Piau\u00ed. A iniciativa, que forma e incentiva jovens empreendedores rurais, j\u00e1 apresenta resultados concretos na gera\u00e7\u00e3o de renda, [&hellip;]<\/p>\n","protected":false},"author":3,"featured_media":12444,"comment_status":"open","ping_status":"open","sticky":false,"template":"","format":"standard","meta":{"om_disable_all_campaigns":false,"_monsterinsights_skip_tracking":false,"_monsterinsights_sitenote_active":false,"_monsterinsights_sitenote_note":"","_monsterinsights_sitenote_category":0,"footnotes":""},"categories":[33],"tags":[],"class_list":["post-12443","post","type-post","status-publish","format-standard","has-post-thumbnail","hentry","category-piaui"],"jetpack_featured_media_url":"https:\/\/fatoelado.com\/wp-content\/uploads\/2025\/11\/IMG_0872-2048x1365-1.jpg","_links":{"self":[{"href":"https:\/\/fatoelado.com\/index.php?rest_route=\/wp\/v2\/posts\/12443","targetHints":{"allow":["GET"]}}],"collection":[{"href":"https:\/\/fatoelado.com\/index.php?rest_route=\/wp\/v2\/posts"}],"about":[{"href":"https:\/\/fatoelado.com\/index.php?rest_route=\/wp\/v2\/types\/post"}],"author":[{"embeddable":true,"href":"https:\/\/fatoelado.com\/index.php?rest_route=\/wp\/v2\/users\/3"}],"replies":[{"embeddable":true,"href":"https:\/\/fatoelado.com\/index.php?rest_route=%2Fwp%2Fv2%2Fcomments&post=12443"}],"version-history":[{"count":1,"href":"https:\/\/fatoelado.com\/index.php?rest_route=\/wp\/v2\/posts\/12443\/revisions"}],"predecessor-version":[{"id":12445,"href":"https:\/\/fatoelado.com\/index.php?rest_route=\/wp\/v2\/posts\/12443\/revisions\/12445"}],"wp:featuredmedia":[{"embeddable":true,"href":"https:\/\/fatoelado.com\/index.php?rest_route=\/wp\/v2\/media\/12444"}],"wp:attachment":[{"href":"https:\/\/fatoelado.com\/index.php?rest_route=%2Fwp%2Fv2%2Fmedia&parent=12443"}],"wp:term":[{"taxonomy":"category","embeddable":true,"href":"https:\/\/fatoelado.com\/index.php?rest_route=%2Fwp%2Fv2%2Fcategories&post=12443"},{"taxonomy":"post_tag","embeddable":true,"href":"https:\/\/fatoelado.com\/index.php?rest_route=%2Fwp%2Fv2%2Ftags&post=12443"}],"curies":[{"name":"wp","href":"https:\/\/api.w.org\/{rel}","templated":true}]}}