{"id":12440,"date":"2025-11-09T13:48:33","date_gmt":"2025-11-09T16:48:33","guid":{"rendered":"https:\/\/fatoelado.com\/?p=12440"},"modified":"2025-11-09T13:48:33","modified_gmt":"2025-11-09T16:48:33","slug":"governador-prestigia-1a-corrida-da-alepi-que-destinara-toda-a-arrecadacao-para-instituicoes-sociais","status":"publish","type":"post","link":"https:\/\/fatoelado.com\/?p=12440","title":{"rendered":"Governador prestigia 1\u00aa Corrida da Alepi, que destinar\u00e1 toda a arrecada\u00e7\u00e3o para institui\u00e7\u00f5es sociais"},"content":{"rendered":"<h2 class=\"elementor-heading-title elementor-size-default\" style=\"text-align: center;\">Associa\u00e7\u00e3o Amigo dos Autistas, Lar da Miseric\u00f3rdia, Lar Preciso Viver e Fazenda da Paz s\u00e3o as institui\u00e7\u00f5es beneficiadas.<\/h2>\n<p>&nbsp;<\/p>\n<p>O governador Rafael Fonteles prestigiou, na manh\u00e3 deste domingo (09), a 1\u00aa Corrida da Assembleia Legislativa do Piau\u00ed (Alepi). Toda a arrecada\u00e7\u00e3o do evento ser\u00e1 repassada a quatro institui\u00e7\u00f5es sociais que desenvolvem trabalhos voltados \u00e0 assist\u00eancia e inclus\u00e3o no Piau\u00ed, s\u00e3o elas: Associa\u00e7\u00e3o Amigo dos Autistas, Lar da Miseric\u00f3rdia, Lar Preciso Viver e Fazenda da Paz.<\/p>\n<p>Ao final da prova, o governador destacou a import\u00e2ncia da iniciativa. \u201c\u00c9 impressionante como o povo cada vez mais est\u00e1 querendo cuidar de si, da sua sa\u00fade f\u00edsica e mental. Ent\u00e3o, essa iniciativa \u00e9 muito bem-vinda, ainda mais ajudando quem mais precisa. Parab\u00e9ns ao presidente Severo Eul\u00e1lio e a todos os parlamentares dessa casa por essa iniciativa\u201d, afirmou Rafael Fonteles.<\/p>\n<figure id=\"attachment_97504\" class=\"wp-caption alignnone\" aria-describedby=\"caption-attachment-97504\"><img loading=\"lazy\" decoding=\"async\" class=\"size-full wp-image-97504\" src=\"https:\/\/www.pi.gov.br\/wp-content\/uploads\/2025\/11\/WhatsApp-Image-2025-11-09-at-08.15.16-1.jpeg\" sizes=\"auto, (max-width: 1280px) 100vw, 1280px\" srcset=\"https:\/\/www.pi.gov.br\/wp-content\/uploads\/2025\/11\/WhatsApp-Image-2025-11-09-at-08.15.16-1.jpeg 1280w, https:\/\/www.pi.gov.br\/wp-content\/uploads\/2025\/11\/WhatsApp-Image-2025-11-09-at-08.15.16-1-300x200.jpeg 300w, https:\/\/www.pi.gov.br\/wp-content\/uploads\/2025\/11\/WhatsApp-Image-2025-11-09-at-08.15.16-1-1024x683.jpeg 1024w, https:\/\/www.pi.gov.br\/wp-content\/uploads\/2025\/11\/WhatsApp-Image-2025-11-09-at-08.15.16-1-768x512.jpeg 768w\" alt=\"\" width=\"1280\" height=\"854\" \/><figcaption id=\"caption-attachment-97504\" class=\"wp-caption-text\">Foto: Gabriel Paulino<\/figcaption><\/figure>\n<p>O presidente da Alepi, Severo Eul\u00e1lio, ressaltou que o evento cumpre duplo papel: estimular a pr\u00e1tica esportiva e contribuir para a\u00e7\u00f5es sociais. \u201cNeste ano, quatro institui\u00e7\u00f5es foram escolhidas e ser\u00e3o beneficiadas com esse recurso. E esperamos continuar fazendo esse movimento. Queremos que essa corrida seja fixa no calend\u00e1rio das corridas do Piau\u00ed. E o melhor: sempre ajudando aqueles que mais precisam\u201d, finalizou o presidente.<\/p>\n<figure id=\"attachment_97496\" class=\"wp-caption alignnone\" aria-describedby=\"caption-attachment-97496\"><img loading=\"lazy\" decoding=\"async\" class=\"size-full wp-image-97496\" src=\"https:\/\/www.pi.gov.br\/wp-content\/uploads\/2025\/11\/WhatsApp-Image-2025-11-09-at-08.15.18-1.jpeg\" alt=\"\" width=\"1280\" height=\"854\" \/><figcaption id=\"caption-attachment-97496\" class=\"wp-caption-text\">Foto: Gabriel Paulino<\/p>\n<p>Fonte: Portal pi.Gov<br \/>\nConfira esta e outras mat\u00e9rias na \u00edntegra pelo link: https:\/\/www.pi.gov.br\/governador-prestigia-1a-corrida-da-alepi-que-destinara-toda-a-arrecadacao-para-instituicoes-sociais\/<\/figcaption><\/figure>\n","protected":false},"excerpt":{"rendered":"<p>Associa\u00e7\u00e3o Amigo dos Autistas, Lar da Miseric\u00f3rdia, Lar Preciso Viver e Fazenda da Paz s\u00e3o as institui\u00e7\u00f5es beneficiadas. &nbsp; O governador Rafael Fonteles prestigiou, na manh\u00e3 deste domingo (09), a 1\u00aa Corrida da Assembleia Legislativa do Piau\u00ed (Alepi). Toda a arrecada\u00e7\u00e3o do evento ser\u00e1 repassada a quatro institui\u00e7\u00f5es sociais que desenvolvem trabalhos voltados \u00e0 assist\u00eancia [&hellip;]<\/p>\n","protected":false},"author":3,"featured_media":12441,"comment_status":"open","ping_status":"open","sticky":false,"template":"","format":"standard","meta":{"om_disable_all_campaigns":false,"_monsterinsights_skip_tracking":false,"_monsterinsights_sitenote_active":false,"_monsterinsights_sitenote_note":"","_monsterinsights_sitenote_category":0,"footnotes":""},"categories":[33],"tags":[],"class_list":["post-12440","post","type-post","status-publish","format-standard","has-post-thumbnail","hentry","category-piaui"],"jetpack_featured_media_url":"https:\/\/fatoelado.com\/wp-content\/uploads\/2025\/11\/WhatsApp-Image-2025-11-09-at-08.15.18-1.jpeg","_links":{"self":[{"href":"https:\/\/fatoelado.com\/index.php?rest_route=\/wp\/v2\/posts\/12440","targetHints":{"allow":["GET"]}}],"collection":[{"href":"https:\/\/fatoelado.com\/index.php?rest_route=\/wp\/v2\/posts"}],"about":[{"href":"https:\/\/fatoelado.com\/index.php?rest_route=\/wp\/v2\/types\/post"}],"author":[{"embeddable":true,"href":"https:\/\/fatoelado.com\/index.php?rest_route=\/wp\/v2\/users\/3"}],"replies":[{"embeddable":true,"href":"https:\/\/fatoelado.com\/index.php?rest_route=%2Fwp%2Fv2%2Fcomments&post=12440"}],"version-history":[{"count":1,"href":"https:\/\/fatoelado.com\/index.php?rest_route=\/wp\/v2\/posts\/12440\/revisions"}],"predecessor-version":[{"id":12442,"href":"https:\/\/fatoelado.com\/index.php?rest_route=\/wp\/v2\/posts\/12440\/revisions\/12442"}],"wp:featuredmedia":[{"embeddable":true,"href":"https:\/\/fatoelado.com\/index.php?rest_route=\/wp\/v2\/media\/12441"}],"wp:attachment":[{"href":"https:\/\/fatoelado.com\/index.php?rest_route=%2Fwp%2Fv2%2Fmedia&parent=12440"}],"wp:term":[{"taxonomy":"category","embeddable":true,"href":"https:\/\/fatoelado.com\/index.php?rest_route=%2Fwp%2Fv2%2Fcategories&post=12440"},{"taxonomy":"post_tag","embeddable":true,"href":"https:\/\/fatoelado.com\/index.php?rest_route=%2Fwp%2Fv2%2Ftags&post=12440"}],"curies":[{"name":"wp","href":"https:\/\/api.w.org\/{rel}","templated":true}]}}