{"id":12437,"date":"2025-11-09T13:47:29","date_gmt":"2025-11-09T16:47:29","guid":{"rendered":"https:\/\/fatoelado.com\/?p=12437"},"modified":"2025-11-09T13:47:29","modified_gmt":"2025-11-09T16:47:29","slug":"centro-de-reabilitacao-em-sao-joao-do-piaui-e-referencia-no-tratamento-da-fibromialgia","status":"publish","type":"post","link":"https:\/\/fatoelado.com\/?p=12437","title":{"rendered":"Centro de Reabilita\u00e7\u00e3o em S\u00e3o Jo\u00e3o do Piau\u00ed \u00e9 refer\u00eancia no tratamento da fibromialgia"},"content":{"rendered":"<div class=\"elementor-element elementor-element-282adc7 elementor-widget elementor-widget-heading\" data-id=\"282adc7\" data-element_type=\"widget\" data-widget_type=\"heading.default\">\n<div class=\"elementor-widget-container\">\n<h2 class=\"elementor-heading-title elementor-size-default\" style=\"text-align: center;\">A unidade oferece acompanhamento multidisciplinar a pessoas que convivem com a s\u00edndrome cr\u00f4nica, caracterizada por dores generalizadas e fadiga persistente.<\/h2>\n<\/div>\n<\/div>\n<div class=\"elementor-element elementor-element-fe86f93 e-con-full e-flex e-con e-child\" data-id=\"fe86f93\" data-element_type=\"container\">\n<div class=\"elementor-element elementor-element-4781e67 e-con-full e-flex e-con e-child\" data-id=\"4781e67\" data-element_type=\"container\">\n<div id=\"decrease-font\" class=\"elementor-element elementor-element-b907b64 elementor-widget elementor-widget-button\" data-id=\"b907b64\" data-element_type=\"widget\" data-widget_type=\"button.default\">\n<div class=\"elementor-widget-container\">\n<div class=\"elementor-button-wrapper\"><\/div>\n<\/div>\n<\/div>\n<div id=\"increase-font\" class=\"elementor-element elementor-element-a6d49a7 elementor-widget elementor-widget-button\" data-id=\"a6d49a7\" data-element_type=\"widget\" data-widget_type=\"button.default\">\n<div class=\"elementor-widget-container\">\n<div class=\"elementor-button-wrapper\">\n<p>O Centro Especializado em Reabilita\u00e7\u00e3o (CER II) de S\u00e3o Jo\u00e3o do Piau\u00ed, unidade da Secretaria de Estado da Sa\u00fade do Piau\u00ed (Sesapi) administrada pela Sociedade Brasileira Caminho de Damasco (SBCD), tem se consolidado como refer\u00eancia no atendimento a pacientes com fibromialgia no territ\u00f3rio da Serra da Capivara. A unidade oferece acompanhamento multidisciplinar a pessoas que convivem com a s\u00edndrome cr\u00f4nica, caracterizada por dores generalizadas e fadiga persistente.<\/p>\n<p>Entre as pacientes atendidas est\u00e1 a professora M\u00e1rcia Ferreira de Sousa, de 42 anos. As dores come\u00e7aram h\u00e1 quase duas d\u00e9cadas e, sem diagn\u00f3stico definido, foram se tornando parte da rotina. \u201cAs dores f\u00edsicas afetam a sa\u00fade mental e fragilizam, mas com acompanhamento adequado a gente aprende a se priorizar e a se fortalecer\u201d, relata M\u00e1rcia, que encontrou no CER II n\u00e3o apenas tratamento, mas acolhimento e recome\u00e7o.<\/p>\n<figure id=\"attachment_97328\" class=\"wp-caption alignnone\" aria-describedby=\"caption-attachment-97328\"><img loading=\"lazy\" decoding=\"async\" class=\"wp-image-97328 size-full\" src=\"https:\/\/www.pi.gov.br\/wp-content\/uploads\/2025\/11\/Imagem-do-WhatsApp-de-2025-11-07-as-13.59.28_edd293d0.jpg\" sizes=\"auto, (max-width: 1196px) 100vw, 1196px\" srcset=\"https:\/\/www.pi.gov.br\/wp-content\/uploads\/2025\/11\/Imagem-do-WhatsApp-de-2025-11-07-as-13.59.28_edd293d0.jpg 1196w, https:\/\/www.pi.gov.br\/wp-content\/uploads\/2025\/11\/Imagem-do-WhatsApp-de-2025-11-07-as-13.59.28_edd293d0-300x240.jpg 300w, https:\/\/www.pi.gov.br\/wp-content\/uploads\/2025\/11\/Imagem-do-WhatsApp-de-2025-11-07-as-13.59.28_edd293d0-1024x819.jpg 1024w, https:\/\/www.pi.gov.br\/wp-content\/uploads\/2025\/11\/Imagem-do-WhatsApp-de-2025-11-07-as-13.59.28_edd293d0-768x615.jpg 768w\" alt=\"\" width=\"1196\" height=\"957\" \/><figcaption id=\"caption-attachment-97328\" class=\"wp-caption-text\">Foto: Ascom SBCD<\/figcaption><\/figure>\n<p>De acordo com a Sociedade Brasileira de Reumatologia, cerca de 6,5 milh\u00f5es de brasileiros convivem com a fibromialgia, e mais de 70% s\u00e3o mulheres. Al\u00e9m das dores f\u00edsicas, os sintomas costumam se associar \u00e0 ansiedade e \u00e0 depress\u00e3o, impactando significativamente a qualidade de vida.<\/p>\n<p>A psic\u00f3loga Milca da Silva Pereira, que acompanha pacientes na unidade, destaca que o tratamento vai al\u00e9m do controle da dor. \u201cA fibromialgia \u00e9 uma condi\u00e7\u00e3o real e complexa. O acolhimento psicol\u00f3gico \u00e9 essencial para quebrar o ciclo de sofrimento e promover equil\u00edbrio entre corpo e mente\u201d, explica.<\/p>\n<p>Para a fisioterapeuta e coordenadora do CER II, Mariana Rodrigues, o sucesso do tratamento est\u00e1 na integra\u00e7\u00e3o entre especialidades. \u201cN\u00e3o h\u00e1 cura, mas h\u00e1 caminhos poss\u00edveis. O foco \u00e9 aliviar os sintomas, melhorar a funcionalidade e garantir qualidade de vida\u201d, afirma. Atualmente, outras seis mulheres com fibromialgia tamb\u00e9m recebem acompanhamento no centro.<\/p>\n<p>Com 24 anos dedicados \u00e0 educa\u00e7\u00e3o, M\u00e1rcia diz ter aprendido com a dor uma nova forma de ensinar e inspirar. \u201cSer professora \u00e9 mostrar que, mesmo em meio \u00e0s dificuldades, \u00e9 poss\u00edvel florescer\u201d, resume. Entre consultas, exerc\u00edcios e escuta, ela reencontrou algo essencial: a esperan\u00e7a. \u201cN\u00e3o se julguem incapazes. Busquem ajuda, pratiquem o autocuidado e se amem\u201d,\u00a0aconselha.<\/p>\n<\/div>\n<p>&nbsp;<\/p>\n<p>Fonte: Portal pi.Gov<br \/>\nConfira esta e outras mat\u00e9rias na \u00edntegra pelo link: https:\/\/www.pi.gov.br\/centro-de-reabilitacao-em-sao-joao-do-piaui-e-referencia-no-tratamento-da-fibromialgia\/<\/p>\n<\/div>\n<\/div>\n<\/div>\n<\/div>\n<div class=\"elementor-element elementor-element-e94e84e elementor-widget elementor-widget-html\" data-id=\"e94e84e\" data-element_type=\"widget\" data-widget_type=\"html.default\">\n<div class=\"elementor-widget-container\"><\/div>\n<\/div>\n<div id=\"div_conteudo\" class=\"elementor-element elementor-element-2b45a66 elementor-widget elementor-widget-theme-post-content\" data-id=\"2b45a66\" data-element_type=\"widget\" data-widget_type=\"theme-post-content.default\">\n<div class=\"elementor-widget-container\"><\/div>\n<\/div>\n","protected":false},"excerpt":{"rendered":"<p>A unidade oferece acompanhamento multidisciplinar a pessoas que convivem com a s\u00edndrome cr\u00f4nica, caracterizada por dores generalizadas e fadiga persistente. O Centro Especializado em Reabilita\u00e7\u00e3o (CER II) de S\u00e3o Jo\u00e3o do Piau\u00ed, unidade da Secretaria de Estado da Sa\u00fade do Piau\u00ed (Sesapi) administrada pela Sociedade Brasileira Caminho de Damasco (SBCD), tem se consolidado como refer\u00eancia [&hellip;]<\/p>\n","protected":false},"author":3,"featured_media":12438,"comment_status":"open","ping_status":"open","sticky":false,"template":"","format":"standard","meta":{"om_disable_all_campaigns":false,"_monsterinsights_skip_tracking":false,"_monsterinsights_sitenote_active":false,"_monsterinsights_sitenote_note":"","_monsterinsights_sitenote_category":0,"footnotes":""},"categories":[33,42],"tags":[],"class_list":["post-12437","post","type-post","status-publish","format-standard","has-post-thumbnail","hentry","category-piaui","category-saude"],"jetpack_featured_media_url":"https:\/\/fatoelado.com\/wp-content\/uploads\/2025\/11\/Imagem-do-WhatsApp-de-2025-11-07-as-13.59.28_edd293d0.jpg","_links":{"self":[{"href":"https:\/\/fatoelado.com\/index.php?rest_route=\/wp\/v2\/posts\/12437","targetHints":{"allow":["GET"]}}],"collection":[{"href":"https:\/\/fatoelado.com\/index.php?rest_route=\/wp\/v2\/posts"}],"about":[{"href":"https:\/\/fatoelado.com\/index.php?rest_route=\/wp\/v2\/types\/post"}],"author":[{"embeddable":true,"href":"https:\/\/fatoelado.com\/index.php?rest_route=\/wp\/v2\/users\/3"}],"replies":[{"embeddable":true,"href":"https:\/\/fatoelado.com\/index.php?rest_route=%2Fwp%2Fv2%2Fcomments&post=12437"}],"version-history":[{"count":1,"href":"https:\/\/fatoelado.com\/index.php?rest_route=\/wp\/v2\/posts\/12437\/revisions"}],"predecessor-version":[{"id":12439,"href":"https:\/\/fatoelado.com\/index.php?rest_route=\/wp\/v2\/posts\/12437\/revisions\/12439"}],"wp:featuredmedia":[{"embeddable":true,"href":"https:\/\/fatoelado.com\/index.php?rest_route=\/wp\/v2\/media\/12438"}],"wp:attachment":[{"href":"https:\/\/fatoelado.com\/index.php?rest_route=%2Fwp%2Fv2%2Fmedia&parent=12437"}],"wp:term":[{"taxonomy":"category","embeddable":true,"href":"https:\/\/fatoelado.com\/index.php?rest_route=%2Fwp%2Fv2%2Fcategories&post=12437"},{"taxonomy":"post_tag","embeddable":true,"href":"https:\/\/fatoelado.com\/index.php?rest_route=%2Fwp%2Fv2%2Ftags&post=12437"}],"curies":[{"name":"wp","href":"https:\/\/api.w.org\/{rel}","templated":true}]}}